{"id":152734,"date":"2026-07-20T08:41:09","date_gmt":"2026-07-20T08:41:09","guid":{"rendered":"https:\/\/www.europesays.com\/cz\/152734\/"},"modified":"2026-07-20T08:41:09","modified_gmt":"2026-07-20T08:41:09","slug":"dve-velke-banky-v-cesku-varuji-uz-brzy-se-neprihlasite-do-internetoveho-bankovnictvi-3","status":"publish","type":"post","link":"https:\/\/www.europesays.com\/cz\/152734\/","title":{"rendered":"Dv\u011b velk\u00e9 banky v \u010cesku varuj\u00ed: U\u017e brzy se nep\u0159ihl\u00e1s\u00edte do internetov\u00e9ho bankovnictv\u00ed"},"content":{"rendered":"<p>\n                        Pl\u00e1nujeme n\u011bkolikahodinovou odst\u00e1vku, ozn\u00e1mily banky mBank a Creditas. V ned\u011bli ve\u010der se na n\u011bkolik hodin vypne internetov\u00e9 bankovnictv\u00ed Creditas One. Pro klienty m\u00e1 v\u0161ak p\u0159ipraven\u00e9 n\u00e1hradn\u00ed \u0159e\u0161en\u00ed. U mBank bude odst\u00e1vka je\u0161t\u011b komplikovan\u011bj\u0161\u00ed a lid\u00e9 se nedostanou ani do mobiln\u00ed aplikace.\n                    <\/p>\n<p>Pro klienty mBank bude pl\u00e1novan\u00e1 odst\u00e1vka velkou komplikac\u00ed. Aktualizace a n\u00e1sledn\u00fd restart bankovnictv\u00ed budou provedeny 19. \u010dervence od 2:30 do 9:00. \u201eProto\u017ee ale p\u016fjde o v\u011bt\u0161\u00ed z\u00e1sah do na\u0161ich bankovn\u00edch syst\u00e9m\u016f, nebudou b\u011bhem n\u011bj fungovat n\u011bkter\u00e9 na\u0161e kl\u00ed\u010dov\u00e9 slu\u017eby,\u201c uv\u00e1d\u00ed <a target=\"_blank\" href=\"https:\/\/www.mbank.cz\/blog\/post,1092,planovana-odstavka-19-7-2026.html\" rel=\"nofollow noopener\">mBank<\/a> na sv\u00fdch internetov\u00fdch str\u00e1nk\u00e1ch.<\/p>\n<p>\u010cT\u011aTE TAK\u00c9: <a target=\"_blank\" href=\"https:\/\/cnn.iprima.cz\/ctyricet-stupnu-na-salech-ustecke-nemocnice-at-si-to-jde-vyzkouset-vedeni-sopti-pracovnici-517226\" rel=\"nofollow noopener\">A\u017e 40 \u00b0C na s\u00e1lech \u00fasteck\u00e9 nemocnice. Leje z n\u00e1s, a\u0165 si to vyzkou\u0161\u00ed i veden\u00ed, sopt\u00ed pracovn\u00edci<\/a><\/p>\n<p>V dob\u011b odst\u00e1vky nep\u016fjdou internetov\u00e9 bankovnictv\u00ed, mobiln\u00ed aplikace, odes\u00edl\u00e1n\u00ed a p\u0159ij\u00edm\u00e1n\u00ed plateb, syst\u00e9m \u017e\u00e1dost\u00ed o produkty, SMS \u010di mLinka. Po skon\u010den\u00ed restartu budou muset klienti aktualizovat str\u00e1nku internetov\u00e9ho bankovnictv\u00ed. To ud\u011blaj\u00ed kombinac\u00ed kl\u00e1ves Ctrl+F5.<\/p>\n<p class=\"intro-title-mobile\">\n        \u010ct\u011bte tak\u00e9\n    <\/p>\n<p>        <a href=\"https:\/\/cnn.iprima.cz\/zabery-meteotsunami-v-chorvatsku-uderilo-letni-monstrum-turiste-v-panice-utikali-517200\" class=\"image-link\" rel=\"nofollow noopener\" target=\"_blank\"><\/p>\n<p>            <img decoding=\"async\" loading=\"lazy\" class=\"image\" src=\"https:\/\/www.europesays.com\/cz\/wp-content\/uploads\/2026\/07\/1784477133_422_37e18da7d0db39785cf4d4ff20b2a649.jpg\" alt=\"Bou\u0159ka v Z\u00e1h\u0159ebu v \u010dervenci 2023\"\/><\/p>\n<p>            <\/a><\/p>\n<p class=\"intro-title-desktop\">\n            \u010ct\u011bte tak\u00e9\n        <\/p>\n<p>                <a href=\"https:\/\/cnn.iprima.cz\/zabery-meteotsunami-v-chorvatsku-uderilo-letni-monstrum-turiste-v-panice-utikali-517200\" class=\"title-link\" rel=\"nofollow noopener\" target=\"_blank\"><\/p>\n<p class=\"title\">\n                Z\u00e1b\u011bry meteotsunami v Chorvatsku: Ude\u0159ilo \u201eletn\u00ed monstrum\u201c. Turist\u00e9 v panice ut\u00edkali\n            <\/p>\n<p>        <\/a><\/p>\n<p>                                                                                                16. \u010dvc 2026, 12:11<\/p>\n<p>                6 min \u010dten\u00ed<\/p>\n<p>\u201eP\u0159edem se omlouv\u00e1me za zp\u016fsoben\u00e9 probl\u00e9my. V\u00edme, \u017ee v dob\u011b bezhotovostn\u00ed nejde o drobnou nep\u0159\u00edjemnost. Okam\u017eit\u00fd p\u0159\u00edstup k pen\u011bz\u016fm na va\u0161em b\u011b\u017en\u00e9m \u00fa\u010dtu kdykoliv a kdekoliv by m\u011bl b\u00fdt naprostou samoz\u0159ejmost\u00ed. Budeme se sna\u017eit v\u0161echny syst\u00e9my znovu zprovoznit co nejrychleji,\u201c uv\u00e1d\u00ed banka.<\/p>\n<p>Nep\u0159\u00edjemnou odst\u00e1vku za\u017eij\u00ed tak\u00e9 klienti banky Creditas. Banka o tom <a target=\"_blank\" href=\"https:\/\/www.creditas.cz\" rel=\"nofollow noopener\">informuje <\/a>na sv\u00e9m webu. \u201eDne 19. \u010dervence 2026 od 21:00 do 00:00 bude nedostupn\u00e9 internetov\u00e9 bankovnictv\u00ed CREDITAS One,\u201c uv\u00e1d\u00ed banka.<\/p>\n<p>Lid\u00e9 se ke sv\u00fdm financ\u00edm mohou dostat b\u011bhem odst\u00e1vky p\u0159es mobiln\u00ed aplikaci Creditas One. \u201eTa bude pln\u011b funk\u010dn\u00ed a bez omezen\u00ed,\u201c dod\u00e1v\u00e1 banka.<\/p>\n<p>Bankovnictv\u00ed Creditas pro\u0161lo ned\u00e1vno zm\u011bnou<\/p>\n<p>D\u016fvodem m\u00e1 b\u00fdt technologick\u00e1 \u00fadr\u017eba internetov\u00e9ho bankovnictv\u00ed. Nov\u00e1 platforma se p\u0159itom zav\u00e1d\u011bla na za\u010d\u00e1tku \u010dervence a dotkla se v\u011bt\u0161iny klient\u016f. Creditas One m\u011bla p\u0159in\u00e9st rychlej\u0161\u00ed v\u00fdvoj slu\u017eeb. \u201eNov\u00e1 platforma umo\u017en\u00ed p\u0159edev\u0161\u00edm rychlej\u0161\u00ed uv\u00e1d\u011bn\u00ed nov\u00fdch produkt\u016f a funkcionalit, vy\u0161\u0161\u00ed m\u00edru automatizace proces\u016f, lep\u0161\u00ed pr\u00e1ci s daty a personalizaci slu\u017eeb \u010di efektivn\u011bj\u0161\u00ed integraci budouc\u00edch zahrani\u010dn\u00edch aktivit skupiny,\u201c uvedla \u010dlenka p\u0159edstavenstva a \u0159editelka retailov\u00e9ho bankovnictv\u00ed Ivana P\u00edckov\u00e1 b\u011bhem zav\u00e1d\u011bn\u00ed platformy.<\/p>\n<p>Banka Creditas vznikla v roce 1996 jako 1. t\u0159eb\u00ed\u010dsk\u00e1 z\u00e1lo\u017ena. Do konce roku 2016 byla nejv\u011bt\u0161\u00ed tuzemskou z\u00e1lo\u017enou a od 1. ledna 2017 se stala bankou. Je sou\u010d\u00e1st\u00ed investi\u010dn\u00ed skupiny Creditas. Skupina Banka Creditas v p\u0159edlo\u0148sk\u00e9m roce p\u0159evzala Max banku (d\u0159\u00edve Expobank CZ), vloni pak vstoupila na evropsk\u00fd bankovn\u00ed trh akvizic\u00ed bankovn\u00ed skupiny MeDirect, kter\u00e1 p\u016fsob\u00ed na Malt\u011b a v Belgii. Vlastn\u00edkem Banky Creditas je rodina miliard\u00e1\u0159e Pavla Hub\u00e1\u010dka.<\/p>\n<p>MOHLO V\u00c1M UNIKNOUT: <a target=\"_blank\" href=\"https:\/\/cnn.iprima.cz\/krusne-rano-na-d1-horici-dodavka-a-retezova-nehoda-zablokovaly-dalnici-ve-smeru-na-brno-517320\" rel=\"nofollow noopener\">\u0158idi\u010d vlet\u011bl do kolony aut, dod\u00e1vku zachv\u00e1tily plameny. Hromadn\u00e1 nehoda zablokovala D1.<\/a><\/p>\n<p class=\"!text-semibold-14-14 !text-black mb-0 mt-2\">\n                V\u011bnuje se p\u0159ev\u00e1\u017en\u011b ekonomick\u00fdm t\u00e9mat\u016fm z oblasti bydlen\u00ed, energetiky a mobiln\u00edch oper\u00e1tor\u016f. Rovn\u011b\u017e sleduje politick\u00e9 d\u011bn\u00ed na tuzemsk\u00e9 sc\u00e9n\u011b. Vystudoval medi\u00e1ln\u00ed studia na Metropolitn\u00ed univerzit\u011b v Praze. Od roku 2016 p\u016fsobil jako redaktor v Echo24, T\u00fdden\u00edku Echo a Business Monitor 24. Do redakce CNN Prima NEWS nastoupil v polovin\u011b roku 2022. (Ladislav.Sustr@iprima.cz)\n            <\/p>\n","protected":false},"excerpt":{"rendered":"Pl\u00e1nujeme n\u011bkolikahodinovou odst\u00e1vku, ozn\u00e1mily banky mBank a Creditas. V ned\u011bli ve\u010der se na n\u011bkolik hodin vypne internetov\u00e9 bankovnictv\u00ed&hellip;\n","protected":false},"author":2,"featured_media":151915,"comment_status":"","ping_status":"","sticky":false,"template":"","format":"standard","meta":{"footnotes":"","_share_on_mastodon":"0"},"categories":[12],"tags":[11611,18262,5671,892,67,68,708,34109,11108,12754,34469,38688,2887,38687,25009,28568,38689,2886,29185],"class_list":["post-152734","post","type-post","status-publish","format-standard","has-post-thumbnail","category-byznys","tag-banka","tag-banka-creditas","tag-bankovnictvi","tag-belgie","tag-business","tag-byznys","tag-ekonomika","tag-financni-sluzby","tag-internetove-bankovnictvi","tag-malta","tag-masarykova-nemocnice-v-usti-nad-labem","tag-o-z","tag-obchod-a-finance","tag-obchodni-sluzba","tag-obchodni-spolecnosti","tag-pavel-hubacek","tag-platebni-sluzby","tag-produkty-a-sluzby","tag-vypocetni-a-informacni-technologie"],"share_on_mastodon":{"url":"https:\/\/pubeurope.com\/@cz\/116951416558040816","error":""},"_links":{"self":[{"href":"https:\/\/www.europesays.com\/cz\/wp-json\/wp\/v2\/posts\/152734","targetHints":{"allow":["GET"]}}],"collection":[{"href":"https:\/\/www.europesays.com\/cz\/wp-json\/wp\/v2\/posts"}],"about":[{"href":"https:\/\/www.europesays.com\/cz\/wp-json\/wp\/v2\/types\/post"}],"author":[{"embeddable":true,"href":"https:\/\/www.europesays.com\/cz\/wp-json\/wp\/v2\/users\/2"}],"replies":[{"embeddable":true,"href":"https:\/\/www.europesays.com\/cz\/wp-json\/wp\/v2\/comments?post=152734"}],"version-history":[{"count":0,"href":"https:\/\/www.europesays.com\/cz\/wp-json\/wp\/v2\/posts\/152734\/revisions"}],"wp:featuredmedia":[{"embeddable":true,"href":"https:\/\/www.europesays.com\/cz\/wp-json\/wp\/v2\/media\/151915"}],"wp:attachment":[{"href":"https:\/\/www.europesays.com\/cz\/wp-json\/wp\/v2\/media?parent=152734"}],"wp:term":[{"taxonomy":"category","embeddable":true,"href":"https:\/\/www.europesays.com\/cz\/wp-json\/wp\/v2\/categories?post=152734"},{"taxonomy":"post_tag","embeddable":true,"href":"https:\/\/www.europesays.com\/cz\/wp-json\/wp\/v2\/tags?post=152734"}],"curies":[{"name":"wp","href":"https:\/\/api.w.org\/{rel}","templated":true}]}}