{"id":153584,"date":"2026-07-21T04:46:10","date_gmt":"2026-07-21T04:46:10","guid":{"rendered":"https:\/\/www.europesays.com\/cz\/153584\/"},"modified":"2026-07-21T04:46:10","modified_gmt":"2026-07-21T04:46:10","slug":"usa-podesate-v-rade-bombardovaly-iran","status":"publish","type":"post","link":"https:\/\/www.europesays.com\/cz\/153584\/","title":{"rendered":"USA podes\u00e1t\u00e9 v\u00a0\u0159ad\u011b bombardovaly \u00cdr\u00e1n"},"content":{"rendered":"<p class=\"c_bB\">\u201eAmerick\u00e9 \u00fadery zas\u00e1hly velitelsk\u00e1 stanovi\u0161t\u011b, syst\u00e9my protivzdu\u0161n\u00e9 obrany, odpali\u0161t\u011b balistick\u00fdch st\u0159el a\u00a0dron\u016f a\u00a0n\u00e1mo\u0159n\u00ed kapacity \u00edr\u00e1nsk\u00fdch sil. C\u00edlem \u00fader\u016f je d\u00e1le omezit vojensk\u00e9 kapacity, kter\u00e9 Teher\u00e1n pou\u017e\u00edv\u00e1 k\u00a0\u00fatok\u016fm na obchodn\u00ed lod\u011b v\u00a0Hormuzsk\u00e9m pr\u016flivu,\u201c ozn\u00e1milo na s\u00edti <a data-dot=\"atm-link\" target=\"_blank\" rel=\"noopener nofollow\" href=\"https:\/\/x.com\/CENTCOM\/status\/2079375365743530139\" class=\"c_N\">X<\/a> velitelstv\u00ed americk\u00fdch sil na Bl\u00edzk\u00e9m v\u00fdchod\u011b (CENTCOM).<\/p>\n<p class=\"c_bB\">N\u00e1lety zaznamenali obyvatel\u00e9 v\u00a0oblastech kolem m\u011bst Bandar Abb\u00e1s, \u010c\u00e1hbah\u00e1r a\u00a0Kon\u00e1rak. Protivzdu\u0161n\u00e1 obrana zasahovala proti n\u00e1letu tak\u00e9 v\u00a0bl\u00edzkosti jadern\u00e9 elektr\u00e1rny v\u00a0B\u00fa\u0161ehru, p\u0159ipomn\u011bl web <a data-dot=\"atm-link\" target=\"_blank\" rel=\"noopener nofollow\" href=\"https:\/\/www.iranintl.com\/en\/202607206614\" class=\"c_N\">Iran International<\/a>.<\/p>\n<p class=\"c_bB\">\u00cdr\u00e1nsk\u00e9 odvetn\u00e9 \u00fatoky m\u00ed\u0159ily na americk\u00e9 vojensk\u00e9 z\u00e1kladny v\u00a0Kuvajtu, kde na vojensk\u00e9m leti\u0161ti Al\u00ed S\u00e1lim zas\u00e1hly hang\u00e1r s\u00a0bojov\u00fdmi drony MQ-9\u00a0Reaper a\u00a0tak\u00e9 raketov\u00e9 syst\u00e9my na z\u00e1kladn\u011b Ar\u00edfd\u017e\u00e1n a\u00a0americk\u00e1 radarov\u00e1 a\u00a0komunika\u010dn\u00ed za\u0159\u00edzen\u00ed,&#8220; citovala prohl\u00e1\u0161en\u00ed \u00cdr\u00e1nsk\u00fdch revolu\u010dn\u00edch gard \u00edr\u00e1nsk\u00e1 st\u00e1tn\u00ed agentura <a data-dot=\"atm-link\" target=\"_blank\" rel=\"noopener nofollow\" href=\"https:\/\/en.mehrnews.com\/news\/246328\/Iran-Army-attacks-US-logistics-hub-airbase-in-Kuwait\" class=\"c_N\">Mehr<\/a>.<\/p>\n<p class=\"c_bB\">V Bahrajnu pak \u00cdr\u00e1nci \u00fato\u010dili na syst\u00e9my protivzdu\u0161n\u00e9 obrany Patriot na leteck\u00e9 z\u00e1kladn\u011b Riff\u00e1 a\u00a0obdobn\u00e9 syst\u00e9my na leti\u0161ti Muharrak, informovala televize <a data-dot=\"atm-link\" target=\"_blank\" rel=\"noopener nofollow\" href=\"https:\/\/aje.news\/gcmk7h?update=4791911\" class=\"c_N\">Al Jazeera<\/a>.<\/p>\n<p class=\"c_bB\">Gardy tak\u00e9 ozn\u00e1mily, \u017ee na dvou ropn\u00fdch tankerech v\u00a0Hormuzsk\u00e9m pr\u016flivu vypukly v\u00a0d\u016fsledku v\u00fdbuch\u016f po\u017e\u00e1ry. V\u00a0prohl\u00e1\u0161en\u00ed uvedly, \u017ee tankery se sna\u017eily proplout takzvanou ji\u017en\u00ed trasou, kterou \u00cdr\u00e1n pova\u017euje za nez\u00e1konnou.<\/p>\n<p class=\"c_bB\">Teher\u00e1n v\u00a0minulosti vymezil trasy, kter\u00fdmi lze po koordinaci s\u00a0gardami bezpe\u010dn\u011b proplout. Tyto cesty vedou pod\u00e9l pob\u0159e\u017e\u00ed ostrova L\u00e1rak, kter\u00fd le\u017e\u00ed v\u00a0severn\u00ed \u010d\u00e1sti pr\u016flivu.<\/p>\n<p class=\"c_bB\">Podle britsk\u00e9 n\u00e1mo\u0159n\u00ed slu\u017eby (UKMTO), kterou citoval server <a data-dot=\"atm-link\" target=\"_blank\" rel=\"noopener nofollow\" href=\"https:\/\/www.cnn.com\/2026\/07\/20\/world\/live-news\/iran-war-trump?post-id=cmrtzaahb00003b6vzdi3j3kp\" class=\"c_N\">CNN<\/a>, zas\u00e1hl projektil nezn\u00e1m\u00e9ho p\u016fvodu tanker pluj\u00edc\u00ed v\u00a0Om\u00e1nsk\u00e9m z\u00e1livu\u00a0u\u00a0Hormuzsk\u00e9ho pr\u016flivu. Incident se stal v\u00a0pond\u011bl\u00ed 14\u00a0kilometr\u016f severov\u00fdchodn\u011b od obce L\u00edm\u00e1, le\u017e\u00edc\u00ed na poloostrov\u011b R\u00e1s Musandam. Ze sd\u011blen\u00ed nen\u00ed z\u0159ejm\u00e9, zda je zasa\u017een\u00fd tanker jedn\u00edm z\u00a0plavidel zm\u00edn\u011bn\u00fdch gardami.<\/p>\n<p class=\"c_bB\">Konflikt mezi Washingtonem a\u00a0Teher\u00e1nem, kter\u00fd za\u010dal americko-izraelsk\u00fdmi \u00fadery na \u00cdr\u00e1n koncem \u00fanora, v\u00a0minul\u00fdch m\u011bs\u00edc\u00edch utlumilo p\u0159\u00edm\u011b\u0159\u00ed a\u00a0n\u00e1sledn\u011b i\u00a0podepsan\u00e9 memorandum o\u00a0porozum\u011bn\u00ed.<\/p>\n<p class=\"c_bB\">Sporn\u00fdm bodem nicm\u00e9n\u011b z\u016fst\u00e1vala ot\u00e1zka spr\u00e1vy Hormuzsk\u00e9ho pr\u016flivu, kter\u00fd je kl\u00ed\u010dovou n\u00e1mo\u0159n\u00ed trasou pro p\u0159epravu ropy a\u00a0plynu. Tento m\u011bs\u00edc se ob\u010dasn\u00e9 vojensk\u00e9 st\u0159ety op\u011bt prom\u011bnily v\u00a0ka\u017edodenn\u00ed \u00fatoky, kdy USA prov\u00e1d\u011bj\u00ed \u00fadery p\u0159edev\u0161\u00edm na jihu \u00cdr\u00e1nu a\u00a0Teher\u00e1n v\u00a0odvet\u011b \u00fato\u010d\u00ed na arabsk\u00e9 spojence Spojen\u00fdch st\u00e1t\u016f v\u00a0regionu.<\/p>\n<p><a data-dot=\"atm-link\" target=\"_self\" href=\"https:\/\/www.novinky.cz\/clanek\/zahranicni-blizky-a-stredni-vychod-pentagon-neinformoval-o-desitkach-vojaku-zranenych-ve-valce-s-iranem-40588936\" class=\"c_N\" rel=\"nofollow noopener\"><img fetchpriority=\"high\" height=\"2160\" width=\"3840\" src=\"https:\/\/www.europesays.com\/cz\/wp-content\/uploads\/2026\/07\/1784564893_110_a957.jpeg\" loading=\"eager\" decoding=\"sync\" class=\"c_t c_r\"\/><\/a><\/p>\n","protected":false},"excerpt":{"rendered":"\u201eAmerick\u00e9 \u00fadery zas\u00e1hly velitelsk\u00e1 stanovi\u0161t\u011b, syst\u00e9my protivzdu\u0161n\u00e9 obrany, odpali\u0161t\u011b balistick\u00fdch st\u0159el a\u00a0dron\u016f a\u00a0n\u00e1mo\u0159n\u00ed kapacity \u00edr\u00e1nsk\u00fdch sil. C\u00edlem \u00fader\u016f&hellip;\n","protected":false},"author":2,"featured_media":153585,"comment_status":"","ping_status":"","sticky":false,"template":"","format":"standard","meta":{"footnotes":"","_share_on_mastodon":"0"},"categories":[11],"tags":[7480,808,7825,7301,10181,54,113,53,52],"class_list":["post-153584","post","type-post","status-publish","format-standard","has-post-thumbnail","category-svet","tag-bahrajn","tag-iran","tag-konflikt-usa-izrael-iran","tag-kuvajt","tag-nalety","tag-svet","tag-usa","tag-world","tag-world-news"],"share_on_mastodon":{"url":"https:\/\/pubeurope.com\/@cz\/116956154521344218","error":""},"_links":{"self":[{"href":"https:\/\/www.europesays.com\/cz\/wp-json\/wp\/v2\/posts\/153584","targetHints":{"allow":["GET"]}}],"collection":[{"href":"https:\/\/www.europesays.com\/cz\/wp-json\/wp\/v2\/posts"}],"about":[{"href":"https:\/\/www.europesays.com\/cz\/wp-json\/wp\/v2\/types\/post"}],"author":[{"embeddable":true,"href":"https:\/\/www.europesays.com\/cz\/wp-json\/wp\/v2\/users\/2"}],"replies":[{"embeddable":true,"href":"https:\/\/www.europesays.com\/cz\/wp-json\/wp\/v2\/comments?post=153584"}],"version-history":[{"count":0,"href":"https:\/\/www.europesays.com\/cz\/wp-json\/wp\/v2\/posts\/153584\/revisions"}],"wp:featuredmedia":[{"embeddable":true,"href":"https:\/\/www.europesays.com\/cz\/wp-json\/wp\/v2\/media\/153585"}],"wp:attachment":[{"href":"https:\/\/www.europesays.com\/cz\/wp-json\/wp\/v2\/media?parent=153584"}],"wp:term":[{"taxonomy":"category","embeddable":true,"href":"https:\/\/www.europesays.com\/cz\/wp-json\/wp\/v2\/categories?post=153584"},{"taxonomy":"post_tag","embeddable":true,"href":"https:\/\/www.europesays.com\/cz\/wp-json\/wp\/v2\/tags?post=153584"}],"curies":[{"name":"wp","href":"https:\/\/api.w.org\/{rel}","templated":true}]}}