{"id":153590,"date":"2026-07-21T04:56:14","date_gmt":"2026-07-21T04:56:14","guid":{"rendered":"https:\/\/www.europesays.com\/cz\/153590\/"},"modified":"2026-07-21T04:56:14","modified_gmt":"2026-07-21T04:56:14","slug":"pres-dvacet-hodin-ve-vlaku-leo-express-spusti-linku-premysl-frankfurt-se-tremi-vozy","status":"publish","type":"post","link":"https:\/\/www.europesays.com\/cz\/153590\/","title":{"rendered":"P\u0159es dvacet hodin ve vlaku. Leo Express spust\u00ed linku P\u0159emy\u0161l \u2013 Frankfurt se t\u0159emi vozy"},"content":{"rendered":"<p>\n                                        J\u00edzdn\u00ed \u0159\u00e1d zat\u00edm po\u010d\u00edt\u00e1 s provozem v cel\u00e9 d\u00e9lce jen na m\u011bs\u00edc.                                     <\/p>\n<p>Spole\u010dnost Leo Express nab\u00eddne od 31. \u010dervence jedno z nejdel\u0161\u00edch \u017eelezni\u010dn\u00edch spojen\u00ed v Evrop\u011b. Vyjede po v\u00edce ne\u017e 1300 kilometr\u016f dlouh\u00e9 trase mezi polsk\u00fdm m\u011bstem P\u0159emy\u0161l a n\u011bmeck\u00fdm Frankfurtem.<\/p>\n<p>Novou linku dopravce ohl\u00e1sil u\u017e na po\u010d\u00e1tku roku, 25. \u010dervna na trasu vyrazil ve zkr\u00e1cen\u00e9 verzi z Bohum\u00edna do Frankfurtu. D\u016fvodem byly spory o kapacitu v Polsku, kde se proti p\u0159id\u011blen\u00ed trasy postavil polsk\u00fd st\u00e1tn\u00ed dopravce PKP Intercity. Po Polsku tak jezdily v trase autobusy. Takzvan\u00fd test hospod\u00e1\u0159sk\u00e9 vyv\u00e1\u017eenosti ji\u017e prob\u011bhl, vlaky tak mohou jet i na polsk\u00e9 stran\u011b. Zve\u0159ejn\u011bn\u00fd j\u00edzdn\u00ed \u0159\u00e1d ale po\u010d\u00edt\u00e1 se spojen\u00edm v cel\u00e9 d\u00e9lce jen do konce srpna, pak je linka op\u011bt zkr\u00e1cena jen na \u00fasek Bohum\u00edn \u2013 Frankfurt.<\/p>\n<p><a href=\"https:\/\/zdopravy.cz\/pres-polsko-autobusem-v-nemecku-vyluky-leo-express-musel-predelat-plany-na-linku-pres-pulku-evropy-286699\/\" rel=\"nofollow noopener\" target=\"_blank\">P\u0159es Polsko autobusem, v N\u011bmecku v\u00fdluky. Leo Express musel p\u0159ed\u011blat pl\u00e1ny na linku p\u0159es p\u016flku Evropy<\/a><\/p>\n<p>Oproti p\u016fvodn\u00edmu j\u00edzdn\u00edmu \u0159\u00e1du doch\u00e1z\u00ed k prodlou\u017een\u00ed j\u00edzdn\u00edch dob. Vlak z P\u0159emy\u0161le vyr\u00e1\u017e\u00ed ve 12:04, ve Frankfurtu bude v 7:22 n\u00e1sleduj\u00edc\u00ed den, tedy po v\u00edce ne\u017e 19 hodin\u00e1ch. Zp\u011bt je cesta je\u0161t\u011b pomalej\u0161\u00ed. Z Frankfurtu odjede v 15:03, v P\u0159emy\u0161li bude v 11:25, tedy po v\u00edce ne\u017e dvaceti hodin\u00e1ch na cest\u011b. <a href=\"https:\/\/www.leoexpress.com\/cs\/kam-jezdime\/jizdni-rady\/vlak\/vlak-frankfurt-drazdany-praha-krakov-premysl\" target=\"_blank\" rel=\"noopener nofollow\">J\u00edzdn\u00ed \u0159\u00e1d je zde<\/a>.<\/p>\n<p>Leo Express bude na trase jezdit se t\u0159emi vozy, jeden z nich je leh\u00e1tkov\u00fd. Jde o pou\u017eit\u00e9 vozy po Deutsche Bahn, kter\u00e9 pro\u0161ly modernizac\u00ed. Cestuj\u00edc\u00ed si mohou zvolit m\u00edsto ve sm\u00ed\u0161en\u00e9m nebo d\u00e1msk\u00e9m kup\u00e9. \u00a0Spu\u0161t\u011bn\u00edm spojen\u00ed a\u017e do P\u0159emy\u0161le napl\u0148ujeme na\u0161i vizi budov\u00e1n\u00ed mezin\u00e1rodn\u00edch \u017eelezni\u010dn\u00edch spojen\u00ed. P\u0159emy\u0161l je p\u0159irozenou vstupn\u00ed branou na Ukrajinu a z\u00e1rove\u0148 d\u016fle\u017eit\u00fdm dopravn\u00edm uzlem ve v\u00fdchodn\u00edm Polsku. Tato linka usnadn\u00ed cestov\u00e1n\u00ed tis\u00edc\u016fm lid\u00ed a pos\u00edl\u00ed propojen\u00ed z\u00e1padn\u00ed a v\u00fdchodn\u00ed Evropy,\u201d \u0159\u00edk\u00e1 Peter K\u00f6hler, gener\u00e1ln\u00ed \u0159editel Leo Express.<\/p>\n<p>Vzhledem k v\u00fdluk\u00e1m na n\u011bmeck\u00e9m \u00fazem\u00ed se j\u00edzdn\u00ed \u0159\u00e1d pro jednotliv\u00e9 dny m\u016f\u017ee m\u011bnit, dopravce doporu\u010duje cestuj\u00edc\u00edm sledovat konkr\u00e9tn\u00ed odjezdov\u00e9 \u010dasy v rezerva\u010dn\u00edm syst\u00e9mu.<\/p>\n<p>\u00a0<\/p>\n<p>                                                        Tagy<\/p>\n<p>                                                                                                                                                                                                                            <a href=\"https:\/\/zdopravy.cz\/tag\/leo-express\/\" type=\"button\" class=\"btn btn-secondary mb-1 btn-sm\" rel=\"nofollow noopener\" target=\"_blank\"><br \/>\n                                                                LEO Express                                                            <\/a><br \/>\n                                                                                                                                                                                                                                <a href=\"https:\/\/zdopravy.cz\/tag\/premysl-frankfurt\/\" type=\"button\" class=\"btn btn-secondary mb-1 btn-sm\" rel=\"nofollow noopener\" target=\"_blank\"><br \/>\n                                                                P\u0159emy\u0161l &#8211; Frankfurt                                                            <\/a><\/p>\n<p>                                                <a href=\"https:\/\/zdopravy.cz\/pres-dvacet-hodin-ve-vlaku-leo-express-spusti-linku-premysl-frankfurt-se-tremi-vozy-289748\/?comments=1#comments\" class=\"ml-3 text-body mb-3 mt-4 d-inline-block\" rel=\"nofollow noopener\" target=\"_blank\"><\/p>\n<p>                                                    50 koment\u00e1\u0159\u016f                                                <\/a><\/p>\n","protected":false},"excerpt":{"rendered":"J\u00edzdn\u00ed \u0159\u00e1d zat\u00edm po\u010d\u00edt\u00e1 s provozem v cel\u00e9 d\u00e9lce jen na m\u011bs\u00edc. Spole\u010dnost Leo Express nab\u00eddne od 31.&hellip;\n","protected":false},"author":2,"featured_media":153591,"comment_status":"","ping_status":"","sticky":false,"template":"","format":"standard","meta":{"footnotes":"","_share_on_mastodon":"0"},"categories":[7],"tags":[43,42,41,40,116,39037,119],"class_list":["post-153590","post","type-post","status-publish","format-standard","has-post-thumbnail","category-cesko","tag-ceska-republika","tag-cesko","tag-czech-republic","tag-czechia","tag-leo-express","tag-premysl-frankfurt","tag-seznam"],"share_on_mastodon":{"url":"https:\/\/pubeurope.com\/@cz\/116956193525641622","error":""},"_links":{"self":[{"href":"https:\/\/www.europesays.com\/cz\/wp-json\/wp\/v2\/posts\/153590","targetHints":{"allow":["GET"]}}],"collection":[{"href":"https:\/\/www.europesays.com\/cz\/wp-json\/wp\/v2\/posts"}],"about":[{"href":"https:\/\/www.europesays.com\/cz\/wp-json\/wp\/v2\/types\/post"}],"author":[{"embeddable":true,"href":"https:\/\/www.europesays.com\/cz\/wp-json\/wp\/v2\/users\/2"}],"replies":[{"embeddable":true,"href":"https:\/\/www.europesays.com\/cz\/wp-json\/wp\/v2\/comments?post=153590"}],"version-history":[{"count":0,"href":"https:\/\/www.europesays.com\/cz\/wp-json\/wp\/v2\/posts\/153590\/revisions"}],"wp:featuredmedia":[{"embeddable":true,"href":"https:\/\/www.europesays.com\/cz\/wp-json\/wp\/v2\/media\/153591"}],"wp:attachment":[{"href":"https:\/\/www.europesays.com\/cz\/wp-json\/wp\/v2\/media?parent=153590"}],"wp:term":[{"taxonomy":"category","embeddable":true,"href":"https:\/\/www.europesays.com\/cz\/wp-json\/wp\/v2\/categories?post=153590"},{"taxonomy":"post_tag","embeddable":true,"href":"https:\/\/www.europesays.com\/cz\/wp-json\/wp\/v2\/tags?post=153590"}],"curies":[{"name":"wp","href":"https:\/\/api.w.org\/{rel}","templated":true}]}}