{"id":153771,"date":"2026-07-21T08:13:10","date_gmt":"2026-07-21T08:13:10","guid":{"rendered":"https:\/\/www.europesays.com\/cz\/153771\/"},"modified":"2026-07-21T08:13:10","modified_gmt":"2026-07-21T08:13:10","slug":"stavkova-pohotovost-nas-provoz-neomezi-ujistuje-letiste-praha","status":"publish","type":"post","link":"https:\/\/www.europesays.com\/cz\/153771\/","title":{"rendered":"St\u00e1vkov\u00e1 pohotovost n\u00e1\u0161 provoz neomez\u00ed, uji\u0161\u0165uje leti\u0161t\u011b Praha"},"content":{"rendered":"<p class=\"e_bX\">P\u011bt odborov\u00fdch organizac\u00ed, kter\u00e9 p\u016fsob\u00ed na pra\u017esk\u00e9m leti\u0161ti a\u00a0v \u010cSA Handling, vyhl\u00e1silo st\u00e1vkovou pohotovost kv\u016fli v\u00fdb\u011bru Radom\u00edra La\u0161\u00e1ka na pozici p\u0159edsedy p\u0159edstavenstva Leti\u0161t\u011b Praha. Potrv\u00e1 ode dne\u0161ka do odvol\u00e1n\u00ed, p\u0159\u00edpadn\u011b do p\u0159echodu na jinou formu protestu. Sv\u016fj krok od\u016fvodnili i\u00a0obavou o\u00a0budouc\u00ed sm\u011b\u0159ov\u00e1n\u00ed a\u00a0rozvoj leti\u0161t\u011b a\u00a0rovn\u011b\u017e o\u00a0stabilitu zam\u011bstnanosti na leti\u0161ti. Samotn\u00fd provoz leti\u0161t\u011b st\u00e1vkov\u00e1 pohotovost neovlivnila. <\/p>\n<p class=\"e_bX\">\u201eJ\u00e1 za leti\u0161t\u011b m\u016f\u017eu \u0159\u00edct, \u017ee ta situace nem\u00e1 \u017e\u00e1dn\u00fd dopad na provoz. Leti\u0161t\u011b funguje ve standardn\u00edm re\u017eimu, cestuj\u00edc\u00ed se nemus\u00ed nijak ob\u00e1vat,\u201c \u0159ekla redakci Seznam Zpr\u00e1vy mluv\u010d\u00ed leti\u0161t\u011b Denisa Hejtm\u00e1nkov\u00e1. <\/p>\n<p>Co je st\u00e1vkov\u00e1 pohotovost?<\/p>\n<p class=\"e_bX\">St\u00e1vkov\u00e1 pohotovost je form\u00e1ln\u00ed varovn\u00fd sign\u00e1l odborov\u00fdch organizac\u00ed, kter\u00fdm zam\u011bstnanci upozor\u0148uj\u00ed zam\u011bstnavatele, vl\u00e1du nebo ve\u0159ejnost na to, \u017ee jsou p\u0159ipraveni vyhl\u00e1sit ostrou st\u00e1vku, pokud nebudou spln\u011bny jejich po\u017eadavky.<\/p>\n<p class=\"e_bX\">Jde o\u00a0n\u00e1tlakov\u00fd a\u00a0komunika\u010dn\u00ed prost\u0159edek, kter\u00fd prob\u00edh\u00e1 podle n\u00e1sleduj\u00edc\u00edch specifik:<\/p>\n<p class=\"e_bX\">B\u011bhem st\u00e1vkov\u00e9 pohotovosti se je\u0161t\u011b nest\u00e1vkuje. Je to obdob\u00ed, kdy prob\u00edhaj\u00ed nezbytn\u00e9 p\u0159\u00edpravy na mo\u017enou st\u00e1vku (nap\u0159. organizace zam\u011bstnanc\u016f, informa\u010dn\u00ed kampa\u0148), ale b\u011b\u017en\u00fd provoz podniku nebo instituce funguje zcela norm\u00e1ln\u011b.Prostor pro vyjedn\u00e1v\u00e1n\u00ed: <\/p>\n<p class=\"e_bX\">Z\u00e1rove\u0148 jde o\u00a0sign\u00e1l, \u017ee odbory maj\u00ed z\u00e1jem o\u00a0dal\u0161\u00ed jedn\u00e1n\u00ed. St\u00e1vkov\u00e1 pohotovost m\u00e1 p\u0159im\u011bt protistranu k\u00a0\u00fastupk\u016fm nebo zah\u00e1jen\u00ed skute\u010dn\u00e9ho soci\u00e1ln\u00edho dialogu bez nutnosti p\u0159istoupit k\u00a0samotn\u00e9mu zastaven\u00ed pr\u00e1ce.<\/p>\n<p class=\"e_bX\">V\u00a0\u010desk\u00e9m pr\u00e1vn\u00edm \u0159\u00e1du (nap\u0159. z\u00e1kon o\u00a0kolektivn\u00edm vyjedn\u00e1v\u00e1n\u00ed) nen\u00ed st\u00e1vkov\u00e1 pohotovost p\u0159esn\u011b legislativn\u011b definov\u00e1na. Jde sp\u00ed\u0161e o\u00a0vnit\u0159n\u00ed odbor\u00e1\u0159sk\u00fd akt, kter\u00fd d\u00e1v\u00e1 zam\u011bstnavateli jasn\u011b najevo, \u017ee situace je v\u00e1\u017en\u00e1.<\/p>\n","protected":false},"excerpt":{"rendered":"P\u011bt odborov\u00fdch organizac\u00ed, kter\u00e9 p\u016fsob\u00ed na pra\u017esk\u00e9m leti\u0161ti a\u00a0v \u010cSA Handling, vyhl\u00e1silo st\u00e1vkovou pohotovost kv\u016fli v\u00fdb\u011bru Radom\u00edra La\u0161\u00e1ka&hellip;\n","protected":false},"author":2,"featured_media":131582,"comment_status":"","ping_status":"","sticky":false,"template":"","format":"standard","meta":{"footnotes":"","_share_on_mastodon":"0"},"categories":[30],"tags":[2888,1140,98,99,5695],"class_list":["post-153771","post","type-post","status-publish","format-standard","has-post-thumbnail","category-praha","tag-letecka-doprava","tag-letiste-vaclava-havla-praha","tag-prague","tag-praha","tag-stavky"],"share_on_mastodon":{"url":"https:\/\/pubeurope.com\/@cz\/116956968462977499","error":""},"_links":{"self":[{"href":"https:\/\/www.europesays.com\/cz\/wp-json\/wp\/v2\/posts\/153771","targetHints":{"allow":["GET"]}}],"collection":[{"href":"https:\/\/www.europesays.com\/cz\/wp-json\/wp\/v2\/posts"}],"about":[{"href":"https:\/\/www.europesays.com\/cz\/wp-json\/wp\/v2\/types\/post"}],"author":[{"embeddable":true,"href":"https:\/\/www.europesays.com\/cz\/wp-json\/wp\/v2\/users\/2"}],"replies":[{"embeddable":true,"href":"https:\/\/www.europesays.com\/cz\/wp-json\/wp\/v2\/comments?post=153771"}],"version-history":[{"count":0,"href":"https:\/\/www.europesays.com\/cz\/wp-json\/wp\/v2\/posts\/153771\/revisions"}],"wp:featuredmedia":[{"embeddable":true,"href":"https:\/\/www.europesays.com\/cz\/wp-json\/wp\/v2\/media\/131582"}],"wp:attachment":[{"href":"https:\/\/www.europesays.com\/cz\/wp-json\/wp\/v2\/media?parent=153771"}],"wp:term":[{"taxonomy":"category","embeddable":true,"href":"https:\/\/www.europesays.com\/cz\/wp-json\/wp\/v2\/categories?post=153771"},{"taxonomy":"post_tag","embeddable":true,"href":"https:\/\/www.europesays.com\/cz\/wp-json\/wp\/v2\/tags?post=153771"}],"curies":[{"name":"wp","href":"https:\/\/api.w.org\/{rel}","templated":true}]}}