{"id":153958,"date":"2026-07-21T10:51:09","date_gmt":"2026-07-21T10:51:09","guid":{"rendered":"https:\/\/www.europesays.com\/cz\/153958\/"},"modified":"2026-07-21T10:51:09","modified_gmt":"2026-07-21T10:51:09","slug":"cinska-valecna-lod-poprve-provedla-cviceni-s-ostrou-strelbou-v-japonske-ekonomicke-zone","status":"publish","type":"post","link":"https:\/\/www.europesays.com\/cz\/153958\/","title":{"rendered":"\u010c\u00ednsk\u00e1 v\u00e1le\u010dn\u00e1 lo\u010f poprv\u00e9 provedla cvi\u010den\u00ed s\u00a0ostrou st\u0159elbou v\u00a0japonsk\u00e9 ekonomick\u00e9 z\u00f3n\u011b"},"content":{"rendered":"<p class=\"c_bB\">\u010c\u00ednsk\u00fd torp\u00e9doborec cvi\u010den\u00ed, kter\u00e9 zahrnovalo ostrou palbu z\u00a0kulomet\u016f, provedl p\u0159ibli\u017en\u011b 180\u00a0kilometr\u016f od nejji\u017en\u011bj\u0161\u00edho japonsk\u00e9ho ostrova Okinotori. \u010c\u00ednsk\u00e9 lod\u011b a\u00a0jejich rusk\u00fd doprovod p\u0159edt\u00edm ve \u010dtvrtek propluly mezi Okinawou a\u00a0souostrov\u00edm Mijako, informuje den\u00edk <a data-dot=\"atm-link\" target=\"_blank\" rel=\"noopener nofollow\" href=\"https:\/\/www.theguardian.com\/world\/2026\/jul\/21\/chinese-ship-opens-fire-japan-economic-zone-south-china-sea\" class=\"c_N\">The Guardian<\/a>.<\/p>\n<p class=\"c_bB\">Tokio podle mluv\u010d\u00edho japonsk\u00e9 vl\u00e1dy Minorua Kihary cvi\u010den\u00ed vn\u00edm\u00e1 jako \u201esou\u010d\u00e1st kroku dvou arm\u00e1d ke zpevn\u011bn\u00ed jejich spolupr\u00e1ce\u201c. Pekingu Japonci diplomatickou cestou vzk\u00e1zali, \u017ee cvi\u010den\u00ed \u201emohlo ohrozit plavbu v\u00a0bl\u00edzkosti lod\u00ed\u201c.<\/p>\n<p class=\"c_bB\">\u010c\u00edna dlouhodob\u011b rozporuje, \u017ee je Okinotori ostrov, a\u00a0trv\u00e1 na tom, \u017ee se ve skute\u010dnosti jedn\u00e1 jen o\u00a0\u00fates, co\u017e podle n\u00ed znamen\u00e1, \u017ee nen\u00ed sou\u010d\u00e1st\u00ed japonsk\u00e9 ekonomick\u00e9 z\u00f3ny. To \u010d\u00ednsk\u00e9 s\u00edly podle Pekingu ospravedl\u0148uje ve vod\u00e1ch kolem n\u011bj voln\u011b operovat.<\/p>\n<p class=\"c_bB\">\u010c\u00ednsk\u00e1 a\u00a0rusk\u00e1 vojensk\u00e1 cvi\u010den\u00ed v\u00a0okol\u00ed Japonska zes\u00edlila pot\u00e9, co vztah mezi Tokiem a\u00a0Moskvou naru\u0161ila v\u00e1lka na Ukrajin\u011b a\u00a0Peking rozhn\u011bvala japonsk\u00e1 premi\u00e9rka Sanae Takai\u010diov\u00e1. Ta loni v\u00a0listopadu prohl\u00e1sila, \u017ee by p\u0159\u00edpadn\u00fd \u010d\u00ednsk\u00fd \u00fatok na Tchaj-wan mohl vyvolat japonskou vojenskou odpov\u011b\u010f.<\/p>\n<p><a data-dot=\"atm-link\" target=\"_self\" href=\"https:\/\/www.novinky.cz\/clanek\/domaci-okamura-se-kvuli-ceste-do-ciny-sesel-s-vedenim-tajnych-sluzeb-40588782\" class=\"c_N\" rel=\"nofollow noopener\"><img fetchpriority=\"high\" height=\"2304\" width=\"4096\" src=\"https:\/\/www.europesays.com\/cz\/wp-content\/uploads\/2026\/06\/ad78.jpeg\" loading=\"eager\" decoding=\"sync\" class=\"c_t c_r\"\/><\/a><\/p>\n","protected":false},"excerpt":{"rendered":"\u010c\u00ednsk\u00fd torp\u00e9doborec cvi\u010den\u00ed, kter\u00e9 zahrnovalo ostrou palbu z\u00a0kulomet\u016f, provedl p\u0159ibli\u017en\u011b 180\u00a0kilometr\u016f od nejji\u017en\u011bj\u0161\u00edho japonsk\u00e9ho ostrova Okinotori. \u010c\u00ednsk\u00e9 lod\u011b&hellip;\n","protected":false},"author":2,"featured_media":153959,"comment_status":"","ping_status":"","sticky":false,"template":"","format":"standard","meta":{"footnotes":"","_share_on_mastodon":"0"},"categories":[11],"tags":[202,245,17974,61,295,54,5019,7314,2017,53,52],"class_list":["post-153958","post","type-post","status-publish","format-standard","has-post-thumbnail","category-svet","tag-cina","tag-japonsko","tag-okinawa","tag-rusko","tag-sanae-takaici","tag-svet","tag-tchaj-wan","tag-torpedoborec","tag-vojenske-cviceni","tag-world","tag-world-news"],"share_on_mastodon":{"url":"https:\/\/pubeurope.com\/@cz\/116957589464351018","error":""},"_links":{"self":[{"href":"https:\/\/www.europesays.com\/cz\/wp-json\/wp\/v2\/posts\/153958","targetHints":{"allow":["GET"]}}],"collection":[{"href":"https:\/\/www.europesays.com\/cz\/wp-json\/wp\/v2\/posts"}],"about":[{"href":"https:\/\/www.europesays.com\/cz\/wp-json\/wp\/v2\/types\/post"}],"author":[{"embeddable":true,"href":"https:\/\/www.europesays.com\/cz\/wp-json\/wp\/v2\/users\/2"}],"replies":[{"embeddable":true,"href":"https:\/\/www.europesays.com\/cz\/wp-json\/wp\/v2\/comments?post=153958"}],"version-history":[{"count":0,"href":"https:\/\/www.europesays.com\/cz\/wp-json\/wp\/v2\/posts\/153958\/revisions"}],"wp:featuredmedia":[{"embeddable":true,"href":"https:\/\/www.europesays.com\/cz\/wp-json\/wp\/v2\/media\/153959"}],"wp:attachment":[{"href":"https:\/\/www.europesays.com\/cz\/wp-json\/wp\/v2\/media?parent=153958"}],"wp:term":[{"taxonomy":"category","embeddable":true,"href":"https:\/\/www.europesays.com\/cz\/wp-json\/wp\/v2\/categories?post=153958"},{"taxonomy":"post_tag","embeddable":true,"href":"https:\/\/www.europesays.com\/cz\/wp-json\/wp\/v2\/tags?post=153958"}],"curies":[{"name":"wp","href":"https:\/\/api.w.org\/{rel}","templated":true}]}}