{"id":154131,"date":"2026-07-21T13:11:10","date_gmt":"2026-07-21T13:11:10","guid":{"rendered":"https:\/\/www.europesays.com\/cz\/154131\/"},"modified":"2026-07-21T13:11:10","modified_gmt":"2026-07-21T13:11:10","slug":"policie-hleda-dalsi-obeti-zadrzeneho-recidivisty-podezriva-jej-ze-znasilneni-i-loupeze","status":"publish","type":"post","link":"https:\/\/www.europesays.com\/cz\/154131\/","title":{"rendered":"Policie hled\u00e1 dal\u0161\u00ed ob\u011bti zadr\u017een\u00e9ho recidivisty, podez\u0159\u00edv\u00e1 jej ze zn\u00e1siln\u011bn\u00ed i\u00a0loupe\u017ee"},"content":{"rendered":"<p class=\"c_bB\">Zn\u00e1siln\u011bn\u00ed se m\u011bl osma\u010dty\u0159icetilet\u00fd podez\u0159el\u00fd dopustit v\u00a0polovin\u011b \u010dervence v\u00a0Praze 6. <\/p>\n<p class=\"c_bB\">\u201eDal\u0161\u00edm \u0161et\u0159en\u00edm kriminalist\u00e9 zjistili, \u017ee zadr\u017een\u00fd je podez\u0159el\u00fd z\u00a0dal\u0161\u00edch n\u011bkolika trestn\u00fdch \u010din\u016f, a\u00a0to vloup\u00e1n\u00ed do vozidla, vloup\u00e1n\u00ed do restaurace a\u00a0tak\u00e9 poru\u0161ov\u00e1n\u00ed domovn\u00ed svobody a\u00a0kr\u00e1de\u017ee, kdy se vloupal do domu a\u00a0ubytovny, odkud odcizil \u0161perky, oble\u010den\u00ed a\u00a0dal\u0161\u00ed cennosti,\u201c shrnul Hrdina dal\u0161\u00ed skutky, z\u00a0nich\u017e by se mohl zadr\u017een\u00fd recidivista zpov\u00eddat.<\/p>\n<p class=\"c_bB\">Podle policist\u016f se v\u0161ak mu\u017e mohl dopustit i\u00a0loupe\u017ee. Podle jejich zji\u0161t\u011bn\u00ed m\u011bl oslovit dv\u011b mlad\u00e9 d\u00edvky a\u00a0vy\u017eadovat od nich vyd\u00e1n\u00ed finan\u010dn\u00ed hotovosti s\u00a0no\u017eem v\u00a0ruce. Jeliko\u017e doty\u010dn\u00e9 incident neohl\u00e1sily, pros\u00ed policie i\u00a0o jejich sv\u011bdectv\u00ed.<\/p>\n<p><img fetchpriority=\"high\" height=\"1080\"   width=\"1920\" src=\"https:\/\/www.europesays.com\/cz\/wp-content\/uploads\/2026\/07\/patrani-policie-znasilneni.jpeg\" loading=\"eager\" decoding=\"sync\" class=\"c_t c_r\"\/>Foto: Policie \u010cR<\/p>\n<p class=\"c_bB\">Mu\u017e podez\u0159el\u00fd ze zn\u00e1siln\u011bn\u00ed<\/p>\n<p class=\"c_bB\">\u201eJejich v\u00fdpov\u011b\u010f m\u016f\u017ee ve vy\u0161et\u0159ov\u00e1n\u00ed m\u00edt z\u00e1sadn\u00ed roli,\u201c dodal mluv\u010d\u00ed s\u00a0t\u00edm, \u017ee doty\u010dn\u00fd skon\u010dil ve vazb\u011b, a\u00a0nen\u00ed tak t\u0159eba m\u00edt dal\u0161\u00ed obavy.<\/p>\n<p class=\"c_bB\">Stejn\u011b tak se mohou p\u0159ihl\u00e1sit dal\u0161\u00ed sv\u011bdci \u010di po\u0161kozen\u00ed. Mu\u017e, kter\u00fd se pohyboval po cel\u00e9 metropoli, ale zejm\u00e9na v\u00a0\u010d\u00e1stech Liboc, Pet\u0159iny, Ruzyn\u011b a\u00a0Veleslav\u00edn, m\u00e1 pestr\u00fd trestn\u00ed rejst\u0159\u00edk a\u00a0v minulosti st\u00e1l ji\u017e desetkr\u00e1t p\u0159ed soudem. Z\u00a0v\u011bzen\u00ed naposledy vy\u0161el zhruba p\u0159ed p\u016fl rokem, kde si odpyk\u00e1val dvan\u00e1ctilet\u00fd trest za zn\u00e1siln\u011bn\u00ed a\u00a0loupe\u017e a\u00a0st\u00e1le je v\u00a0podm\u00ednce.<\/p>\n<p class=\"c_bB\">V p\u0159\u00edpad\u011b odsouzen\u00ed hroz\u00ed zadr\u017een\u00e9mu a\u017e 10\u00a0let.<\/p>\n<p><a data-dot=\"atm-link\" target=\"_self\" href=\"https:\/\/www.novinky.cz\/clanek\/krimi-ctyri-roky-za-par-desitek-sekund-je-moc-protestoval-cizinec-proti-trestu-za-znasilneni-v-brne-40588472\" class=\"c_N\" rel=\"nofollow noopener\"><img height=\"2250\" width=\"4000\" src=\"https:\/\/www.europesays.com\/cz\/wp-content\/uploads\/2026\/07\/1784639470_217_krajsky-soud-v-brne-soud-xsoud-justice-socha.jpeg\" loading=\"eager\" decoding=\"sync\" class=\"c_t c_r\"\/><\/a><\/p>\n","protected":false},"excerpt":{"rendered":"Zn\u00e1siln\u011bn\u00ed se m\u011bl osma\u010dty\u0159icetilet\u00fd podez\u0159el\u00fd dopustit v\u00a0polovin\u011b \u010dervence v\u00a0Praze 6. \u201eDal\u0161\u00edm \u0161et\u0159en\u00edm kriminalist\u00e9 zjistili, \u017ee zadr\u017een\u00fd je podez\u0159el\u00fd&hellip;\n","protected":false},"author":2,"featured_media":154132,"comment_status":"","ping_status":"","sticky":false,"template":"","format":"standard","meta":{"footnotes":"","_share_on_mastodon":"0"},"categories":[30],"tags":[10560,39152,325,98,99,1017,1041,1045,2152],"class_list":["post-154131","post","type-post","status-publish","format-standard","has-post-thumbnail","category-praha","tag-loupez","tag-petriny","tag-policie","tag-prague","tag-praha","tag-praha-6","tag-ruzyne","tag-veleslavin","tag-znasilneni"],"share_on_mastodon":{"url":"https:\/\/pubeurope.com\/@cz\/116958140008432208","error":""},"_links":{"self":[{"href":"https:\/\/www.europesays.com\/cz\/wp-json\/wp\/v2\/posts\/154131","targetHints":{"allow":["GET"]}}],"collection":[{"href":"https:\/\/www.europesays.com\/cz\/wp-json\/wp\/v2\/posts"}],"about":[{"href":"https:\/\/www.europesays.com\/cz\/wp-json\/wp\/v2\/types\/post"}],"author":[{"embeddable":true,"href":"https:\/\/www.europesays.com\/cz\/wp-json\/wp\/v2\/users\/2"}],"replies":[{"embeddable":true,"href":"https:\/\/www.europesays.com\/cz\/wp-json\/wp\/v2\/comments?post=154131"}],"version-history":[{"count":0,"href":"https:\/\/www.europesays.com\/cz\/wp-json\/wp\/v2\/posts\/154131\/revisions"}],"wp:featuredmedia":[{"embeddable":true,"href":"https:\/\/www.europesays.com\/cz\/wp-json\/wp\/v2\/media\/154132"}],"wp:attachment":[{"href":"https:\/\/www.europesays.com\/cz\/wp-json\/wp\/v2\/media?parent=154131"}],"wp:term":[{"taxonomy":"category","embeddable":true,"href":"https:\/\/www.europesays.com\/cz\/wp-json\/wp\/v2\/categories?post=154131"},{"taxonomy":"post_tag","embeddable":true,"href":"https:\/\/www.europesays.com\/cz\/wp-json\/wp\/v2\/tags?post=154131"}],"curies":[{"name":"wp","href":"https:\/\/api.w.org\/{rel}","templated":true}]}}