{"id":154622,"date":"2026-07-22T03:57:14","date_gmt":"2026-07-22T03:57:14","guid":{"rendered":"https:\/\/www.europesays.com\/cz\/154622\/"},"modified":"2026-07-22T03:57:14","modified_gmt":"2026-07-22T03:57:14","slug":"jeden-z-nejvetsich-autobazaru-rekl-pravdu-o-ojetych-elektromobilech-tvrda-data-ukazala-na-nejvetsiho-strasaka","status":"publish","type":"post","link":"https:\/\/www.europesays.com\/cz\/154622\/","title":{"rendered":"Jeden z\u00a0nejv\u011bt\u0161\u00edch autobazar\u016f \u0159ekl pravdu o\u00a0ojet\u00fdch elektromobilech. Tvrd\u00e1 data uk\u00e1zala na nejv\u011bt\u0161\u00edho stra\u0161\u00e1ka"},"content":{"rendered":"<p class=\"b_bs\">Z\u00e1jem o\u00a0<a data-dot=\"atm-link\" target=\"_blank\" href=\"https:\/\/www.garaz.cz\/clanek\/novinky-zajem-cechu-o-elektromobily-rychle-roste-predevsim-o-ty-ojete-21016852\" class=\"b_X\" rel=\"nofollow noopener\">ojet\u00e9 elektromobily prudce roste<\/a> a\u00a0trak\u010dn\u00ed baterie jsou jejich nejv\u011bt\u0161\u00edm stra\u0161\u00e1kem. Skupina Aures Holdings, kam spadaj\u00ed tak\u00e9 prodejny AAA Auto, Mototechna nebo Auto Diskont, ned\u00e1vno zve\u0159ejnila v\u00fdsledky skoro \u010dty\u0159let\u00e9ho v\u00fdzkumu, kter\u00fd se v\u011bnoval pr\u00e1v\u011b zdrav\u00ed akumul\u00e1tor\u016f u\u00a0ojet\u00fdch elektrick\u00fdch aut.<\/p>\n<p><img fetchpriority=\"high\" height=\"800\"   width=\"1242\" src=\"https:\/\/www.europesays.com\/cz\/wp-content\/uploads\/2026\/07\/aviloo.jpeg\" loading=\"eager\" decoding=\"sync\" class=\"b_D b_B\"\/>Foto: Merdedes-Benz<\/p>\n<p class=\"b_bs\">V\u00fdsledkem Aviloo testu je protokol s\u00a0daty.<\/p>\n<p class=\"b_bs\">Firma vyu\u017e\u00edv\u00e1 rakousk\u00e9 <a data-dot=\"atm-link\" target=\"_blank\" href=\"https:\/\/www.garaz.cz\/clanek\/reportaze-cesi-prichazeji-na-chut-ojetym-elektromobilum-a-automobilky-na-to-reaguji-muzete-usetrit-i-milion-21017349\" class=\"b_X\" rel=\"nofollow noopener\">diagnostick\u00e9 za\u0159\u00edzen\u00ed Aviloo<\/a>, kter\u00e9 provozuje v\u00a0\u010cesku, na Slovensku a\u00a0v Polsku. Program zam\u011b\u0159en\u00fd na m\u011b\u0159en\u00ed zdrav\u00ed bateri\u00ed (State of Health, SoH) byl spu\u0161t\u011bn v\u00a0lednu roku 2023\u00a0a\u00a0od t\u00e9 doby spole\u010dnost provedla p\u0159ibli\u017en\u011b 6\u00a0000\u00a0unik\u00e1tn\u00edch a\u00a0celkov\u011b 8\u00a0000\u00a0test\u016f, zahrnuj\u00edc\u00edch tak\u00e9 opakovan\u00e1 m\u011b\u0159en\u00ed.<\/p>\n<p><a data-dot=\"atm-link\" aria-hidden=\"true\" tabindex=\"-1\" href=\"https:\/\/www.garaz.cz\/clanek\/novinky-ze-sveta-automobilek-mercedes-predstavuje-novinku-se-zrychlenim-na-stovku-pod-tri-sekundy-od-pohledu-byste-to-do-ni-nerekli-21017380\" class=\"b_X o_gY\" rel=\"nofollow noopener\" target=\"_blank\"><img height=\"1080\"   width=\"1920\" src=\"https:\/\/www.europesays.com\/cz\/wp-content\/uploads\/2026\/07\/1784692631_886_mercedes-amg-cla.jpeg\" loading=\"eager\" decoding=\"sync\" class=\"b_D b_B\"\/><\/a><\/p>\n<p class=\"b_bs\">V r\u00e1mci m\u011b\u0159en\u00ed bylo 86\u00a0% vozidel pln\u011b elektrick\u00fdch a\u00a014\u00a0% plug-in hybridn\u00edch, p\u0159evaha elektroaut za\u010dala b\u00fdt znateln\u00e1 u\u017e v\u00a0polovin\u011b roku 2024.\u00a0Z\u00e1stupci Aures Holdings k\u00a0tomu uv\u00e1d\u011bj\u00ed, \u017ee kv\u016fli nevyhovuj\u00edc\u00ed baterii bylo p\u0159i v\u00fdkupu odm\u00edtnuto jen asi dvacet vozidel, p\u0159ev\u00e1\u017en\u011b <a data-dot=\"atm-link\" target=\"_blank\" href=\"https:\/\/www.garaz.cz\/tag\/plug-in-hybrid-phev-42370\" class=\"b_X\" rel=\"nofollow noopener\">plug-in hybrid\u016f<\/a> prvn\u00ed generace (elektromobil\u016f bylo p\u011bt).<\/p>\n<p>Elektro dr\u017e\u00ed slu\u0161n\u011b<\/p>\n<p class=\"b_bs\">Pom\u011brn\u011b slu\u0161n\u00fdch v\u00fdsledk\u016f dos\u00e1hly i\u00a0elektrovozy s\u00a0vysok\u00fdm n\u00e1jezdem. Skupina Aures otestovala 21\u00a0model\u016f, kter\u00e9 m\u011bly najeto v\u00edce ne\u017e 200\u00a0000\u00a0kilometr\u016f. S\u00a0v\u00fdjimkou jedin\u00e9ho kusu m\u011bly v\u0161echny elektromobily zdrav\u00ed baterie nad \u00farovn\u00ed 80\u00a0%. To znamen\u00e1, \u017ee za 200\u00a0000\u00a0kilometr\u016f ztratily zhruba p\u011btinu z\u00a0p\u016fvodn\u00edho dojezdu.<\/p>\n<p class=\"b_bs\">Koukn\u011bte se, jak si autonomn\u00ed Tesla porad\u00ed se silnicemi v\u00a0\u010cesk\u00e9 republice.Video: Jan Majurn\u00edk, Ond\u0159ej Svoboda<\/p>\n<p class=\"b_bs\">Mezi rekordmany m\u011b\u0159en\u00ed pat\u0159\u00ed t\u0159i vozy Tesla Model S\u00a0s n\u00e1jezdem skoro 300\u00a0000\u00a0kilometr\u016f a\u00a0zdrav\u00edm akumul\u00e1toru 82,5\u00a0%, a\u00a0tak\u00e9 Hyundai Ioniq s\u00a0malou 28kWh bateri\u00ed a\u00a0n\u00e1jezdem 396\u00a0000\u00a0kilometr\u016f, jemu\u017e test Aviloo nam\u011b\u0159il 80\u00a0% SoH.<\/p>\n<p class=\"b_bs\">Naopak jeden z\u00a0nejhor\u0161\u00edch v\u00fdsledk\u016f byl nam\u011b\u0159en u\u00a0modelu <a data-dot=\"atm-link\" target=\"_blank\" href=\"https:\/\/www.garaz.cz\/clanek\/test-ojetiny-nissan-leaf-21006071\" class=\"b_X\" rel=\"nofollow noopener\">Nissan Leaf<\/a> prvn\u00ed generace, co\u017e je vyhl\u00e1\u0161en\u00fd pr\u016f\u0161vih\u00e1\u0159, jeho\u017e akumul\u00e1tory bez aktivn\u00edho chlazen\u00ed velmi p\u0159isp\u011bly k\u00a0legend\u00e1m o\u00a0degradaci. S\u00a0v\u00fdsledkem 30,2\u00a0% SoH v\u0161ak byla jeho majitelka v\u00a0pohod\u011b, proto\u017ee auto denn\u011b absolvovalo trasu dlouhou jen 12\u00a0kilometr\u016f.<\/p>\n<p><a data-dot=\"atm-link\" aria-hidden=\"true\" tabindex=\"-1\" href=\"https:\/\/www.novinky.cz\/clanek\/auto-prumerny-elektromobil-v-cine-je-mladsi-nez-dva-roky-40588805\" class=\"b_X o_gY\" rel=\"nofollow noopener\" target=\"_blank\"><img height=\"752\"   width=\"1338\" src=\"https:\/\/www.europesays.com\/cz\/wp-content\/uploads\/2026\/07\/1784692633_942_maextro-s800.jpeg\" loading=\"eager\" decoding=\"sync\" class=\"b_D b_B\"\/><\/a>Plug-in hybridy jezd\u00ed nenabit\u00e9<\/p>\n<p class=\"b_bs\">Asi 0,9\u00a0% testovan\u00fdch plug-in hybrid\u016f vyk\u00e1zalo zdrav\u00ed baterie pod 60\u00a0%. Podle expert\u016f Aures Holdings je to dan\u00e9 jednak malou kapacitou bateri\u00ed prvogenera\u010dn\u00edch plug-in\u016f a\u00a0tak\u00e9 t\u00edm, \u017ee n\u011bkter\u00e9 modely nem\u011bly dobr\u00e9 teplotn\u00ed \u0159\u00edzen\u00ed akumul\u00e1toru, co\u017e vedlo k\u00a0rychlej\u0161\u00ed degradaci.<\/p>\n<p><img height=\"1080\"   width=\"1920\" src=\"https:\/\/www.europesays.com\/cz\/wp-content\/uploads\/2026\/07\/Volkswagen-Passat-GTE-plug-in-hybrid.jpeg\" loading=\"eager\" decoding=\"sync\" class=\"b_D b_B\"\/>Foto: Volkswagen<\/p>\n<p class=\"b_bs\">Plug-in hybrid nebude bez nab\u00edjen\u00ed fungovat tak, jak fungovat um\u00ed. <\/p>\n<p class=\"b_bs\">Nam\u011b\u0159en\u00e1 data v\u0161ak uk\u00e1zala trochu jin\u00fd probl\u00e9m, vlastn\u011b takov\u00e9 ve\u0159ejn\u00e9 tajemstv\u00ed. Podle skupiny Aures p\u0159ij\u00ed\u017ed\u011bj\u00ed do v\u00fdkupu flotilov\u00e1 vozidla po ujet\u00ed 100\u00a0a\u017e 150\u00a0000\u00a0kilometr\u016f s\u00a0prakticky netknutou bateri\u00ed se stavem bl\u00edzk\u00fdm 100\u00a0procent\u016fm. U\u00a0standardn\u011b provozovan\u00fdch aut p\u0159i takov\u00e9m n\u00e1jezdu kles\u00e1 zdrav\u00ed pod 90\u00a0%.<\/p>\n<p class=\"b_bs\">D\u016fvod je prost\u00fd, \u0159ada \u0159idi\u010d\u016f sv\u016fj plug-in hybrid nenab\u00edj\u00ed. Firma si sice od\u0161krtla spln\u011bn\u00ed eko z\u00e1vazk\u016f po\u0159\u00edzen\u00edm flotily plug-in hybridn\u00edch aut, ale u\u017e nap\u0159\u00edklad nemotivuje k\u00a0nab\u00edjen\u00ed, nepropl\u00e1c\u00ed nab\u00edjen\u00ed, neposkytuje nab\u00edjen\u00ed nebo \u0159idi\u010de nijak jinak nepodporuje p\u0159i nab\u00edjen\u00ed t\u011bchto vozidel.<\/p>\n<p class=\"b_bs\">Aures dod\u00e1v\u00e1, \u017ee trak\u010dn\u00ed akumul\u00e1tor s\u00a0nejv\u011bt\u0161\u00ed pravd\u011bpodobnost\u00ed vydr\u017e\u00ed po celou dobu \u017eivotnosti auta. Zdrav\u00ed mu prodlou\u017e\u00edte nap\u0159\u00edklad t\u00edm, \u017ee jej budete p\u0159i denn\u00edm u\u017e\u00edv\u00e1n\u00ed nab\u00edjet do 80\u00a0%, v\u00a0<a data-dot=\"atm-link\" target=\"_blank\" href=\"https:\/\/www.garaz.cz\/clanek\/testy-nova-auta-tesla-model-3-long-range-spotreba-dojezd-cena-21014020\" class=\"b_X\" rel=\"nofollow noopener\">zim\u011b<\/a> ho nenech\u00e1te na pokraji vybit\u00ed vymrznout, budete vyu\u017e\u00edvat p\u0159edeh\u0159ev a\u00a0pravideln\u011b diagnostikovat SoH i\u00a0stav jednotliv\u00fdch \u010dl\u00e1nk\u016f.<\/p>\n<p><a data-dot=\"atm-link\" aria-hidden=\"true\" tabindex=\"-1\" href=\"https:\/\/www.garaz.cz\/clanek\/testy-nova-auta-vyssi-teploty-zvysuji-elektromobilum-dojezdy-to-vime-i-tak-nas-ale-prekvapilo-jak-moc-se-tesla-model-3-zlepsila-21012366\" class=\"b_X o_gY\" rel=\"nofollow noopener\" target=\"_blank\"><img height=\"757\"   width=\"1347\" src=\"https:\/\/www.europesays.com\/cz\/wp-content\/uploads\/2026\/07\/tesla-model-s-highland.jpeg\" loading=\"eager\" decoding=\"sync\" class=\"b_D b_B\"\/><\/a><\/p>\n<p>Koupili byste si ojet\u00fd elektromobil?<\/p>\n<p>Ano, koupil\/a nebo u\u017e ho dokonce m\u00e1m.<\/p>\n<p>Jen kdyby byl za opravdu dobr\u00e9 pen\u00edze.<\/p>\n<p>Zat\u00edm ne, v budoucnu mo\u017en\u00e1.<\/p>\n<p>Ne, nikdy, elektroauto mi nesm\u00ed do bar\u00e1ku.<\/p>\n<p>Celkem<br \/>\n\t\t\t\thlasovalo<br \/>\n\t\t\t\t222<br \/>\n\t\t\t\t\u010dten\u00e1\u0159\u016f.<\/p>\n","protected":false},"excerpt":{"rendered":"Z\u00e1jem o\u00a0ojet\u00e9 elektromobily prudce roste a\u00a0trak\u010dn\u00ed baterie jsou jejich nejv\u011bt\u0161\u00edm stra\u0161\u00e1kem. Skupina Aures Holdings, kam spadaj\u00ed tak\u00e9 prodejny&hellip;\n","protected":false},"author":2,"featured_media":154623,"comment_status":"","ping_status":"","sticky":false,"template":"","format":"standard","meta":{"footnotes":"","_share_on_mastodon":"0"},"categories":[12],"tags":[67,68,252,133,1453],"class_list":["post-154622","post","type-post","status-publish","format-standard","has-post-thumbnail","category-byznys","tag-business","tag-byznys","tag-elektromobilita","tag-elektromobily-ev","tag-ojeta-auta"],"share_on_mastodon":{"url":"https:\/\/pubeurope.com\/@cz\/116961624064733653","error":""},"_links":{"self":[{"href":"https:\/\/www.europesays.com\/cz\/wp-json\/wp\/v2\/posts\/154622","targetHints":{"allow":["GET"]}}],"collection":[{"href":"https:\/\/www.europesays.com\/cz\/wp-json\/wp\/v2\/posts"}],"about":[{"href":"https:\/\/www.europesays.com\/cz\/wp-json\/wp\/v2\/types\/post"}],"author":[{"embeddable":true,"href":"https:\/\/www.europesays.com\/cz\/wp-json\/wp\/v2\/users\/2"}],"replies":[{"embeddable":true,"href":"https:\/\/www.europesays.com\/cz\/wp-json\/wp\/v2\/comments?post=154622"}],"version-history":[{"count":0,"href":"https:\/\/www.europesays.com\/cz\/wp-json\/wp\/v2\/posts\/154622\/revisions"}],"wp:featuredmedia":[{"embeddable":true,"href":"https:\/\/www.europesays.com\/cz\/wp-json\/wp\/v2\/media\/154623"}],"wp:attachment":[{"href":"https:\/\/www.europesays.com\/cz\/wp-json\/wp\/v2\/media?parent=154622"}],"wp:term":[{"taxonomy":"category","embeddable":true,"href":"https:\/\/www.europesays.com\/cz\/wp-json\/wp\/v2\/categories?post=154622"},{"taxonomy":"post_tag","embeddable":true,"href":"https:\/\/www.europesays.com\/cz\/wp-json\/wp\/v2\/tags?post=154622"}],"curies":[{"name":"wp","href":"https:\/\/api.w.org\/{rel}","templated":true}]}}