{"id":154999,"date":"2026-07-22T11:20:10","date_gmt":"2026-07-22T11:20:10","guid":{"rendered":"https:\/\/www.europesays.com\/cz\/154999\/"},"modified":"2026-07-22T11:20:10","modified_gmt":"2026-07-22T11:20:10","slug":"po-74-letech-nasli-vrak-pan-am-jehoz-havarie-zmenila-pravidla-letani","status":"publish","type":"post","link":"https:\/\/www.europesays.com\/cz\/154999\/","title":{"rendered":"Po 74\u00a0letech na\u0161li vrak Pan Am, jeho\u017e hav\u00e1rie zm\u011bnila pravidla l\u00e9t\u00e1n\u00ed"},"content":{"rendered":"<p class=\"c_bB\">Trosky letounu na\u0161la minul\u00fd m\u011bs\u00edc spole\u010dnost Air\/Sea Heritage Foundation spolu s\u00a0dal\u0161\u00edmi partnery, v\u010detn\u011b t\u00fdmu po\u0159adu  Expedition Unknown televize Discovery Channel. Vrak le\u017e\u00ed u\u00a0severn\u00edho pob\u0159e\u017e\u00ed Portorika a\u00a0skl\u00e1d\u00e1 se ze dvou hlavn\u00edch \u010d\u00e1st\u00ed, na kter\u00e9 se letoun po hav\u00e1rii rozlomil.<\/p>\n<p class=\"c_bB\">Letadlo se z\u0159\u00edtilo kr\u00e1tce po startu z\u00a0Portorika 11.\u00a0dubna 1952.\u00a0Na palub\u011b bylo 64\u00a0cestuj\u00edc\u00edch a\u00a0p\u011bt \u010dlen\u016f pos\u00e1dky. P\u0159esto\u017ee v\u0161ichni p\u0159e\u017eili samotn\u00fd n\u00e1raz, z\u00e1chran\u00e1\u0159\u016fm se poda\u0159ilo zachr\u00e1nit pouze 12\u00a0cestuj\u00edc\u00edch a\u00a0v\u0161ech p\u011bt \u010dlen\u016f pos\u00e1dky. Zbyl\u00ed lid\u00e9 zahynuli ve vod\u00e1ch oce\u00e1nu.<\/p>\n<p class=\"c_bB\">Agentura AP p\u0159ipom\u00edn\u00e1, \u017ee p\u0159e\u017eiv\u0161\u00ed pozd\u011bji vy\u0161et\u0159ovatel\u016fm popsali chaos, kter\u00fd po n\u00e1razu v\u00a0letadle zavl\u00e1dl. Cestuj\u00edc\u00ed se sna\u017eili naj\u00edt z\u00e1chrann\u00e9 vesty a\u00a0pos\u00e1dka m\u011bla pot\u00ed\u017ee s\u00a0p\u0159\u00edpravou z\u00e1chrann\u00fdch \u010dlun\u016f.<\/p>\n<p><a data-dot=\"atm-link\" target=\"_self\" href=\"https:\/\/www.novinky.cz\/clanek\/zahranicni-amerika-na-aljasce-objevili-letadlo-s-tely-ktere-by-mohlo-byt-ztracenym-strojem-40508209\" class=\"c_N\" rel=\"nofollow noopener\"><img fetchpriority=\"high\" height=\"2304\" width=\"4096\" src=\"https:\/\/www.europesays.com\/cz\/wp-content\/uploads\/2026\/07\/be46.jpeg\" loading=\"eager\" decoding=\"sync\" class=\"c_t c_r\"\/><\/a><\/p>\n<p class=\"c_bB\">Trag\u00e9die vedla k\u00a0v\u00fdznamn\u00fdm zm\u011bn\u00e1m v\u00a0bezpe\u010dnosti leteck\u00e9 dopravy, mimo jin\u00e9 k\u00a0zaveden\u00ed povinn\u00fdch bezpe\u010dnostn\u00edch instrukt\u00e1\u017e\u00ed p\u0159ed vzletem a\u00a0n\u00e1zorn\u00fdch uk\u00e1zek nouzov\u00fdch postup\u016f. Cestuj\u00edc\u00ed jsou od t\u00e9 doby p\u0159ed startem seznamov\u00e1ni nap\u0159\u00edklad s\u00a0um\u00edst\u011bn\u00edm nouzov\u00fdch v\u00fdchod\u016f, z\u00e1chrann\u00fdch vest a\u00a0jejich pou\u017eit\u00edm.<\/p>\n<p class=\"c_bB\">\u201eV\u0161ichni jsme t\u00edmto objevem ohromeni a\u00a0nad\u0161eni, z\u00e1rove\u0148 ale s\u00a0pokorou vzpom\u00edn\u00e1me na to, co se na tomto m\u00edst\u011b p\u0159ed tak dlouhou dobou stalo,\u201c sd\u011blil Reuters prezident Air\/Sea Heritage Foundation Russ Matthews.<\/p>\n<p class=\"c_bB\">P\u00e1tr\u00e1n\u00ed, na kter\u00e9m spolupracovala tak\u00e9 spole\u010dnost Deep Sea Vision, vyu\u017eilo detailn\u00ed sonarov\u00e9 mapov\u00e1n\u00ed mo\u0159sk\u00e9ho dna. Objev definitivn\u011b ukon\u010dil dlouholetou z\u00e1hadu, kde p\u0159esn\u011b letoun po hav\u00e1rii skon\u010dil.<\/p>\n<p class=\"c_bB\">Podle AP by objev mohl p\u0159in\u00e9st novou nad\u011bji tak\u00e9 rodin\u00e1m lid\u00ed, kte\u0159\u00ed zmizeli p\u0159i jin\u00fdch leteck\u00fdch ne\u0161t\u011bst\u00edch, nap\u0159\u00edklad p\u0159i hav\u00e1rii letu Malaysia Airlines MH370, kter\u00fd v\u00a0roce 2014\u00a0zmizel s\u00a0v\u00edce ne\u017e 200\u00a0lidmi na palub\u011b.<\/p>\n<p><a data-dot=\"atm-link\" target=\"_self\" href=\"https:\/\/www.novinky.cz\/clanek\/zahranicni-amerika-v-jizni-karoline-nasli-trosky-zmizeleho-letounu-f-35-40444084\" class=\"c_N\" rel=\"nofollow noopener\"><img height=\"1080\" width=\"1920\" src=\"https:\/\/www.europesays.com\/cz\/wp-content\/uploads\/2026\/07\/f-35-usa.jpeg\" loading=\"eager\" decoding=\"sync\" class=\"c_t c_r\"\/><\/a><\/p>\n","protected":false},"excerpt":{"rendered":"Trosky letounu na\u0161la minul\u00fd m\u011bs\u00edc spole\u010dnost Air\/Sea Heritage Foundation spolu s\u00a0dal\u0161\u00edmi partnery, v\u010detn\u011b t\u00fdmu po\u0159adu Expedition Unknown televize&hellip;\n","protected":false},"author":2,"featured_media":155000,"comment_status":"","ping_status":"","sticky":false,"template":"","format":"standard","meta":{"footnotes":"","_share_on_mastodon":"0"},"categories":[11],"tags":[3654,2937,39327,54,36015,113,17201,53,52],"class_list":["post-154999","post","type-post","status-publish","format-standard","has-post-thumbnail","category-svet","tag-letadla","tag-letecke-katastrofy","tag-portoriko","tag-svet","tag-trosky","tag-usa","tag-vrak","tag-world","tag-world-news"],"share_on_mastodon":{"url":"https:\/\/pubeurope.com\/@cz\/116963365624361626","error":""},"_links":{"self":[{"href":"https:\/\/www.europesays.com\/cz\/wp-json\/wp\/v2\/posts\/154999","targetHints":{"allow":["GET"]}}],"collection":[{"href":"https:\/\/www.europesays.com\/cz\/wp-json\/wp\/v2\/posts"}],"about":[{"href":"https:\/\/www.europesays.com\/cz\/wp-json\/wp\/v2\/types\/post"}],"author":[{"embeddable":true,"href":"https:\/\/www.europesays.com\/cz\/wp-json\/wp\/v2\/users\/2"}],"replies":[{"embeddable":true,"href":"https:\/\/www.europesays.com\/cz\/wp-json\/wp\/v2\/comments?post=154999"}],"version-history":[{"count":0,"href":"https:\/\/www.europesays.com\/cz\/wp-json\/wp\/v2\/posts\/154999\/revisions"}],"wp:featuredmedia":[{"embeddable":true,"href":"https:\/\/www.europesays.com\/cz\/wp-json\/wp\/v2\/media\/155000"}],"wp:attachment":[{"href":"https:\/\/www.europesays.com\/cz\/wp-json\/wp\/v2\/media?parent=154999"}],"wp:term":[{"taxonomy":"category","embeddable":true,"href":"https:\/\/www.europesays.com\/cz\/wp-json\/wp\/v2\/categories?post=154999"},{"taxonomy":"post_tag","embeddable":true,"href":"https:\/\/www.europesays.com\/cz\/wp-json\/wp\/v2\/tags?post=154999"}],"curies":[{"name":"wp","href":"https:\/\/api.w.org\/{rel}","templated":true}]}}