{"id":155063,"date":"2026-07-22T12:09:11","date_gmt":"2026-07-22T12:09:11","guid":{"rendered":"https:\/\/www.europesays.com\/cz\/155063\/"},"modified":"2026-07-22T12:09:11","modified_gmt":"2026-07-22T12:09:11","slug":"brevnovsky-kastan-bude-mit-po-rekonstrukci-pristavby-praha-6-schvalila-vysledky-architektonicke-souteze","status":"publish","type":"post","link":"https:\/\/www.europesays.com\/cz\/155063\/","title":{"rendered":"B\u0159evnovsk\u00fd Ka\u0161tan bude m\u00edt po rekonstrukci p\u0159\u00edstavby, Praha 6 schv\u00e1lila v\u00fdsledky architektonick\u00e9 sout\u011b\u017ee"},"content":{"rendered":"<p>Vizualizace p\u0159\u00edstaveb u KC Ka\u0161tan. Zdroj: Atelier bod architekti \/ M\u010c Praha 6<\/p>\n<p>\nKulturn\u00ed centrum Ka\u0161tan na B\u0159evnov\u011b \u010dek\u00e1 rozs\u00e1hl\u00e1 rekonstrukce a dostavba. Rada m\u011bstsk\u00e9 \u010d\u00e1sti Praha 6\u00a0schv\u00e1lila v\u00fdsledky u\u017e\u0161\u00ed architektonick\u00e9 sout\u011b\u017ee, kterou vypsala loni. V\u00a0konkurenci des\u00edtek projekt\u016f zv\u00edt\u011bzil n\u00e1vrh pra\u017esk\u00e9ho studia Atelier bod architekti. Informoval o\u00a0tom mluv\u010d\u00ed \u0161est\u00e9 m\u011bstsk\u00e9 \u010d\u00e1sti Marek Zeman. Krom\u011b rekonstrukce se po\u010d\u00edt\u00e1 se vznikem dvou nov\u00fdch objekt\u016f.\n<\/p>\n<p>Architektonick\u00e1 sout\u011b\u017e vyhl\u00e1\u0161en\u00e1 na konci lo\u0148sk\u00e9ho roku se setkala s\u00a0velk\u00fdm z\u00e1jmem, radnice obdr\u017eela celkem 44\u00a0nab\u00eddek, z\u00a0nich\u017e odborn\u00e1 porota v\u00a0\u00fanoru vybrala 9\u00a0finalist\u016f, kte\u0159\u00ed n\u00e1sledn\u011b zpracovali konkr\u00e9tn\u00ed sout\u011b\u017en\u00ed n\u00e1vrhy. V\u00a0\u010dervnu porota v\u0161echny odevzdan\u00e9 projekty komplexn\u011b ohodnotila a rozhodla o\u00a0v\u00edt\u011bzi.<\/p>\n<p>\u201eRekonstrukce a dostavba kulturn\u00edho centra Ka\u0161tan je jedn\u00edm z\u00a0na\u0161ich kl\u00ed\u010dov\u00fdch dlouhodob\u00fdch projekt\u016f. Chceme zachovat historick\u00fd r\u00e1z pam\u00e1tkov\u011b chr\u00e1n\u011bn\u00e9 budovy, ale z\u00e1rove\u0148 z\u00a0Ka\u0161tanu vytvo\u0159it modern\u00ed a funk\u010dn\u00ed kulturn\u00ed z\u00e1zem\u00ed pro 21.\u00a0stolet\u00ed,\u201c \u0159ekl starosta Prahy 6\u00a0Jakub St\u00e1rek\u00a0(ODS).<\/p>\n<p>Prvn\u00ed cenu z\u00edskal sout\u011b\u017en\u00ed n\u00e1vrh od spole\u010dnosti Atelier bod architekti. Ta se tak\u00e9 stane partnerem pro n\u00e1sledn\u00e9 jedn\u00e1n\u00ed o\u00a0smlouv\u011b na kompletn\u00ed projek\u010dn\u00ed\u00a0pr\u00e1ce.<\/p>\n<p>\u201eV\u00edt\u011bzn\u00fd n\u00e1vrh nejl\u00e9pe skloubil urbanistick\u00e9 \u0159e\u0161en\u00ed a citliv\u00fd p\u0159\u00edstup k\u00a0unik\u00e1tn\u00edmu sousedstv\u00ed s\u00a0B\u0159evnovsk\u00fdm kl\u00e1\u0161terem. Z\u00e1rove\u0148 vytvo\u0159il provozn\u011b funk\u010dn\u00ed celek ze zrekonstruovan\u00e9 historick\u00e9 budovy dne\u0161n\u00edho Ka\u0161tanu a dvou nov\u00fdch objekt\u016f s\u00a0kulturn\u00edm s\u00e1lem a novou kav\u00e1rnou,\u201c uvedl 1.\u00a0m\u00edstostarosta Prahy 6\u00a0Petr Prokop (STAN).<\/p>\n<p>V\u00a0jedn\u00e9 p\u0159\u00edstavb\u011b m\u00e1 vzniknout nov\u00fd s\u00e1l pro 150\u00a0a\u017e 200\u00a0lid\u00ed, ve druh\u00e9 samostatn\u00e1 zahradn\u00ed kav\u00e1rna se z\u00e1zem\u00edm pro trhy. Po\u010d\u00edt\u00e1 se tak\u00e9 s\u00a0\u00fapravou ve\u0159ejn\u00e9ho prostoru a parku mezi ulicemi B\u011blohorsk\u00e1 a Pato\u010dkova.<\/p>\n<p>Do budoucna by podle Prokopa m\u011blo v\u00a0Ka\u0161tanu vzniknout nov\u00e9 kulturn\u00ed a spole\u010densk\u00e9 centrum B\u0159evnova, kter\u00e9 je m\u011b\u0159\u00edtkem um\u011b\u0159en\u00e9 sv\u00e9mu okol\u00ed, a z\u00e1rove\u0148 bude poskytovat pro kulturu profesion\u00e1ln\u00ed podm\u00ednky.<\/p>\n<p>Na druh\u00e9m m\u00edst\u011b se um\u00edstil atelier re:architekti, t\u0159et\u00ed m\u00edsto z\u00edskal n\u00e1vrh od Ing. arch. Patrika Hoffmana. Porota ud\u011blila tak\u00e9 jednu mimo\u0159\u00e1dnou cenu pro sout\u011b\u017en\u00ed n\u00e1vrh autor\u016f M1A\u00a0s.r.o.<\/p>\n<p>Porota slo\u017een\u00e1 z\u00a0nez\u00e1visl\u00fdch architekt\u016f i\u00a0z\u00e1stupc\u016f m\u011bstsk\u00e9 \u010d\u00e1sti posuzovala n\u00e1vrhy podle komplexn\u00edch krit\u00e9ri\u00ed. Prvn\u00edm byla celkov\u00e1 urbanistick\u00e1 koncepce, tedy jak stavba zapad\u00e1 do \u0161ir\u0161\u00edho okol\u00ed B\u0159evnova.<\/p>\n<p>\u201eDruh\u00fdm krit\u00e9riem byla architektonick\u00e1 kvalita budov a \u0159e\u0161en\u00ed p\u0159ilehl\u00e9ho ve\u0159ejn\u00e9ho prostoru. T\u0159et\u00edm z\u00e1sadn\u00edm bodem bylo zohledn\u011bn\u00ed princip\u016f pam\u00e1tkov\u00e9 ochrany historick\u00e9ho objektu Hospoda U\u00a0ka\u0161tanu. \u010ctvrt\u00fdm krit\u00e9riem pak bylo provozn\u00ed a funk\u010dn\u00ed \u0159e\u0161en\u00ed cel\u00e9ho souboru staveb spole\u010dn\u011b s\u00a0ekonomickou p\u0159im\u011b\u0159enost\u00ed n\u00e1vrhu,\u201c vyjmenoval\u00a0Zeman.<\/p>\n<p>N\u00e1klady rekonstrukce, dal\u0161\u00edch \u00faprav a p\u0159\u00edstaveb ur\u010d\u00ed sout\u011b\u017e na zhotovitele. Samotn\u00e1 realizace se podle d\u0159\u00edv\u011bj\u0161\u00edho vyj\u00e1d\u0159en\u00ed radnice pl\u00e1nuje na roky 2027\u00a0a\u017e\u00a02028.<\/p>\n<p>M\u011bstsk\u00e1 \u010d\u00e1st podle mluv\u010d\u00edho na podzim uspo\u0159\u00e1d\u00e1 ve\u0159ejnou v\u00fdstavu v\u0161ech sout\u011b\u017en\u00edch n\u00e1vrh\u016f, kde si ob\u010dan\u00e9 budou moci detailn\u011b prohl\u00e9dnout nejen, jak se Ka\u0161tan v\u00a0budoucnu prom\u011bn\u00ed, ale tak\u00e9 jakou prom\u011bnu navrhovali ostatn\u00ed \u00fa\u010dastn\u00edci sout\u011b\u017ee.<\/p>\n<p>Budova, v\u00a0n\u00ed\u017e se KC Ka\u0161tan nach\u00e1z\u00ed, slou\u017eila p\u016fvodn\u011b jako z\u00e1jezdn\u00ed hostinec. V\u00a0roce 1955\u00a0p\u0159i\u0161la o\u00a0lev\u00e9 k\u0159\u00eddlo kv\u016fli roz\u0161i\u0159ov\u00e1n\u00ed B\u011blohorsk\u00e9 ulice, o\u00a0sedm let pozd\u011bji byla prohl\u00e1\u0161en\u00e1 kulturn\u00ed pam\u00e1tkou.<\/p>\n<p>V\u00a0budov\u011b je divadeln\u00ed s\u00e1l, v\u00fdtvarn\u00fd v\u00fdukov\u00fd ateli\u00e9r a kav\u00e1rna, s\u00eddl\u00ed tam tak\u00e9 muzeum popul\u00e1rn\u00ed hudby. Centrum provozuje ob\u010dansk\u00e9 sdru\u017een\u00ed Unijazz.<\/p>\n","protected":false},"excerpt":{"rendered":"Vizualizace p\u0159\u00edstaveb u KC Ka\u0161tan. Zdroj: Atelier bod architekti \/ M\u010c Praha 6 Kulturn\u00ed centrum Ka\u0161tan na B\u0159evnov\u011b&hellip;\n","protected":false},"author":2,"featured_media":155064,"comment_status":"","ping_status":"","sticky":false,"template":"","format":"standard","meta":{"footnotes":"","_share_on_mastodon":"0"},"categories":[30],"tags":[39341,39342,98,99,1017,945],"class_list":["post-155063","post","type-post","status-publish","format-standard","has-post-thumbnail","category-praha","tag-kastan","tag-kc-kastan","tag-prague","tag-praha","tag-praha-6","tag-soutez"],"share_on_mastodon":{"url":"https:\/\/pubeurope.com\/@cz\/116963558562151656","error":""},"_links":{"self":[{"href":"https:\/\/www.europesays.com\/cz\/wp-json\/wp\/v2\/posts\/155063","targetHints":{"allow":["GET"]}}],"collection":[{"href":"https:\/\/www.europesays.com\/cz\/wp-json\/wp\/v2\/posts"}],"about":[{"href":"https:\/\/www.europesays.com\/cz\/wp-json\/wp\/v2\/types\/post"}],"author":[{"embeddable":true,"href":"https:\/\/www.europesays.com\/cz\/wp-json\/wp\/v2\/users\/2"}],"replies":[{"embeddable":true,"href":"https:\/\/www.europesays.com\/cz\/wp-json\/wp\/v2\/comments?post=155063"}],"version-history":[{"count":0,"href":"https:\/\/www.europesays.com\/cz\/wp-json\/wp\/v2\/posts\/155063\/revisions"}],"wp:featuredmedia":[{"embeddable":true,"href":"https:\/\/www.europesays.com\/cz\/wp-json\/wp\/v2\/media\/155064"}],"wp:attachment":[{"href":"https:\/\/www.europesays.com\/cz\/wp-json\/wp\/v2\/media?parent=155063"}],"wp:term":[{"taxonomy":"category","embeddable":true,"href":"https:\/\/www.europesays.com\/cz\/wp-json\/wp\/v2\/categories?post=155063"},{"taxonomy":"post_tag","embeddable":true,"href":"https:\/\/www.europesays.com\/cz\/wp-json\/wp\/v2\/tags?post=155063"}],"curies":[{"name":"wp","href":"https:\/\/api.w.org\/{rel}","templated":true}]}}