{"id":155259,"date":"2026-07-22T15:18:12","date_gmt":"2026-07-22T15:18:12","guid":{"rendered":"https:\/\/www.europesays.com\/cz\/155259\/"},"modified":"2026-07-22T15:18:12","modified_gmt":"2026-07-22T15:18:12","slug":"biatlonova-hvezda-hanna-obergova-je-tehotna-prvni-dite-ceka-s-reprezentacnim-kolegou-martinem-ponsiluomou-expres-cz","status":"publish","type":"post","link":"https:\/\/www.europesays.com\/cz\/155259\/","title":{"rendered":"Biatlonov\u00e1 hv\u011bzda Hanna \u00d6bergov\u00e1 je t\u011bhotn\u00e1. Prvn\u00ed d\u00edt\u011b \u010dek\u00e1 s reprezenta\u010dn\u00edm kolegou Martinem Ponsiluomou &#8211; Expres.cz"},"content":{"rendered":"<p><a href=\"https:\/\/news.google.com\/rss\/articles\/CBMi1gFBVV95cUxOWHpsM0hmekp6emFFVm1BZ01VdEZub1hfNG80TzRpVF8yOFRzY2VEYnZKTnlVSzJsUVVteFZlNlRvUXdIa3FEZ3RWNURrUjV3Zy1Cb3kxREdBSmNFTmNsdjNmSDVUa0pNc3ZYZ01VZHh6R0FyS3g5S28xcXFObnJOSVB5cnZkYVhvNEhqbk1KMWRJX1M1a3lYVlhlY1BZbkN0c0IyNmpfb00wOHNUdGI4MmZrbmpVQ2Z0ckxuYmVFMEp0UHY0Um9ESnBmdjB1TUpvRmFUUVB3?oc=5\" target=\"_blank\" rel=\"nofollow noopener\">Biatlonov\u00e1 hv\u011bzda Hanna \u00d6bergov\u00e1 je t\u011bhotn\u00e1. Prvn\u00ed d\u00edt\u011b \u010dek\u00e1 s reprezenta\u010dn\u00edm kolegou Martinem Ponsiluomou<\/a>&nbsp;&nbsp;Expres.cz<a href=\"https:\/\/news.google.com\/rss\/articles\/CBMisAFBVV95cUxQYVZ1MzVUZFdLLWt6ZTdaUWJGYUZVeTN5REI3cHA1T3RSd3JxT2hGRmZyVzloLWNJUkRjSFZKYUlaWFJ0bUNpRzBXeUNyYjBGVmZOMkZYaEhDWGUza3lEa1VnSmdDT2o3TnhIc1ZWT2psOV93aFBycXh3NXFVNS1Nd1lWWWFvMG16bVVXdWRtVzlvVzM4czhxLVNKVG54anJYX1lOZ0xxQzB6enpQSWt2aA?oc=5\" target=\"_blank\" rel=\"nofollow noopener\">Hv\u011bzdn\u00fd biatlonov\u00fd p\u00e1r p\u0159ekvapil radostnou zpr\u00e1vou. \u010cek\u00e1 d\u00edt\u011b<\/a>&nbsp;&nbsp;Sport.cz<a href=\"https:\/\/news.google.com\/rss\/articles\/CBMi3AFBVV95cUxNRWlUMU9Ka0FIS0Q5VEYxR0pGMDRRQjJjVnFmUzh1bG9qSGlHV1BWTnNpYlVhQVdfRnBCcGYwRFlMd0pQQl9rLUltN2FwQnFGNHRrYlhSdTk1d21MaU9oUlRMWTdwTV9mcFh4ZnZMb3BTb2N3NklXb1VnY1ZiSGNiVVp0Zlc0YkV4YWJmanBCT1V3dHJaUGQtbzd4V095eEUzcWNmMVZ5UlZwTlpuSzIyWmlEYjdXMUQyNkI1SDRDWThvSVh2amdnV3RHNW11LVVfLS1VLWNLejF4M1k1?oc=5\" target=\"_blank\" rel=\"nofollow noopener\">Diskuse: Hv\u011bzdn\u00fd olympijsk\u00fd biatlonov\u00fd p\u00e1r brzy p\u0159iv\u00edt\u00e1 potomka<\/a>&nbsp;&nbsp;iDNES.cz<a href=\"https:\/\/news.google.com\/rss\/articles\/CBMirAFBVV95cUxOMDI0TDBwUlNfNmdtTmtYZXc3aldyUzgyeUx0ZENjUS1RUHlQdHpoaFJ1VFI1THIwNG9LMnlUODloY0IzTnZ4ZVdZMnBtSEhVd09Fb19LSk1MZXp6ZF9GdF9KeW5UclhWaTZ0NXZhTUV1TmVKUGtvZVJja2d6TEFfN1pPM2cyMGdia1IwS1dha3kwSjVXWEQtUW9KeFlIR1p6ZkhQRXR3YkV4TGk5?oc=5\" target=\"_blank\" rel=\"nofollow noopener\">M\u00edsto medail\u00ed d\u011btsk\u00e1 v\u00fdbavi\u010dka. Slavn\u00fd biatlonov\u00fd p\u00e1r bude m\u00edt potomka<\/a>&nbsp;&nbsp;TN.cz<a href=\"https:\/\/news.google.com\/rss\/articles\/CBMi7gFBVV95cUxPNGhzY0M5R1JtZTQ1TGJYZDI1VFp6UEF0a0Y5NnM4VlE1aV9Bd3lRYUtHT0gyVF9zMnQ5MDNvS3VlNXFOZmhLTVJPS3V2anU0cjdjVmc5ZUhacXZMaFBYLXh1YXNKdktxdlNsUUM3aVB6WWdtaTJ4SzBkRGhKaTBla2NOaktRbmZDZVdqaDAyUW5sR3U5aXpzQVpCVFRYVWhMczRZejRFcnZaR3dVNk43bWhOZ2haRkEwUjQ2cDdsRV9Ia24xczVvSVdtUWZpcWdlRS0zbmVuNTlwUE5zVlBuNUFSRkg1TUNoTWN5UEl3?oc=5\" target=\"_blank\" rel=\"nofollow noopener\">\u0160\u0165astn\u00e1 novinka z biatlonu! Hanna \u00d6bergov\u00e1 ozn\u00e1mila t\u011bhotenstv\u00ed, potomka \u010dek\u00e1 s kolegou<\/a>&nbsp;&nbsp;iSport.cz<\/p>\n","protected":false},"excerpt":{"rendered":"Biatlonov\u00e1 hv\u011bzda Hanna \u00d6bergov\u00e1 je t\u011bhotn\u00e1. Prvn\u00ed d\u00edt\u011b \u010dek\u00e1 s reprezenta\u010dn\u00edm kolegou Martinem Ponsiluomou&nbsp;&nbsp;Expres.czHv\u011bzdn\u00fd biatlonov\u00fd p\u00e1r p\u0159ekvapil radostnou&hellip;\n","protected":false},"author":2,"featured_media":155260,"comment_status":"","ping_status":"","sticky":false,"template":"","format":"standard","meta":{"footnotes":"","_share_on_mastodon":"0"},"categories":[15],"tags":[1109,94,93],"class_list":["post-155259","post","type-post","status-publish","format-standard","has-post-thumbnail","category-sport","tag-biatlon","tag-sport","tag-sports"],"share_on_mastodon":{"url":"https:\/\/pubeurope.com\/@cz\/116964301405381257","error":""},"_links":{"self":[{"href":"https:\/\/www.europesays.com\/cz\/wp-json\/wp\/v2\/posts\/155259","targetHints":{"allow":["GET"]}}],"collection":[{"href":"https:\/\/www.europesays.com\/cz\/wp-json\/wp\/v2\/posts"}],"about":[{"href":"https:\/\/www.europesays.com\/cz\/wp-json\/wp\/v2\/types\/post"}],"author":[{"embeddable":true,"href":"https:\/\/www.europesays.com\/cz\/wp-json\/wp\/v2\/users\/2"}],"replies":[{"embeddable":true,"href":"https:\/\/www.europesays.com\/cz\/wp-json\/wp\/v2\/comments?post=155259"}],"version-history":[{"count":0,"href":"https:\/\/www.europesays.com\/cz\/wp-json\/wp\/v2\/posts\/155259\/revisions"}],"wp:featuredmedia":[{"embeddable":true,"href":"https:\/\/www.europesays.com\/cz\/wp-json\/wp\/v2\/media\/155260"}],"wp:attachment":[{"href":"https:\/\/www.europesays.com\/cz\/wp-json\/wp\/v2\/media?parent=155259"}],"wp:term":[{"taxonomy":"category","embeddable":true,"href":"https:\/\/www.europesays.com\/cz\/wp-json\/wp\/v2\/categories?post=155259"},{"taxonomy":"post_tag","embeddable":true,"href":"https:\/\/www.europesays.com\/cz\/wp-json\/wp\/v2\/tags?post=155259"}],"curies":[{"name":"wp","href":"https:\/\/api.w.org\/{rel}","templated":true}]}}