{"id":155480,"date":"2026-07-22T19:14:13","date_gmt":"2026-07-22T19:14:13","guid":{"rendered":"https:\/\/www.europesays.com\/cz\/155480\/"},"modified":"2026-07-22T19:14:13","modified_gmt":"2026-07-22T19:14:13","slug":"modernizovana-kia-niro-ma-ceske-ceny-stoji-lehce-pres-700-tisic-a-nabidne-jediny-motor","status":"publish","type":"post","link":"https:\/\/www.europesays.com\/cz\/155480\/","title":{"rendered":"Modernizovan\u00e1 Kia Niro m\u00e1 \u010desk\u00e9 ceny. Stoj\u00ed lehce p\u0159es 700\u00a0tis\u00edc a\u00a0nab\u00eddne jedin\u00fd motor"},"content":{"rendered":"<p class=\"b_bs\">Faceliftovan\u00e1 <a data-dot=\"atm-link\" target=\"_blank\" href=\"https:\/\/www.garaz.cz\/clanek\/novinky-ze-sveta-automobilek-kia-niro-ma-po-faceliftu-oblibene-suv-sazi-na-jediny-pohon-a-pozor-elektricky-neni-21017050\" class=\"b_X\" rel=\"nofollow noopener\">Kia Niro<\/a> u\u017e vypad\u00e1 podobn\u011b jako ostatn\u00ed novinky zna\u010dky, m\u00e1 nov\u00e1 kola, volant, p\u0159epracovanou palubn\u00ed desku a\u00a0sdru\u017een\u00e9 displeje infosyst\u00e9mu a\u00a0bud\u00edk\u016f. Ve standardu m\u00e1 SUV objem kufru a\u017e 430\u00a0litr\u016f, ta\u017enou kapacitu 1\u00a0010\u00a0kg, 42litrovou palivovou n\u00e1dr\u017e nebo sv\u011btlou v\u00fd\u0161ku 160\u00a0mm.<\/p>\n<p><a data-dot=\"atm-link\" aria-hidden=\"true\" tabindex=\"-1\" href=\"https:\/\/www.garaz.cz\/clanek\/testy-prvni-dojmy-kia-seltos-motory-rozmery-kufr-vybava-cena-21017356\" class=\"b_X o_gY\" rel=\"nofollow noopener\" target=\"_blank\"><img fetchpriority=\"high\" height=\"861\"   width=\"1530\" src=\"https:\/\/www.europesays.com\/cz\/wp-content\/uploads\/2026\/07\/1784747651_705_kia-seltos.jpeg\" loading=\"eager\" decoding=\"sync\" class=\"b_D b_B\"\/><\/a><\/p>\n<p class=\"b_bs\">Jedin\u00e1 dostupn\u00e1 motorizace p\u0159ipraven\u00e1 pro normu EURO 7\u00a0je samonab\u00edjec\u00ed hybrid (<a data-dot=\"atm-link\" target=\"_blank\" href=\"https:\/\/www.garaz.cz\/tag\/hybrid-hev-66419\" class=\"b_X\" rel=\"nofollow noopener\">HEV<\/a>) slo\u017een\u00fd ze \u010dty\u0159v\u00e1lce o\u00a0objemu 1,6\u00a0litru a\u00a0elektromotoru, kter\u00fd \u010derp\u00e1 energii z\u00a0akumul\u00e1toru o\u00a0kapacit\u011b 1,32\u00a0kWh. Syst\u00e9mov\u00fd v\u00fdkon dosahuje 138\u00a0kon\u00ed a\u00a0to\u010div\u00fd moment 265\u00a0Nm, kter\u00fd putuje skrze \u0161estirychlostn\u00ed automat na p\u0159edn\u00ed kola.<\/p>\n<p class=\"b_bs\">Nejvy\u0161\u0161\u00ed rychlosti \u010din\u00ed 170\u00a0km\/h, k\u00a0akceleraci z\u00a0nuly na sto pot\u0159ebuje Niro 11,3\u00a0sekundy a\u00a0normovan\u00e1 spot\u0159eba na 16palcov\u00fdch kolech dosahuje 4,6\u00a0litru na sto, zat\u00edmco na 18palcov\u00fdch disc\u00edch v\u016fz jezd\u00ed za 5,1\u00a0litru na sto.<\/p>\n<p><img height=\"428\"   width=\"2074\" src=\"https:\/\/www.europesays.com\/cz\/wp-content\/uploads\/2026\/07\/kia-niro-2027.png\" loading=\"eager\" decoding=\"sync\" class=\"b_D b_B\"\/>Foto: Kia<\/p>\n<p class=\"b_bs\">Cen\u00edk modernizovan\u00e9ho SUV Kia Niro modelov\u00e9ho roku 2027.<\/p>\n<p class=\"b_bs\">Z\u00e1kladn\u00ed v\u00fdbava Comfort za\u010d\u00edn\u00e1 na \u010d\u00e1stce 714\u00a0980\u00a0K\u010d a\u00a0nab\u00eddne nap\u0159\u00edklad 16palcov\u00e9 hlin\u00edkov\u00e9 disky, LED sv\u011btlomety, bezkl\u00ed\u010dov\u00fd vstup i\u00a0start, dvouz\u00f3novou klimatizaci, mal\u00fd p\u0159\u00edstrojov\u00fd \u0161t\u00edt (4\u00a0palce), loketn\u00ed op\u011brku, l\u00e1tkov\u00e9 \u010daloun\u011bn\u00ed, adaptivn\u00ed tempomat, parkovac\u00ed senzory, akustick\u00e9 \u010deln\u00ed sklo nebo bal\u00edk asistent\u016f.<\/p>\n<p class=\"b_bs\">Prost\u0159edn\u00ed specifikace Style startuje od 769\u00a0980\u00a0K\u010d a\u00a0proti z\u00e1kladu m\u00e1 nav\u00edc elektricky sklopn\u00e1 zrc\u00e1tka, navigaci, zatmaven\u00e1 zadn\u00ed skla, zadn\u00ed v\u00fddechy ventilace ze st\u0159edov\u00e9ho tunelu, vyh\u0159\u00edvan\u00e1 p\u0159edn\u00ed sedadla a\u00a0volant, de\u0161\u0165ov\u00fd senzor, elektrochromatick\u00e9 vnit\u0159n\u00ed zp\u011btn\u00e9 zrc\u00e1tko, ovlada\u010de pro \u0159\u00edzen\u00ed rekuperace pod volantem, asistent pro j\u00edzdu na d\u00e1lnici, ambientn\u00ed osv\u011btlen\u00ed nebo \u010daloun\u011bn\u00ed sedadel v\u00a0kombinaci l\u00e1tka a\u00a0um\u011bl\u00e1 k\u016f\u017ee.<\/p>\n<p class=\"b_bs\">Nejvy\u0161\u0161\u00ed proveden\u00ed Premium za 879\u00a0980\u00a0K\u010d p\u0159id\u00e1 je\u0161t\u011b elektricky ovl\u00e1dan\u00e9 p\u00e1t\u00e9 dve\u0159e, pr\u00e9miov\u00e9 audio, bezdr\u00e1tovou <a data-dot=\"atm-link\" target=\"_blank\" href=\"https:\/\/www.garaz.cz\/clanek\/novinky-ze-sveta-automobilek-skodovka-vyvinula-chytrou-a-velmi-uzitecnou-vychytavku-kterou-dostanou-i-ostatni-znacky-koncernu-vw-21017382\" class=\"b_X\" rel=\"nofollow noopener\">nab\u00edje\u010dku mobil\u016f<\/a>, hlin\u00edkov\u00e9 ped\u00e1ly, \u010daloun\u011bn\u00ed sedadel z\u00a0um\u011bl\u00e9 k\u016f\u017ee, roz\u0161\u00ed\u0159en\u00e9 asisten\u010dn\u00ed syst\u00e9my, pln\u011b diodov\u00e9 sv\u011btlomety, v\u011bt\u0161\u00ed digit\u00e1ln\u00ed p\u0159\u00edstrojov\u00fd \u0161t\u00edt (12,3\u00a0palce), v\u00fdh\u0159ev zadn\u00edch sedadel, elektricky nastaviteln\u00e9 sedadlo \u0159idi\u010de, p\u0159edn\u00ed mlhovky a\u00a0\u0159adu p\u0159\u00edplatkov\u00fdch paket\u016f.<\/p>\n<p class=\"b_bs\">Pod\u00edvejte se na alternativu k\u00a0modelu Niro. P\u0159edstavujeme Kiu Seltos.Video: Kia<\/p>\n<p class=\"b_bs\">Na v\u00fdb\u011br m\u00e1te z\u00a0deseti lak\u016f (metal\u00edza stoj\u00ed 20\u00a0000\u00a0K\u010d), pro nejvy\u0161\u0161\u00ed v\u00fdbavu Premium jsou voliteln\u00e9 je\u0161t\u011b nap\u0159\u00edklad 18palcov\u00e9 disky (15\u00a0000\u00a0K\u010d) nebo\u00a0sv\u011btl\u00fd interi\u00e9r (10\u00a0000\u00a0K\u010d).<\/p>\n<p class=\"b_bs\">Podobn\u011b jako ostatn\u00ed modely Kia, je i\u00a0modernizovan\u00e9 Niro kryt\u00e9 sedmiletou z\u00e1rukou, omezenou na 150\u00a0000\u00a0km, prvn\u00ed t\u0159i roky z\u00e1ruky jsou bez omezen\u00ed n\u00e1jezdu.<\/p>\n<p><a data-dot=\"atm-link\" aria-hidden=\"true\" tabindex=\"-1\" href=\"https:\/\/www.garaz.cz\/clanek\/novinky-modernizovany-crossover-kia-xceed-ma-ceske-ceny-startuji-hluboko-pod-pul-milionem-21017307\" class=\"b_X o_gY\" rel=\"nofollow noopener\" target=\"_blank\"><img height=\"904\"   width=\"1608\" src=\"https:\/\/www.europesays.com\/cz\/wp-content\/uploads\/2026\/07\/1784747653_590_kia-xceed.jpeg\" loading=\"eager\" decoding=\"sync\" class=\"b_D b_B\"\/><\/a><\/p>\n","protected":false},"excerpt":{"rendered":"Faceliftovan\u00e1 Kia Niro u\u017e vypad\u00e1 podobn\u011b jako ostatn\u00ed novinky zna\u010dky, m\u00e1 nov\u00e1 kola, volant, p\u0159epracovanou palubn\u00ed desku a\u00a0sdru\u017een\u00e9&hellip;\n","protected":false},"author":2,"featured_media":155481,"comment_status":"","ping_status":"","sticky":false,"template":"","format":"standard","meta":{"footnotes":"","_share_on_mastodon":"0"},"categories":[12],"tags":[67,68,5141,7930,16935],"class_list":["post-155480","post","type-post","status-publish","format-standard","has-post-thumbnail","category-byznys","tag-business","tag-byznys","tag-ceny-aut","tag-kia","tag-kia-niro"],"share_on_mastodon":{"url":"https:\/\/pubeurope.com\/@cz\/116965230381758201","error":""},"_links":{"self":[{"href":"https:\/\/www.europesays.com\/cz\/wp-json\/wp\/v2\/posts\/155480","targetHints":{"allow":["GET"]}}],"collection":[{"href":"https:\/\/www.europesays.com\/cz\/wp-json\/wp\/v2\/posts"}],"about":[{"href":"https:\/\/www.europesays.com\/cz\/wp-json\/wp\/v2\/types\/post"}],"author":[{"embeddable":true,"href":"https:\/\/www.europesays.com\/cz\/wp-json\/wp\/v2\/users\/2"}],"replies":[{"embeddable":true,"href":"https:\/\/www.europesays.com\/cz\/wp-json\/wp\/v2\/comments?post=155480"}],"version-history":[{"count":0,"href":"https:\/\/www.europesays.com\/cz\/wp-json\/wp\/v2\/posts\/155480\/revisions"}],"wp:featuredmedia":[{"embeddable":true,"href":"https:\/\/www.europesays.com\/cz\/wp-json\/wp\/v2\/media\/155481"}],"wp:attachment":[{"href":"https:\/\/www.europesays.com\/cz\/wp-json\/wp\/v2\/media?parent=155480"}],"wp:term":[{"taxonomy":"category","embeddable":true,"href":"https:\/\/www.europesays.com\/cz\/wp-json\/wp\/v2\/categories?post=155480"},{"taxonomy":"post_tag","embeddable":true,"href":"https:\/\/www.europesays.com\/cz\/wp-json\/wp\/v2\/tags?post=155480"}],"curies":[{"name":"wp","href":"https:\/\/api.w.org\/{rel}","templated":true}]}}