{"id":155639,"date":"2026-07-22T23:36:14","date_gmt":"2026-07-22T23:36:14","guid":{"rendered":"https:\/\/www.europesays.com\/cz\/155639\/"},"modified":"2026-07-22T23:36:14","modified_gmt":"2026-07-22T23:36:14","slug":"nervozita-ta-sem-nepatri-hlasi-horejs-pred-evropskou-bitvou-v-norsku","status":"publish","type":"post","link":"https:\/\/www.europesays.com\/cz\/155639\/","title":{"rendered":"Nervozita? Ta sem nepat\u0159\u00ed, hl\u00e1s\u00ed Horej\u0161 p\u0159ed evropskou bitvou v\u00a0Norsku"},"content":{"rendered":"<p class=\"b_bF\">Troms\u00f6 (od na\u0161eho zpravodaje)\u00a0\u2013 Kdy\u017e do tiskov\u00e9ho centra komorn\u00ed Romssa Areny dorazili tren\u00e9r David Horej\u0161 s\u00a0kapit\u00e1nem Vladim\u00edrem Daridou, bylo zn\u00e1t, \u017ee se bl\u00ed\u017e\u00ed velk\u00fd ve\u010der.<\/p>\n<p class=\"b_bF\">P\u0159edev\u0161\u00edm Horej\u0161, zn\u00e1m\u00fd svou bezprost\u0159ednost\u00ed, tentokr\u00e1t p\u016fsobil nezvykle soust\u0159ed\u011bn\u011b. <\/p>\n<p><a data-dot=\"atm-link\" target=\"_self\" href=\"https:\/\/www.sport.cz\/clanek\/fotbal-evropska-liga-obrovska-ztrata-pred-evropskou-bitvou-klicovy-stoper-hradce-bude-chybet-nekolik-tydnu-5506676\" class=\"b_V g_ia\" rel=\"nofollow noopener\"><img fetchpriority=\"high\" height=\"2730\" width=\"3641\" src=\"https:\/\/www.europesays.com\/cz\/wp-content\/uploads\/2026\/07\/1784763371_109_8e69.jpeg\" loading=\"eager\" decoding=\"sync\" class=\"b_B b_z\"\/><\/a><\/p>\n<p class=\"b_bF\">\u201eNechceme tady b\u00fdt ale nerv\u00f3zn\u00ed. Na tuhle \u00farove\u0148 to nepat\u0159\u00ed. Sna\u017e\u00edme se s\u00a0kluky o\u00a0tom mluvit a\u00a0naopak z\u00e1pas br\u00e1t jako velkou motivaci. Nesm\u00edme m\u00edt strach uk\u00e1zat, \u017ee Hradec m\u00e1 kvalitu a\u00a0je pr\u00e1vem na t\u00e9to \u00farovni,\u201c odm\u00edtl Horej\u0161 nervozitu p\u0159ed \u010dtvrte\u010dn\u00ed bitvou.<\/p>\n<p class=\"b_bF\">\u201eV kabin\u011b to neust\u00e1le \u0159e\u0161\u00edme. Ur\u010dit\u011b chyst\u00e1m n\u011bjak\u00fd p\u0159edz\u00e1pasov\u00fd proslov ke kluk\u016fm. Budu se muset p\u0159ipravit,\u201c usm\u00edval se kapit\u00e1n Darida.<\/p>\n<p class=\"b_bF\">V Hradci si dob\u0159e uv\u011bdomuj\u00ed, \u017ee je \u010dek\u00e1 po\u0159\u00e1dn\u011b t\u011b\u017ek\u00e1 p\u00edsemka. Troms\u00f6 vede norskou ligu a\u00a0v k\u00e1dru m\u00e1 n\u011bkolik talent\u016f, o\u00a0kter\u00e9 se zaj\u00edmaj\u00ed kluby z\u00a0p\u0159edn\u00edch evropsk\u00fdch sout\u011b\u017e\u00ed.<\/p>\n<p class=\"b_bF\">\u201eM\u00e1me je nasledovan\u00e9. Chystali jsme se p\u0159edev\u0161\u00edm na jejich t\u00fdmov\u00e9 pojet\u00ed. V\u00edme, \u017ee maj\u00ed zku\u0161en\u00e9 st\u0159edn\u00ed hr\u00e1\u010de, vep\u0159edu velmi kvalitn\u00ed technick\u00e9 a\u00a0rychl\u00e9 hr\u00e1\u010de. Nav\u00edc vzadu vysok\u00e9 stopery se skv\u011blou rozehr\u00e1vkou a\u00a0neboj\u00ed se napadat. Jsme si v\u011bdomi, \u017ee n\u00e1s \u010dek\u00e1 opravdu t\u011b\u017ek\u00fd z\u00e1pas, ale sna\u017eili jsme se p\u0159ij\u00edt na jejich slabiny,\u201c rozeb\u00edral s\u00edlu soupe\u0159e hradeck\u00fd kapit\u00e1n.<\/p>\n<p><a data-dot=\"atm-link\" target=\"_self\" href=\"https:\/\/www.sport.cz\/clanek\/fotbal-evropska-liga-cesta-na-konec-fotbaloveho-sveta-hradec-pred-evropskym-navratem-resil-specificke-podminky-v-tromso-5506547\" class=\"b_V g_ia\" rel=\"nofollow noopener\"><img height=\"2730\" width=\"3641\" src=\"https:\/\/www.europesays.com\/cz\/wp-content\/uploads\/2026\/07\/1784748909_904_247a.jpeg\" loading=\"eager\" decoding=\"sync\" class=\"b_B b_z\"\/><\/a><\/p>\n<p class=\"b_bF\">Nej\u010dast\u011bji se p\u0159ed z\u00e1pasem sklo\u0148ovalo jm\u00e9no mimo\u0159\u00e1dn\u011b talentovan\u00e9ho Jense Dahla. Podle serveru Transfermarkt m\u00e1 dvacetilet\u00fd z\u00e1lo\u017en\u00edk hodnotu deseti milion\u016f eur a\u00a0z\u00e1jem o\u00a0n\u011bj \u00fadajn\u011b projevuj\u00ed nap\u0159\u00edklad Rangers nebo Besikta\u015f.<\/p>\n<p class=\"b_bF\">\u201eJe to skv\u011bl\u00fd hr\u00e1\u010d, ale douf\u00e1m, \u017ee nep\u016fjde jen o\u00a0n\u00e1\u0161 souboj. Ur\u010dit\u011b se budeme potk\u00e1vat a\u00a0\u010dek\u00e1 m\u011b n\u00e1ro\u010dn\u00e1 bitva s\u00a0n\u00edm, ale v\u011b\u0159\u00edm, \u017ee vyu\u017eiji zku\u0161enost\u00ed a\u00a0budu p\u0159ipraven ho pohl\u00eddat. A\u00a0naopak i\u00a0vyu\u017eiju m\u00e9 kvality pro n\u00e1\u0161 t\u00fdm dop\u0159edu,\u201c doplnil Darida.<\/p>\n<p class=\"b_bF\">\u201eNen\u00ed to jen o\u00a0n\u011bm. Maj\u00ed skv\u011ble poskl\u00e1dan\u00e9 mu\u017estvo. Maj\u00ed skv\u011blou v\u00fdstavbu hry od g\u00f3lmana p\u0159es stopery. Jsou kombina\u010dn\u011b siln\u00ed a\u00a0v\u00edme, na co si d\u00e1t pozor. A\u017e samotn\u00fd z\u00e1pas v\u0161ak uk\u00e1\u017ee, co n\u00e1s \u010dek\u00e1,\u201c dodal hradeck\u00fd tren\u00e9r.<\/p>\n<p class=\"b_bF\">V\u00fdchodo\u010de\u0161i ale necht\u011bj\u00ed do Norska p\u0159ijet jen br\u00e1nit. Dob\u0159e v\u011bd\u00ed, \u017ee dvojz\u00e1pas se bude l\u00e1mat a\u017e za t\u00fdden v\u00a0Hradci Kr\u00e1lov\u00e9.<\/p>\n<p class=\"b_bF\">\u201eSoust\u0159ed\u00edme se hlavn\u011b na n\u00e1\u0161 v\u00fdkon. Chceme uhr\u00e1t co nejlep\u0161\u00ed v\u00fdsledek. V\u011b\u0159\u00edm, \u017ee si vytvo\u0159\u00edme takovou pozici, abychom se v\u00a0odvet\u011b mohli porvat o\u00a0postup do dal\u0161\u00edho p\u0159edkola,\u201c uzav\u0159el Horej\u0161.<\/p>\n<p><a data-dot=\"atm-link\" target=\"_self\" href=\"https:\/\/www.sport.cz\/clanek\/fotbal-evropska-liga-mate-pocit-ze-jste-na-konci-sveta-popisuje-cesky-utocnik-mesto-kde-ceka-hradec-navrat-do-evropy-5505982\" class=\"b_V g_ia\" rel=\"nofollow noopener\"><img height=\"765\" width=\"1020\" src=\"https:\/\/www.europesays.com\/cz\/wp-content\/uploads\/2026\/07\/1784748911_643_sport-fotbal-tromso-ondrasek.jpeg\" loading=\"eager\" decoding=\"sync\" class=\"b_B b_z\"\/><\/a><\/p>\n","protected":false},"excerpt":{"rendered":"Troms\u00f6 (od na\u0161eho zpravodaje)\u00a0\u2013 Kdy\u017e do tiskov\u00e9ho centra komorn\u00ed Romssa Areny dorazili tren\u00e9r David Horej\u0161 s\u00a0kapit\u00e1nem Vladim\u00edrem Daridou,&hellip;\n","protected":false},"author":2,"featured_media":153035,"comment_status":"","ping_status":"","sticky":false,"template":"","format":"standard","meta":{"footnotes":"","_share_on_mastodon":"0"},"categories":[15],"tags":[3339,1271,326,3065,94,93,39272,4385],"class_list":["post-155639","post","type-post","status-publish","format-standard","has-post-thumbnail","category-sport","tag-david-horejs","tag-fc-hradec-kralove","tag-fotbal","tag-norsko","tag-sport","tag-sports","tag-tromso","tag-vladimir-darida"],"share_on_mastodon":{"url":"https:\/\/pubeurope.com\/@cz\/116966259967454234","error":""},"_links":{"self":[{"href":"https:\/\/www.europesays.com\/cz\/wp-json\/wp\/v2\/posts\/155639","targetHints":{"allow":["GET"]}}],"collection":[{"href":"https:\/\/www.europesays.com\/cz\/wp-json\/wp\/v2\/posts"}],"about":[{"href":"https:\/\/www.europesays.com\/cz\/wp-json\/wp\/v2\/types\/post"}],"author":[{"embeddable":true,"href":"https:\/\/www.europesays.com\/cz\/wp-json\/wp\/v2\/users\/2"}],"replies":[{"embeddable":true,"href":"https:\/\/www.europesays.com\/cz\/wp-json\/wp\/v2\/comments?post=155639"}],"version-history":[{"count":0,"href":"https:\/\/www.europesays.com\/cz\/wp-json\/wp\/v2\/posts\/155639\/revisions"}],"wp:featuredmedia":[{"embeddable":true,"href":"https:\/\/www.europesays.com\/cz\/wp-json\/wp\/v2\/media\/153035"}],"wp:attachment":[{"href":"https:\/\/www.europesays.com\/cz\/wp-json\/wp\/v2\/media?parent=155639"}],"wp:term":[{"taxonomy":"category","embeddable":true,"href":"https:\/\/www.europesays.com\/cz\/wp-json\/wp\/v2\/categories?post=155639"},{"taxonomy":"post_tag","embeddable":true,"href":"https:\/\/www.europesays.com\/cz\/wp-json\/wp\/v2\/tags?post=155639"}],"curies":[{"name":"wp","href":"https:\/\/api.w.org\/{rel}","templated":true}]}}