{"id":155676,"date":"2026-07-23T03:46:10","date_gmt":"2026-07-23T03:46:10","guid":{"rendered":"https:\/\/www.europesays.com\/cz\/155676\/"},"modified":"2026-07-23T03:46:10","modified_gmt":"2026-07-23T03:46:10","slug":"slavni-sourozenci-v-ceskem-showbyznysu","status":"publish","type":"post","link":"https:\/\/www.europesays.com\/cz\/155676\/","title":{"rendered":"Slavn\u00ed sourozenci v \u010desk\u00e9m showbyznysu"},"content":{"rendered":"<p class=\"b_bt\">B\u00fdt n\u011b\u010d\u00ed <a data-dot=\"atm-link\" target=\"_blank\" href=\"https:\/\/www.prozeny.cz\/clanek\/rodina-rodinne-vztahy-bracha-me-pripravil-o-barak-proc-se-vztahy-mezi-sourozenci-v-dospelosti-tak-casto-meni-k-horsimu-102392\" class=\"b_f\" rel=\"nofollow noopener\">bratr nebo sestra<\/a> je naprosto specifick\u00fd vztah. A\u00a0co teprve, kdy\u017e se sejdou dva um\u011blci v\u00a0jedn\u00e9 rodin\u011b! Kdo z\u00a0na\u0161ich prominent\u016f p\u0159ivedl sv\u00e9ho sourozence ke kum\u0161tu a\u00a0kdo se do n\u011bj naopak \u201evloudil\u201c bl\u00edzk\u00e9mu natruc?<\/p>\n<p>Ji\u0159\u00ed a\u00a0Alena \u0160tr\u00e9blovi<\/p>\n<p class=\"b_bt\"><a data-dot=\"atm-link\" target=\"_blank\" rel=\"noopener nofollow\" href=\"https:\/\/www.super.cz\/clanek\/celebrity-milosi-ty-kuvo-vyryli-mu-kdysi-na-auto-divaci-jiri-strebl-se-ale-za-deset-let-stal-milackem-serialu-ulice-1183238\" class=\"b_f\">Ji\u0159\u00ed \u0160tr\u00e9bl<\/a> se p\u016fvodn\u011b na hereckou dr\u00e1hu nechystal\u00a0\u2013 ostatn\u011b vystudoval Vysokou \u0161kolu ekonomickou. Nakonec se ale d\u00edlem osudu stal \u010dlenem ans\u00e1mblu pra\u017esk\u00e9ho A\u00a0studia. A\u00a0pr\u00e1v\u011b tam \u0161la jeho mlad\u0161\u00ed sestra Alena doprovodit kamar\u00e1dku na konkurz.\u00a0Kdy\u017e tam spat\u0159ila bratra, schv\u00e1ln\u011b se p\u0159ihl\u00e1sila tak\u00e9.<\/p>\n<p class=\"b_bt\">\u201eNem\u011bla jsem pochopiteln\u011b nic p\u0159ipraven\u00e9ho, cht\u011bla jsem sp\u00ed\u0161 provokovat, a\u00a0tak jsem p\u0159edvedla jak\u00fdsi trik s\u00a0utr\u017een\u00fdm palcem a\u00a0pak zarecitovala n\u011bjakou komunistickou b\u00e1sni\u010dku, kterou jsme se u\u010dili ve \u0161kole. No a\u00a0jak u\u017e to tak b\u00fdv\u00e1, kdy\u017e \u010dlov\u011bku o\u00a0nic nejde, v\u011bt\u0161inou mu to vyjde. P\u0159itom jsem cht\u011bla jen vyto\u010dit br\u00e1chu,\u201c sm\u00e1la se\u00a0<a data-dot=\"atm-link\" target=\"_blank\" rel=\"noopener nofollow\" href=\"https:\/\/www.super.cz\/clanek\/celebrity-herecka-alena-streblova-musela-zasadne-omezit-jidelnicek-milena-z-ulice-ma-10-kilo-dole-kvuli-nemoci-strev-1518190\" class=\"b_f\">Alena \u0160tr\u00e9blov\u00e1<\/a> v\u00a0rozhovoru pro iDNES.cz. Dnes jsou oba uzn\u00e1van\u00fdmi um\u011blci a\u00a0p\u0159ed kamerou se ob\u010das potkaj\u00ed v\u00a0seri\u00e1lu <a data-dot=\"atm-link\" target=\"_blank\" href=\"https:\/\/www.prozeny.cz\/clanek\/kviz-kviz-jste-fanousek-ulice-pak-urcite-znate-vsechny-drby-aferky-i-osudy-postav-otestujte-se-101266\" class=\"b_f\" rel=\"nofollow noopener\">Ulice<\/a>.<\/p>\n<p>A\u0148a a\u00a0Ester Geislerovy<\/p>\n<p class=\"b_bt\"><a data-dot=\"atm-link\" target=\"_blank\" href=\"https:\/\/www.prozeny.cz\/tag\/ana-geislerova-10951\" class=\"b_f\" rel=\"nofollow noopener\">A\u0148a Geislerov\u00e1<\/a> do sv\u011bta filmu vstoupila u\u017e v\u00a0patn\u00e1cti letech, kdy\u017e nato\u010dila sn\u00edmek P\u011bjme p\u00edse\u0148 do hola, a\u00a0od t\u00e9 doby sb\u00edr\u00e1 jednu cenu za druhou. Nen\u00ed vlastn\u011b tedy divu, \u017ee se v\u00a0n\u00ed o\u00a0osm let mlad\u0161\u00ed sestra <a data-dot=\"atm-link\" target=\"_blank\" href=\"https:\/\/www.prozeny.cz\/clanek\/zdravi-a-zivotni-styl-zaujalo-nas-podcast-bubliny-ester-geislerova-o-slavne-rodine-tata-byl-krehka-duse-hrdinkou-toho-vseho-je-nase-mama-102685\" class=\"b_f\" rel=\"nofollow noopener\">Ester<\/a> vid\u011bla. A\u00a0d\u00edky n\u00ed odstartovala vlastn\u00ed hereckou kari\u00e9ru.<\/p>\n<p class=\"b_bt\">\u201eKdy\u017e jsem byla mal\u00e1, sestra u\u017e to\u010dila a\u00a0re\u017eis\u00e9\u0159i si za\u010dali v\u0161\u00edmat zrzav\u00e9 hol\u010di\u010dky, kter\u00e1 chod\u00ed na premi\u00e9ry jejich film\u016f. \u0158\u00edkali si, \u017ee by se jim takov\u00e1 hol\u010di\u010dka s\u00a0dlouh\u00fdmi zrzav\u00fdmi vlasy hodila, a\u00a0tak m\u011b za\u010dali obsazovat do v\u0161eho mo\u017en\u00e9ho, od poh\u00e1dek p\u0159es reklamy a\u017e po videoklipy,\u201c vzpom\u00ednala pro Aktu\u00e1ln\u011b.cz. Toto prost\u0159ed\u00ed j\u00ed okam\u017eit\u011b u\u010darovalo. Nakonec sice vystudovala pra\u017eskou Akademii v\u00fdtvarn\u00fdch um\u011bn\u00ed, ale na herectv\u00ed nezanev\u0159ela.<\/p>\n<p><img fetchpriority=\"high\" height=\"933\"   width=\"1400\" src=\"https:\/\/www.europesays.com\/cz\/wp-content\/uploads\/2026\/07\/vip-sourozenci.jpeg\" loading=\"eager\" decoding=\"sync\" class=\"b_u b_s\"\/>Foto: Profimedia.czMat\u011bj a\u00a0Kry\u0161tof H\u00e1dkovi<\/p>\n<p class=\"b_bt\">Jako kluci byli Mat\u011bj a\u00a0Kry\u0161tof H\u00e1dkovi p\u011bkn\u00ed neposedov\u00e9, a\u00a0tak je maminka p\u0159ihl\u00e1sila do dramatick\u00e9ho krou\u017eku. Tam si m\u011bli vyb\u00edt temperament, ale vlastn\u011b jim tak p\u0159edur\u010dila osud. Konzervato\u0159 nejd\u0159\u00edv vystudoval <a data-dot=\"atm-link\" target=\"_blank\" rel=\"noopener nofollow\" href=\"https:\/\/www.super.cz\/clanek\/celebrity-otevreny-rozhovor-s-matejem-hadkem-promluvil-o-strachu-ktery-pocituje-od-narozeni-syna-1292579\" class=\"b_f\">star\u0161\u00ed Mat\u011bj<\/a> a\u00a0po n\u011bm i\u00a0Kry\u0161tof. Spole\u010dn\u011b p\u0159ed kamerou se objevili u\u017e n\u011bkolikr\u00e1t. Asi nejv\u00fdrazn\u011bji ale zaz\u00e1\u0159ili v\u00a0oce\u0148ovan\u00e9m sn\u00edmku Kobry a\u00a0u\u017eovky z\u00a0roku 2015.<\/p>\n<p class=\"b_bt\">\u201eUr\u010dit\u011b pomohlo, \u017ee se zn\u00e1me tak dob\u0159e a\u00a0d\u011bl\u00e1me stejn\u00e9 \u0159emeslo,\u201c l\u00ed\u010dil Mat\u011bj v\u00a0\u010dasopise Instinkt. \u201eM\u00e1me jeden druh\u00e9ho prokouknut\u00e9ho, na spoustu v\u011bc\u00ed se d\u00edv\u00e1me stejn\u011b. I\u00a0na profesi. Proto \u0159\u00edk\u00e1m, \u017ee fakt, \u017ee jsme br\u00e1chov\u00e9, je p\u0159idan\u00e1 hodnota, kter\u00e1 se do filmu hodila.\u201c<\/p>\n<p>Dalibor a\u00a0Ad\u00e9la Gond\u00edkovi<\/p>\n<p class=\"b_bt\">Sourozenci <a data-dot=\"atm-link\" target=\"_blank\" href=\"https:\/\/www.prozeny.cz\/clanek\/podcasty-restart-40-laska-na-druhy-pokus-muze-byt-uspesnejsi-nez-ta-prvni-dukazem-je-i-adela-gondikova-103830\" class=\"b_f\" rel=\"nofollow noopener\">Ad\u00e9la<\/a> a\u00a0Dalibor Gond\u00edkovi vstoupili do pov\u011bdom\u00ed \u0161ir\u0161\u00ed ve\u0159ejnosti jako moder\u00e1torsk\u00e9 duo zhruba na za\u010d\u00e1tku tis\u00edcilet\u00ed. Spole\u010dn\u011b uv\u00e1d\u011bli t\u0159eba Rady pt\u00e1ka Loskut\u00e1ka, Sn\u00eddani s\u00a0Novou \u010di Go Go \u0161ou. A\u00a0i kdy\u017e dneska takto intenzivn\u011b spolu ji\u017e nepracuj\u00ed, r\u00e1di spolu tr\u00e1v\u00ed aspo\u0148\u00a0voln\u00fd \u010das. \u017d\u00e1dnou ponorku ale nem\u00edvaj\u00ed.<\/p>\n<p class=\"b_bt\">\u201eMy jsme mo\u017en\u00e1 divn\u00ed, ale na nervy si nelezeme. N\u00e1\u0161 vztah je jako man\u017eelstv\u00ed. Taky u\u017e v\u00edte, jak\u00e9 vrtochy m\u00e1 man\u017eel, a\u00a0tak se sna\u017e\u00edte. My se tak stra\u0161n\u011b zn\u00e1me i\u00a0d\u00edky tomu, \u017ee jsme z\u00a0jedn\u00e9 krve,\u201c popsala man\u017eelka Ji\u0159\u00edho Langmajera pro Aha!. \u201eAle samoz\u0159ejm\u011b jsme hodn\u011b rozd\u00edln\u00ed. J\u00e1 jsem po t\u00e1tovi a\u00a0D\u00e1da je po m\u00e1m\u011b. J\u00e1 jsem vesel\u00e1 kopa a\u00a0on je velice zaduman\u00fd filozof.\u201c<\/p>\n<p>Luk\u00e1\u0161 a\u00a0Ji\u0159\u00ed Langmajerovi<\/p>\n<p class=\"b_bt\">Tak\u00e9 <a data-dot=\"atm-link\" target=\"_blank\" href=\"https:\/\/www.prozeny.cz\/clanek\/zdravi-a-zivotni-styl-zaujalo-nas-podcast-bubliny-den-ktery-bych-si-rad-zopakoval-moje-druha-svatba-rika-jiri-langmajer-99192\" class=\"b_f\" rel=\"nofollow noopener\">Ji\u0159\u00ed Langmajer<\/a> m\u00e1 v\u00a0bran\u017ei sourozence, a\u00a0to <a data-dot=\"atm-link\" target=\"_blank\" rel=\"noopener nofollow\" href=\"https:\/\/www.super.cz\/clanek\/celebrity-manzelka-mu-odpustila-romanek-s-boho-lukas-langmajer-ted-toka-s-zenou-v-norsku-oddany-milujici-manza-smali-se-lide-1525059\" class=\"b_f\">Luk\u00e1\u0161e Langmajera<\/a>. Jen\u017ee ti tak harmonick\u00fd vztah rozhodn\u011b nemaj\u00ed. U\u017e l\u00e9ta mezi sebou maj\u00ed spory a\u00a0nejsou schopni p\u0159ijmout jeden druh\u00e9ho.<\/p>\n<p class=\"b_bt\">\u201eS br\u00e1chou, douf\u00e1m, najdeme spole\u010dnou \u0159e\u010d ve chv\u00edli, a\u017e oba dosp\u011bjeme. Sna\u017e\u00ed se \u017e\u00edt sv\u016fj \u017eivot, ze kter\u00e9ho \u00fapln\u011b up\u0159\u00edmn\u011b nejsem v\u017edycky nad\u0161en\u00fd. Zkr\u00e1tka, zat\u00edmco n\u011bkter\u00e9 rodiny bez sebe nem\u016f\u017eou b\u00fdt, my, jak se zd\u00e1, ano. Bohu\u017eel,\u201c prozradil Ji\u0159\u00ed u\u017e p\u0159ed \u010dasem t\u00fdden\u00edku T\u00e9ma. A\u00a0od t\u00e9 doby se na tom evidentn\u011b nic nezm\u011bnilo.<\/p>\n","protected":false},"excerpt":{"rendered":"B\u00fdt n\u011b\u010d\u00ed bratr nebo sestra je naprosto specifick\u00fd vztah. A\u00a0co teprve, kdy\u017e se sejdou dva um\u011blci v\u00a0jedn\u00e9 rodin\u011b!&hellip;\n","protected":false},"author":2,"featured_media":155677,"comment_status":"","ping_status":"","sticky":false,"template":"","format":"standard","meta":{"footnotes":"","_share_on_mastodon":"0"},"categories":[14],"tags":[6824,1538,2432,39411,79,12109,6825,4738,4760,18976,10531,80],"class_list":["post-155676","post","type-post","status-publish","format-standard","has-post-thumbnail","category-zabava","tag-adela-gondikova","tag-celebrity","tag-ceske-celebrity","tag-dalibor-gondik","tag-entertainment","tag-ester-geislerova","tag-jiri-langmajer","tag-krystof-hadek","tag-lukas-langmajer","tag-matej-hadek","tag-sourozenci","tag-zabava"],"share_on_mastodon":{"url":"https:\/\/pubeurope.com\/@cz\/116967242826375179","error":""},"_links":{"self":[{"href":"https:\/\/www.europesays.com\/cz\/wp-json\/wp\/v2\/posts\/155676","targetHints":{"allow":["GET"]}}],"collection":[{"href":"https:\/\/www.europesays.com\/cz\/wp-json\/wp\/v2\/posts"}],"about":[{"href":"https:\/\/www.europesays.com\/cz\/wp-json\/wp\/v2\/types\/post"}],"author":[{"embeddable":true,"href":"https:\/\/www.europesays.com\/cz\/wp-json\/wp\/v2\/users\/2"}],"replies":[{"embeddable":true,"href":"https:\/\/www.europesays.com\/cz\/wp-json\/wp\/v2\/comments?post=155676"}],"version-history":[{"count":0,"href":"https:\/\/www.europesays.com\/cz\/wp-json\/wp\/v2\/posts\/155676\/revisions"}],"wp:featuredmedia":[{"embeddable":true,"href":"https:\/\/www.europesays.com\/cz\/wp-json\/wp\/v2\/media\/155677"}],"wp:attachment":[{"href":"https:\/\/www.europesays.com\/cz\/wp-json\/wp\/v2\/media?parent=155676"}],"wp:term":[{"taxonomy":"category","embeddable":true,"href":"https:\/\/www.europesays.com\/cz\/wp-json\/wp\/v2\/categories?post=155676"},{"taxonomy":"post_tag","embeddable":true,"href":"https:\/\/www.europesays.com\/cz\/wp-json\/wp\/v2\/tags?post=155676"}],"curies":[{"name":"wp","href":"https:\/\/api.w.org\/{rel}","templated":true}]}}