{"id":156260,"date":"2026-07-23T14:07:23","date_gmt":"2026-07-23T14:07:23","guid":{"rendered":"https:\/\/www.europesays.com\/cz\/156260\/"},"modified":"2026-07-23T14:07:23","modified_gmt":"2026-07-23T14:07:23","slug":"uruguaysky-hrobnik-mel-vydelat-svemu-sefovi-650-milionu-eur","status":"publish","type":"post","link":"https:\/\/www.europesays.com\/cz\/156260\/","title":{"rendered":"Uruguaysk\u00fd hrobn\u00edk m\u011bl vyd\u011blat sv\u00e9mu \u0161\u00e9fovi 650\u00a0milion\u016f eur"},"content":{"rendered":"<p class=\"b_bF\">Tureck\u00e1 s\u00e1zka\u0159sk\u00e1 af\u00e9ra je proti t\u00e9 \u010desk\u00e9 galaktickou. V\u00a0po\u010dtu zat\u010den\u00fdch lid\u00ed i\u00a0financ\u00ed, kter\u00e9 se v\u00a0n\u00ed oto\u010dily.<\/p>\n<p class=\"b_bF\">Jedn\u00edm z\u00a0hlavn\u00edch podez\u0159el\u00fdch m\u00e1 b\u00fdt Maruf G\u00fcnes. Jedn\u00e1 se o\u00a0viceprezidenta slavn\u00e9ho Galatasaraye, kter\u00fd \u010dty\u0159ikr\u00e1t v\u00a0\u0159ad\u011b z\u00edskal titul v\u00a0dom\u00e1c\u00ed Superlize.  <\/p>\n<p class=\"b_bF\">Jak se masov\u00e9 \u0161\u00ed\u0159\u00ed po soci\u00e1ln\u00edch s\u00edt\u00edch, tento vysoce postaven\u00fd mana\u017eer m\u011bl vsadit, \u017ee uruguaysk\u00fd, nyn\u00ed, \u010dty\u0159ic\u00e1tn\u00edk Muslera vst\u0159el\u00ed g\u00f3l v\u00a0utk\u00e1n\u00ed proti Kayserisporu, kter\u00fd se hr\u00e1l 18.\u00a0kv\u011btna 2025.<\/p>\n<p class=\"b_bF\">Muslera sice obvin\u011bn nen\u00ed, proto\u017ee prost\u011b jen dal g\u00f3l. G\u00f3lman m\u016f\u017ee nejpravd\u011bpodobn\u011bji sk\u00f3rovat ve t\u0159ech p\u0159\u00edpadech. Ten nejjednodu\u0161\u0161\u00ed mu zaru\u010d\u00ed prom\u011bn\u011bn\u00ed penalty, pot\u00e9 je\u0161t\u011b m\u016f\u017ee zaznamenat branku p\u0159i obratnosti v\u00a0z\u00e1v\u011bre\u010dn\u00fdch minut\u00e1ch z\u00e1pasu, p\u0159i rohov\u00e9m kopu sv\u00e9ho t\u00fdmu nebo zu\u017eitkovat v\u00fdhodu trestn\u00e9ho kopu.<\/p>\n<p class=\"b_bF\">Uruguaysk\u00fd veter\u00e1n splnil pr\u00e1v\u011b tu prvn\u00ed variantu. A\u00a0st\u00e1tn\u00ed zastupitelstv\u00ed vy\u0161et\u0159uje, zda vlivn\u00fd funkcion\u00e1\u0159 klubu t\u00e9to situace nezneu\u017eil k\u00a0uzav\u00edr\u00e1n\u00ed s\u00e1zky s\u00a0vysok\u00fdm kursem.<\/p>\n<p class=\"b_bF\">Na tuto ud\u00e1lost pr\u00fd byla vyps\u00e1n kurz 130\u00a0ku 1.\u00a0G\u00fcnes m\u011bl \u201eob\u011btovat\u201c 5\u00a0milion\u016f eur. Lehk\u00fdm matematick\u00fdm \u00fakonem lze vypo\u010d\u00edtat, \u017ee mu zisk vynesl t\u00e9m\u011b\u0159 650\u00a0milion\u016f eur.<\/p>\n<p class=\"b_bF\">Galatasaray se na\u0159\u00edzen\u00e9ho pokutov\u00e9ho kopu do\u010dkal a\u017e v\u00a089.\u00a0minut\u011b, v\u00a0dob\u011b kdy dom\u00e1c\u00ed vedli 2:0.\u00a0Tren\u00e9\u0159i uk\u00e1zali na Musleru, kter\u00fd norm\u00e1ln\u011b nen\u00ed k\u00a0t\u00e9to situaci ur\u010den. Poslechl a\u00a0chopil se zadan\u00ed. Penaltu ov\u0161em zahr\u00e1l prachb\u00eddn\u011b. Jeho konkurent vystihl sm\u011br a\u00a0od boku mu proklouzla do s\u00edt\u011b. Na to se ale historie pt\u00e1t nem\u011bla. Te\u010f to vypad\u00e1, \u017ee se pt\u00e1\u2026<\/p>\n<p lang=\"tr\" dir=\"ltr\">&#8222;\u015eAMP\u0130YONLUKLAR B\u0130LE DE\u011e\u0130\u015eEB\u0130L\u0130R&#8220;<\/p>\n<p>Sinan Burhan: <\/p>\n<p>Be\u015fikta\u015f&#8217;tan Tolga K\u0131rg\u0131z 1488, Kerem G\u00fcrel 996, Ahmet Ak\u00e7elik 53; Galatasaray&#8217;dan ise Maruf G\u00fcne\u015f 48 kez bahis kuponu yapm\u0131\u015f. <\/p>\n<p>Normal \u015fartlarda Futbol Federasyonu talimatnamesine g\u00f6re bir kul\u00fcp y\u00f6neticisinin bahis oynamas\u0131\u2026 <a href=\"https:\/\/t.co\/bazyxNJ1Kg\" rel=\"nofollow\">pic.twitter.com\/bazyxNJ1Kg<\/a><\/p>\n<p>\u2014 TV100 (@tv100) <a href=\"https:\/\/x.com\/tv100\/status\/2078230257459454077?ref_src=twsrc%5Etfw\" rel=\"nofollow\">July 17, 2026<\/a><\/p>\n<p class=\"b_bF\">Jak p\u00ed\u0161e turkiyetoday.com, vy\u0161et\u0159ovatel\u00e9 tvrd\u00ed, \u017ee G\u00fcnes v\u00a0dob\u011b, kdy p\u016fsobil jako viceprezident klubu, podal hned 48\u00a0s\u00e1zek t\u00fdkaj\u00edc\u00edch se z\u00e1pas\u016f Galatasaraye, v\u010detn\u011b s\u00e1zek na konkr\u00e9tn\u00ed g\u00f3ly sv\u00e9ho klubu.<\/p>\n<p class=\"b_bF\">Sv\u011btov\u00e1 m\u00e9dia jsou ke kauze zat\u00edm zdr\u017eenliv\u00e1. P\u0159ece jenom ture\u010dt\u00ed novin\u00e1\u0159i dovedou b\u00fdt v\u00e1\u0161niv\u00ed, r\u00e1di p\u0159eh\u00e1n\u00ed a\u00a0fakta p\u0159ibarvuj\u00ed. Nicm\u00e9n\u011b kauza re\u00e1ln\u00fd z\u00e1klad m\u00e1 a\u00a0h\u00fdbe tamn\u00edm fotbalem. U\u017e se k\u00a0n\u00ed ofici\u00e1ln\u011b vyj\u00e1d\u0159il i\u00a0Galatasaray SK.<\/p>\n<p class=\"b_bF\">V n\u00e1vaznosti na obvin\u011bn\u00ed ze s\u00e1zen\u00ed a\u00a0manipulace s\u00a0v\u00fdsledky z\u00e1pas\u016f vydal \u017eluto\u010derven\u00fd klub ostr\u00e9 prohl\u00e1\u0161en\u00ed pot\u00e9, co se objevila tvrzen\u00ed t\u00fdkaj\u00edc\u00ed se viceprezidenta Galatasaraye Marufa G\u00fcne\u015fe, kter\u00fd byl zadr\u017een v\u00a0r\u00e1mci vy\u0161et\u0159ov\u00e1n\u00ed istanbulsk\u00e9ho hlavn\u00edho st\u00e1tn\u00edho zastupitelstv\u00ed. <\/p>\n<p class=\"b_bF\">\u201eSystematicky se \u0161\u00ed\u0159\u00ed nepravdiv\u00fd obsah, kter\u00fd nen\u00ed zalo\u017een na \u017e\u00e1dn\u00fdch informac\u00edch ani dokumentech t\u00fdkaj\u00edc\u00edch se vy\u0161et\u0159ovac\u00edho procesu. Jeho c\u00edlem je uv\u00e9st ve\u0159ejnost v\u00a0omyl a\u00a0zam\u011b\u0159it se na klub a\u00a0jeho mana\u017eery. Je\u0161t\u011b p\u0159ed za\u010d\u00e1tkem sezony maj\u00ed r\u016fzn\u00e9 l\u017ei a\u00a0pomluvy jedin\u00fd \u00fa\u010del. Ti, kte\u0159\u00ed nedok\u00e1\u017eou str\u00e1vit \u010dty\u0159letou dominanci Galatasaraye na h\u0159i\u0161ti, se sna\u017e\u00ed oslabit n\u00e1\u0161 klub mimo n\u011bj,\u201c p\u00ed\u0161e se v\u00a0prohl\u00e1\u0161en\u00ed. <\/p>\n<p><a data-dot=\"atm-link\" target=\"_self\" href=\"https:\/\/www.sport.cz\/clanek\/fotbal-evropske-ligy-skandal-vice-nez-150-rozhodcich-v-turecku-celi-podezreni-kvuli-sazkam-5324820\" class=\"b_V g_ia\" rel=\"nofollow noopener\"><img fetchpriority=\"high\" height=\"1588\" width=\"2118\" src=\"https:\/\/www.europesays.com\/cz\/wp-content\/uploads\/2026\/07\/30a6.jpeg\" loading=\"eager\" decoding=\"sync\" class=\"b_B b_z\"\/><\/a><\/p>\n<p class=\"b_bF\">Kdyby se prok\u00e1zala G\u00fcnesova vina, je docela mo\u017en\u00e9, \u017ee by fanou\u0161ci Galatasaraye fixluj\u00edc\u00edmu funkcion\u00e1\u0159i i\u00a0odpustili. Spekuluje se toti\u017e, \u017ee vyd\u011blan\u00fd majlant obratem investoval do n\u00e1kupu st\u0159eleck\u00e9 hv\u011bzdy Victora Osimhena\u2026<\/p>\n<p class=\"b_bF\">Vy\u0161et\u0159ov\u00e1n\u00ed se t\u00fdk\u00e1 veden\u00ed dal\u0161\u00ed tureck\u00e9 modly, Besiktasu. V\u00a0korpu\u010dn\u00edm skand\u00e1lu maj\u00ed b\u00fdt namo\u010deni nez\u00e1visl\u00ed \u010dlenov\u00e9 p\u0159edstavenstva. Tolga Kirgiz m\u011bl b\u011bhem sv\u00e9ho funk\u010dn\u00edho obdob\u00ed podat 1488\u00a0s\u00e1zek, Kerem G\u00fcrel je spojov\u00e1n s\u00a0dal\u0161\u00edmi 996\u00a0s\u00e1zkami. Ahmet Akcelik, \u010dlen v\u00fdkonn\u00e9ho v\u00fdboru klubu, je pak obvin\u011bn z\u00a0pod\u00e1n\u00ed 53\u00a0s\u00e1zek souvisej\u00edc\u00edch se z\u00e1pasy Besiktasu.<\/p>\n<p class=\"b_bF\">St\u00e1tn\u00ed zastupitelstv\u00ed vydalo zatyka\u010de na devaten\u00e1ct podez\u0159el\u00fdch po p\u0159ezkoum\u00e1n\u00ed s\u00e1zkov\u00fdch z\u00e1znam\u016f z\u00a0let 2020\u00a0a\u017e 2026.\u00a0Policie provedla simult\u00e1nn\u00ed operace v\u00a0deseti provinci\u00edch se st\u0159edem v\u00a0Istanbulu a\u00a0zatkla 17\u00a0lid\u00ed, zat\u00edmco po zb\u00fdvaj\u00edc\u00edch dvou st\u00e1le p\u00e1tr\u00e1.<\/p>\n<p class=\"b_bF\">Kauza jen zapad\u00e1 do ob\u0159\u00ed korup\u010dn\u00ed af\u00e9ry, p\u0159i n\u00ed\u017e bylo suspendov\u00e1no bezm\u00e1la 150\u00a0tureck\u00fdch rozhod\u010d\u00edch.<\/p>\n<p><a data-dot=\"atm-link\" target=\"_self\" href=\"https:\/\/www.sport.cz\/clanek\/fotbal-ms-hororove-chyby-trpaslik-z-kapverd-trestal-minely-jako-z-pralesa-5486765\" class=\"b_V g_ia\" rel=\"nofollow noopener\"><img height=\"1851\" width=\"2468\" src=\"https:\/\/www.europesays.com\/cz\/wp-content\/uploads\/2026\/07\/f349.jpeg\" loading=\"eager\" decoding=\"sync\" class=\"b_B b_z\"\/><\/a><\/p>\n<p class=\"b_bF\">Muslera tak nem\u00e1 v\u00a0l\u00e9t\u011b chvilku klidu. Na sv\u011btov\u00e9m \u0161ampion\u00e1tu se stal uruguaysk\u00fdm hrobn\u00edkem. Chyboval v\u00a0ka\u017ed\u00e9m utk\u00e1n\u00ed z\u00e1kladn\u00ed skupiny. Nejd\u0159\u00edve inkasoval lacin\u00fd g\u00f3l od Sa\u00fadsk\u00e9 Ar\u00e1bie (1:1). Kapverdy mu daly g\u00f3l z\u00a0uctiv\u00e9 d\u00e1lky z\u00a0trestn\u00e9ho kopu a\u00a0p\u0159i vyrovn\u00e1vac\u00ed brance na 2:2\u00a0selhal p\u0159i v\u00fdb\u011bhu mimo velk\u00e9 v\u00e1pno.<\/p>\n<p class=\"b_bF\"> P\u0159esto dostal od tren\u00e9ra Marcela Bielsy d\u016fv\u011bru i\u00a0proti \u0160pan\u011blsku. A\u00a0zklamal ji. Posledn\u00ed r\u00e1nu mu p\u0159ipravil \u00c1lex Baena nep\u0159\u00edli\u0161 prudkou ranou doprost\u0159ed br\u00e1ny, kterou Muslera vyrazil pouze k\u00a0ty\u010di. To u\u017e bylo na velezku\u0161en\u00e9ho g\u00f3lmana p\u0159\u00edli\u0161 a\u00a0v polo\u010dase se nechal vyst\u0159\u00eddat. Budouc\u00ed mist\u0159i sv\u011bta zv\u00edt\u011bzili 1:0\u00a0a\u00a0poslali soupe\u0159e dom\u016f. <\/p>\n<p class=\"b_bF\">Uruguaysk\u00e1 legenda, kter\u00e1 si tak\u00e9 zachytala s\u00a0tureck\u00fdm gigantem proti pra\u017esk\u00e9 Spart\u011b v\u00a0play off Evropsk\u00e9 ligy (2024), se tak rozlou\u010dila s\u00a0reprezenta\u010dn\u00ed kari\u00e9rou v\u00a0slz\u00e1ch. Ne v\u0161ak \u0161t\u011bst\u00ed.<\/p>\n<p><a data-dot=\"atm-link\" target=\"_self\" href=\"https:\/\/www.sport.cz\/clanek\/fotbal-ms-trpky-konec-veterana-na-ms-po-hrube-minele-si-brankar-rekl-o-stridani-5490809\" class=\"b_V g_ia\" rel=\"nofollow noopener\"><img height=\"1459\" width=\"1946\" src=\"https:\/\/www.europesays.com\/cz\/wp-content\/uploads\/2026\/07\/ae5d.jpeg\" loading=\"eager\" decoding=\"sync\" class=\"b_B b_z\"\/><\/a><script async src=\"https:\/\/platform.twitter.com\/widgets.js\" charset=\"utf-8\"><\/script><\/p>\n","protected":false},"excerpt":{"rendered":"Tureck\u00e1 s\u00e1zka\u0159sk\u00e1 af\u00e9ra je proti t\u00e9 \u010desk\u00e9 galaktickou. V\u00a0po\u010dtu zat\u010den\u00fdch lid\u00ed i\u00a0financ\u00ed, kter\u00e9 se v\u00a0n\u00ed oto\u010dily. Jedn\u00edm z\u00a0hlavn\u00edch&hellip;\n","protected":false},"author":2,"featured_media":156261,"comment_status":"","ping_status":"","sticky":false,"template":"","format":"standard","meta":{"footnotes":"","_share_on_mastodon":"0"},"categories":[15],"tags":[326,4855,1275,94,93,4771,5761],"class_list":["post-156260","post","type-post","status-publish","format-standard","has-post-thumbnail","category-sport","tag-fotbal","tag-galatasaray-sk","tag-mistrovstvi-sveta-ve-fotbale","tag-sport","tag-sports","tag-turecko","tag-uruguay"],"share_on_mastodon":{"url":"https:\/\/pubeurope.com\/@cz\/116969684932169626","error":""},"_links":{"self":[{"href":"https:\/\/www.europesays.com\/cz\/wp-json\/wp\/v2\/posts\/156260","targetHints":{"allow":["GET"]}}],"collection":[{"href":"https:\/\/www.europesays.com\/cz\/wp-json\/wp\/v2\/posts"}],"about":[{"href":"https:\/\/www.europesays.com\/cz\/wp-json\/wp\/v2\/types\/post"}],"author":[{"embeddable":true,"href":"https:\/\/www.europesays.com\/cz\/wp-json\/wp\/v2\/users\/2"}],"replies":[{"embeddable":true,"href":"https:\/\/www.europesays.com\/cz\/wp-json\/wp\/v2\/comments?post=156260"}],"version-history":[{"count":0,"href":"https:\/\/www.europesays.com\/cz\/wp-json\/wp\/v2\/posts\/156260\/revisions"}],"wp:featuredmedia":[{"embeddable":true,"href":"https:\/\/www.europesays.com\/cz\/wp-json\/wp\/v2\/media\/156261"}],"wp:attachment":[{"href":"https:\/\/www.europesays.com\/cz\/wp-json\/wp\/v2\/media?parent=156260"}],"wp:term":[{"taxonomy":"category","embeddable":true,"href":"https:\/\/www.europesays.com\/cz\/wp-json\/wp\/v2\/categories?post=156260"},{"taxonomy":"post_tag","embeddable":true,"href":"https:\/\/www.europesays.com\/cz\/wp-json\/wp\/v2\/tags?post=156260"}],"curies":[{"name":"wp","href":"https:\/\/api.w.org\/{rel}","templated":true}]}}