{"id":156412,"date":"2026-07-23T16:33:10","date_gmt":"2026-07-23T16:33:10","guid":{"rendered":"https:\/\/www.europesays.com\/cz\/156412\/"},"modified":"2026-07-23T16:33:10","modified_gmt":"2026-07-23T16:33:10","slug":"bal-se-ze-zemre-driv-nez-jeho-synove-vyrostou-peter-zhubl-a-po-operaci-dostal-novou-sanci-zena-cz","status":"publish","type":"post","link":"https:\/\/www.europesays.com\/cz\/156412\/","title":{"rendered":"B\u00e1l se, \u017ee zem\u0159e d\u0159\u00edv, ne\u017e jeho synov\u00e9 vyrostou. Peter zhubl a po operaci dostal novou \u0161anci \u2013 \u017dena.cz"},"content":{"rendered":"<p>\u201eBoj\u00edm se smrti, proto\u017ee jsem p\u0159i\u0161el o svou matku. Nikdy se s t\u00edm nevyrovn\u00e1m. Zem\u0159ela na infarkt. Poka\u017ed\u00e9 kdy\u017e projdu kolem jej\u00ed fotky, vzpomenu si na ni. \u00da\u010dast v Extr\u00e9mn\u00edch prom\u011bn\u00e1ch vn\u00edm\u00e1m jako svou posledn\u00ed \u0161anci na kvalitn\u011bj\u0161\u00ed \u017eivot,\u201c p\u0159izn\u00e1val.\u00a0Pr\u00e1v\u011b jeho zdravotn\u00ed stav ale znamenal, \u017ee klasick\u00fd tvrd\u00fd re\u017eim, kter\u00fd si lid\u00e9 s podobn\u00fdmi po\u0159ady \u010dasto spojuj\u00ed, nep\u0159ich\u00e1zel v \u00favahu.<\/p>\n","protected":false},"excerpt":{"rendered":"\u201eBoj\u00edm se smrti, proto\u017ee jsem p\u0159i\u0161el o svou matku. Nikdy se s t\u00edm nevyrovn\u00e1m. Zem\u0159ela na infarkt. Poka\u017ed\u00e9&hellip;\n","protected":false},"author":2,"featured_media":156413,"comment_status":"","ping_status":"","sticky":false,"template":"","format":"standard","meta":{"footnotes":"","_share_on_mastodon":"0"},"categories":[15],"tags":[5292,5545,39540,5294,9769,94,93],"class_list":["post-156412","post","type-post","status-publish","format-standard","has-post-thumbnail","category-sport","tag-extremni-promeny","tag-hubnuti","tag-nocni-prejidani","tag-obezita","tag-prejidani","tag-sport","tag-sports"],"share_on_mastodon":{"url":"https:\/\/pubeurope.com\/@cz\/116970258666442905","error":""},"_links":{"self":[{"href":"https:\/\/www.europesays.com\/cz\/wp-json\/wp\/v2\/posts\/156412","targetHints":{"allow":["GET"]}}],"collection":[{"href":"https:\/\/www.europesays.com\/cz\/wp-json\/wp\/v2\/posts"}],"about":[{"href":"https:\/\/www.europesays.com\/cz\/wp-json\/wp\/v2\/types\/post"}],"author":[{"embeddable":true,"href":"https:\/\/www.europesays.com\/cz\/wp-json\/wp\/v2\/users\/2"}],"replies":[{"embeddable":true,"href":"https:\/\/www.europesays.com\/cz\/wp-json\/wp\/v2\/comments?post=156412"}],"version-history":[{"count":0,"href":"https:\/\/www.europesays.com\/cz\/wp-json\/wp\/v2\/posts\/156412\/revisions"}],"wp:featuredmedia":[{"embeddable":true,"href":"https:\/\/www.europesays.com\/cz\/wp-json\/wp\/v2\/media\/156413"}],"wp:attachment":[{"href":"https:\/\/www.europesays.com\/cz\/wp-json\/wp\/v2\/media?parent=156412"}],"wp:term":[{"taxonomy":"category","embeddable":true,"href":"https:\/\/www.europesays.com\/cz\/wp-json\/wp\/v2\/categories?post=156412"},{"taxonomy":"post_tag","embeddable":true,"href":"https:\/\/www.europesays.com\/cz\/wp-json\/wp\/v2\/tags?post=156412"}],"curies":[{"name":"wp","href":"https:\/\/api.w.org\/{rel}","templated":true}]}}