{"id":156546,"date":"2026-07-23T18:51:20","date_gmt":"2026-07-23T18:51:20","guid":{"rendered":"https:\/\/www.europesays.com\/cz\/156546\/"},"modified":"2026-07-23T18:51:20","modified_gmt":"2026-07-23T18:51:20","slug":"nekdo-mu-mohl-ublizit-dcera-cecha-zahadne-zmizeleho-v-egypte-upozornuje-na-kamerovy-zaznam","status":"publish","type":"post","link":"https:\/\/www.europesays.com\/cz\/156546\/","title":{"rendered":"N\u011bkdo mu mohl ubl\u00ed\u017eit. Dcera \u010cecha z\u00e1hadn\u011b zmizel\u00e9ho v Egypt\u011b upozor\u0148uje na kamerov\u00fd z\u00e1znam"},"content":{"rendered":"<p>\n                        Od z\u00e1hadn\u00e9ho zmizen\u00ed \u010desk\u00e9ho turisty v Egypt\u011b ji\u017e ub\u011bhl cel\u00fd m\u011bs\u00edc. P\u011bta\u010dty\u0159icetilet\u00fd Ji\u0159\u00ed Kov\u00e1\u0159 odlet\u011bl do exotick\u00e9 destinace s rodinou na pohodovou dovolenou. Hned prvn\u00ed noc ale zmizel a od t\u00e9 doby o n\u011bm nikdo nic nev\u00ed. Jeho rodina nevylu\u010duje variantu, \u017ee mu n\u011bkdo mohl ubl\u00ed\u017eit.\n                    <\/p>\n<p>U\u017e m\u011bs\u00edc pro\u017e\u00edvaj\u00ed tu nejhor\u0161\u00ed no\u010dn\u00ed m\u016fru, strach a obavy. Rodina z P\u0159erova poh\u0159e\u0161uje sv\u00e9ho otce a man\u017eela. Ji\u0159\u00ed Kov\u00e1\u0159 toti\u017e v pr\u016fb\u011bhu noci <a target=\"_blank\" href=\"https:\/\/cnn.iprima.cz\/patrani-po-cechovi-v-egypte-zmizel-z-hotelu-zoufala-rodina-prosi-o-pomoc-515413\" rel=\"nofollow noopener\">na 23. \u010dervna ode\u0161el z hotelov\u00e9ho pokoje<\/a>. Jeho cestu je\u0161t\u011b podle rodiny zaznamenaly t\u0159i kamery a n\u00e1sledn\u011b zmizel v temn\u00e9 noci. Od t\u00e9 doby po n\u011bm bl\u00edzc\u00ed p\u00e1traj\u00ed.<\/p>\n<p>\u010cT\u011aTE TAK\u00c9: <a target=\"_blank\" href=\"https:\/\/cnn.iprima.cz\/matka-mela-zavrazdit-sve-male-dite-otresny-zlocin-v-jablonci-vysetruje-policie-517694\" rel=\"nofollow noopener\">Matka m\u011bla zavra\u017edit sv\u00e9 mal\u00e9 d\u00edt\u011b. Ot\u0159esn\u00fd zlo\u010din v Jablonci vy\u0161et\u0159uje policie<\/a><\/p>\n<p>\u201eT\u00e1ta m\u011bl posledn\u00ed dny probl\u00e9my se span\u00edm, proto\u017ee m\u011bl novou pr\u00e1ci. Pracoval na no\u010dn\u00ed sm\u011bny, tak\u017ee se sna\u017eil tro\u0161ku s t\u00edm fungovat. S nespavost\u00ed to pro n\u011bho bylo dost nep\u0159\u00edjemn\u00e9, tud\u00ed\u017e na\u0161\u00ed teori\u00ed je, \u017ee se \u0161el proj\u00edt,\u201c \u0159ekla dcera poh\u0159e\u0161ovan\u00e9ho mu\u017ee v telefonick\u00e9m rozhovoru pro CNN Prima NEWS.<\/p>\n<p>Z\u00e1hada se \u201eztracen\u00fdmi\u201c z\u00e1b\u011bry<\/p>\n<p>Co se ale mu\u017ei stalo mimo dosah kamer, z\u016fst\u00e1v\u00e1 st\u00e1le z\u00e1hadou. Druh\u00fd den se <a target=\"_blank\" href=\"https:\/\/cnn.iprima.cz\/exkluzivne-promluvila-dcera-cecha-zmizeleho-v-egypte-prozradila-zahadne-podrobnosti-pripadu-517616\" rel=\"nofollow noopener\">podle jeho dcery pod leh\u00e1tkem na pl\u00e1\u017ei<\/a> na\u0161ly osobn\u00ed v\u011bci: telefon, elektronick\u00e1 cigareta, boty a tri\u010dko. Zoufal\u00e1 rodina nevylu\u010duje, \u017ee mu n\u011bkdo mohl ubl\u00ed\u017eit a nyn\u00ed se v\u0161e sna\u017e\u00ed zam\u00e9st pod koberec.<\/p>\n<p>Kamerov\u00e9 z\u00e1b\u011bry, kter\u00e9 jeden ze \u010dlen\u016f rodiny vid\u011bl, se ale po n\u011bkolika dnech podle dcery ztratily a egyptsk\u00e1 policie pop\u00edr\u00e1, \u017ee by v\u016fbec existovaly. \u201eMinim\u00e1ln\u011b s t\u00edm kamerov\u00fdm z\u00e1znamem se n\u00e1m to nezd\u00e1. Te\u010f si up\u0159\u00edmn\u011b nejsme jisti, \u010demu m\u00e1me, nebo nem\u00e1me, v\u011b\u0159it. Zda n\u00e1m tamn\u00ed policie opravdu \u0159ekla pravdu, nebo ne. Proto \u010d\u00e1ste\u010dn\u011b \u010dek\u00e1me na to, jak se vyj\u00e1d\u0159\u00ed Policie \u010cesk\u00e9 republiky,\u201c sv\u011b\u0159ila se dcera.<\/p>\n<p class=\"intro-title-mobile\">\n        \u010ct\u011bte tak\u00e9\n    <\/p>\n<p>        <a href=\"https:\/\/cnn.iprima.cz\/exkluzivne-promluvila-dcera-cecha-zmizeleho-v-egypte-prozradila-zahadne-podrobnosti-pripadu-517616\" class=\"image-link\" rel=\"nofollow noopener\" target=\"_blank\"><\/p>\n<p>            <img decoding=\"async\" loading=\"lazy\" class=\"image\" src=\"https:\/\/www.europesays.com\/cz\/wp-content\/uploads\/2026\/07\/1784832680_708_ab38eebe54d63bea006a45252aec1ac1.jpg\" alt=\"P\u00e1tr\u00e1n\u00ed po zmizel\u00e9m \u010cechovi v Egypt\u011b.\"\/><\/p>\n<p>            <\/a><\/p>\n<p class=\"intro-title-desktop\">\n            \u010ct\u011bte tak\u00e9\n        <\/p>\n<p>                <a href=\"https:\/\/cnn.iprima.cz\/exkluzivne-promluvila-dcera-cecha-zmizeleho-v-egypte-prozradila-zahadne-podrobnosti-pripadu-517616\" class=\"title-link\" rel=\"nofollow noopener\" target=\"_blank\"><\/p>\n<p class=\"title\">\n                EXKLUZIVN\u011a: Promluvila dcera \u010cecha zmizel\u00e9ho v Egypt\u011b. Prozradila z\u00e1hadn\u00e9 podrobnosti p\u0159\u00edpadu\n            <\/p>\n<p>        <\/a><\/p>\n<p>                                                                                                22. \u010dvc 2026, 19:29<\/p>\n<p>                6 min \u010dten\u00ed<\/p>\n<p>Zmizel\u00fd Ji\u0159\u00ed Kov\u00e1\u0159 u\u017e je nicm\u00e9n\u011b veden\u00fd v <a target=\"_blank\" href=\"https:\/\/aplikace.policie.gov.cz\/patrani-osoby\/PersonDetail.aspx?person_id=7120701261408\" rel=\"nofollow noopener\">\u010desk\u00e9 datab\u00e1zi poh\u0159e\u0161ovan\u00fdch<\/a> osob a p\u0159\u00edpadem se zab\u00fdvaj\u00ed kriminalist\u00e9. \u201eP\u0159erov\u0161t\u00ed kriminalist\u00e9 p\u0159ijali ozn\u00e1men\u00ed a osoba je vedena jako poh\u0159e\u0161ovan\u00e1 v zahrani\u010d\u00ed. P\u00e1tr\u00e1n\u00ed po osob\u011b je pln\u011b v kompetenci egyptsk\u00e9 policie, kter\u00e9 poskytujeme sou\u010dinnost v r\u00e1mci mezin\u00e1rodn\u00ed policejn\u00ed spolupr\u00e1ce,\u201c sd\u011blila CNN Prima NEWS mluv\u010d\u00ed z Krajsk\u00e9ho \u0159editelstv\u00ed Policie Olomouck\u00e9ho kraje Marie \u0160af\u00e1\u0159ov\u00e1.<\/p>\n<p>Redakce CNN Prima NEWS zji\u0161\u0165ovala i stanovisko ministerstva zahrani\u010d\u00ed. \u201eVe v\u011bci \u010desk\u00e9ho ob\u010dana v Egypt\u011b nen\u00ed ze strany ministerstva zahrani\u010dn\u00edch v\u011bc\u00ed \u017e\u00e1dn\u00fd nov\u00fd v\u00fdvoj. Nad\u00e1le je pova\u017eov\u00e1n za poh\u0159e\u0161ovan\u00e9ho,\u201c uvedl stroze jeho mluv\u010d\u00ed Adam \u010c\u00f6rg\u00f6.<\/p>\n<p>Podle rodiny poh\u0159e\u0161ovan\u00e9ho mu\u017ee je komunikace s ambas\u00e1dou i \u010desk\u00fdm velvyslanectv\u00edm slo\u017eit\u00e1. Nedost\u00e1vaj\u00ed se k nim v podstat\u011b \u017e\u00e1dn\u00e9 informace. Velk\u00e9 pochybnosti nav\u00edc maj\u00ed i o pr\u00e1ci samotn\u00e9 egyptsk\u00e9 policie.<\/p>\n<p>MOHLO V\u00c1M UNIKNOUT: <a target=\"_blank\" href=\"https:\/\/cnn.iprima.cz\/zasah-cesky-bleskem-v-chorvatsku-zivot-ji-zachranil-plavcik-popsal-dramatickou-resuscitaci-517619\" rel=\"nofollow noopener\">Z\u00e1sah \u010ce\u0161ky bleskem v Chorvatsku. \u017divot j\u00ed zachr\u00e1nil plav\u010d\u00edk. Popsal dramatickou resuscitaci<\/a><\/p>\n<p class=\"!text-semibold-14-14 !text-black mb-0 mt-2\">\n                Vystudoval gymn\u00e1zium v Brn\u011b. Ve t\u0159et\u00edm ro\u010dn\u00edku p\u0159eru\u0161il vysokou \u0161kolu, proto\u017ee \u0161el na konkurz do brn\u011bnsk\u00e9 region\u00e1ln\u00ed televize, kter\u00fd n\u00e1sledn\u011b vyhr\u00e1l, a za\u010dal tak pracovat v televizi jako sportovn\u00ed report\u00e9r. N\u00e1sledn\u011b m\u011bl i sv\u016fj po\u0159ad Za lajnou, kam si zval v\u00fdznamn\u00e9 sportovce a tren\u00e9ry.  Po p\u011bti letech v region\u00e1ln\u00ed televizi k\u00fdvl na nab\u00eddku Primy. Za\u010dal tak d\u011blat report\u00e1\u017ee do celost\u00e1tn\u00edho vys\u00edl\u00e1n\u00ed, p\u0159ev\u00e1\u017en\u011b z ji\u017en\u00ed Moravy. Na Prim\u011b pracuje ji\u017e dvan\u00e1ct\u00fdm rokem. Za tu dobu vytvo\u0159il u\u017e tis\u00edce report\u00e1\u017e\u00ed a m\u00e1 za sebou stovky \u017eiv\u00fdch vstup\u016f. Aktu\u00e1ln\u011b je jednou z tv\u00e1\u0159\u00ed zpravodajsk\u00e9 platformy CNN Prima NEWS, kde uv\u00e1d\u00ed po\u0159ad Krimi zpr\u00e1vy.\n            <\/p>\n","protected":false},"excerpt":{"rendered":"Od z\u00e1hadn\u00e9ho zmizen\u00ed \u010desk\u00e9ho turisty v Egypt\u011b ji\u017e ub\u011bhl cel\u00fd m\u011bs\u00edc. P\u011bta\u010dty\u0159icetilet\u00fd Ji\u0159\u00ed Kov\u00e1\u0159 odlet\u011bl do exotick\u00e9 destinace&hellip;\n","protected":false},"author":2,"featured_media":156547,"comment_status":"","ping_status":"","sticky":false,"template":"","format":"standard","meta":{"footnotes":"","_share_on_mastodon":"0"},"categories":[7],"tags":[43,42,41,40,6776,39396,34524,395,325,715,1231,3534,651,1230,39557,1234],"class_list":["post-156546","post","type-post","status-publish","format-standard","has-post-thumbnail","category-cesko","tag-ceska-republika","tag-cesko","tag-czech-republic","tag-czechia","tag-egypt","tag-jiri-kovar","tag-ministerstvo-zahranicnich-veci-ceske-republiky","tag-olomoucky-kraj","tag-policie","tag-policie-ceske-republiky","tag-pravo-a-spravedlnost","tag-prerov","tag-rodina","tag-trestna-cinnost","tag-videozaznam","tag-vymahani-prava"],"share_on_mastodon":{"url":"https:\/\/pubeurope.com\/@cz\/116970801627755042","error":""},"_links":{"self":[{"href":"https:\/\/www.europesays.com\/cz\/wp-json\/wp\/v2\/posts\/156546","targetHints":{"allow":["GET"]}}],"collection":[{"href":"https:\/\/www.europesays.com\/cz\/wp-json\/wp\/v2\/posts"}],"about":[{"href":"https:\/\/www.europesays.com\/cz\/wp-json\/wp\/v2\/types\/post"}],"author":[{"embeddable":true,"href":"https:\/\/www.europesays.com\/cz\/wp-json\/wp\/v2\/users\/2"}],"replies":[{"embeddable":true,"href":"https:\/\/www.europesays.com\/cz\/wp-json\/wp\/v2\/comments?post=156546"}],"version-history":[{"count":0,"href":"https:\/\/www.europesays.com\/cz\/wp-json\/wp\/v2\/posts\/156546\/revisions"}],"wp:featuredmedia":[{"embeddable":true,"href":"https:\/\/www.europesays.com\/cz\/wp-json\/wp\/v2\/media\/156547"}],"wp:attachment":[{"href":"https:\/\/www.europesays.com\/cz\/wp-json\/wp\/v2\/media?parent=156546"}],"wp:term":[{"taxonomy":"category","embeddable":true,"href":"https:\/\/www.europesays.com\/cz\/wp-json\/wp\/v2\/categories?post=156546"},{"taxonomy":"post_tag","embeddable":true,"href":"https:\/\/www.europesays.com\/cz\/wp-json\/wp\/v2\/tags?post=156546"}],"curies":[{"name":"wp","href":"https:\/\/api.w.org\/{rel}","templated":true}]}}