{"id":157747,"date":"2026-07-25T04:54:17","date_gmt":"2026-07-25T04:54:17","guid":{"rendered":"https:\/\/www.europesays.com\/cz\/157747\/"},"modified":"2026-07-25T04:54:17","modified_gmt":"2026-07-25T04:54:17","slug":"sul-do-otevrenych-ran-krejcikova-v-peci-odborniku","status":"publish","type":"post","link":"https:\/\/www.europesays.com\/cz\/157747\/","title":{"rendered":"S\u016fl do otev\u0159en\u00fdch ran! Krej\u010d\u00edkov\u00e1 v p\u00e9\u010di odborn\u00edk\u016f"},"content":{"rendered":"<p class=\"isSelectedEnd\">S otcem sv\u00fdch d\u011bt\u00ed Bena (7) a Antonie (6) se roze\u0161la p\u0159ed v\u00edce ne\u017e dv\u011bma lety. Ran\u010d\u00e1ka ale ze \u017eivota odst\u0159ihnout nemohla. Kv\u016fli d\u011btem se v\u00eddaj\u00ed, tr\u00e1v\u00ed spolu \u010das a sna\u017e\u00ed se fungovat jako rodina, p\u0159esto\u017ee u\u017e netvo\u0159\u00ed p\u00e1r. Jen\u017ee pr\u00e1v\u011b spole\u010dn\u00e9 chv\u00edle maj\u00ed otev\u00edrat star\u00e9 r\u00e1ny. \u201eNemysl\u00edm, \u017ee by se t\u00edm rozchodem n\u00e1\u0161 vztah vy\u0159e\u0161il,\u201c p\u0159iznala <a class=\"celebrity celebwiki\" href=\"https:\/\/celebwiki.blesk.cz\/osobnost\/2521\/aneta-krejcikova\/\" target=\"_blank\" rel=\"nofollow noopener\">Krej\u010d\u00edkov\u00e1<\/a> otev\u0159en\u011b. \u201eProto jsme se s Ond\u0159ejem rozhodli za\u010d\u00edt doch\u00e1zet na p\u00e1rovou terapii,\u201c prozradila here\u010dka den\u00edku eXtra.cz.<\/p>\n<p>    <a href=\"https:\/\/www.ahaonline.cz\/clanek\/zhave-drby\/224228\/aneta-krejcikova-zhrouceni-na-tramvajove-zastavce.html\" rel=\"nofollow noopener\" target=\"_blank\"><\/p>\n<p>        <img decoding=\"async\" src=\"https:\/\/www.europesays.com\/cz\/wp-content\/uploads\/2026\/07\/9464398.jpg\" alt=\"Aneta Krej\u010d\u00edkov\u00e1: Zhroucen\u00ed na tramvajov\u00e9 zast\u00e1vce\" title=\"Aneta Krej\u010d\u00edkov\u00e1: Zhroucen\u00ed na tramvajov\u00e9 zast\u00e1vce\" height=\"140\" width=\"220\" class=\"lazyload \" loading=\"lazy\" \/><\/p>\n<p>    <\/a><\/p>\n<p class=\"isSelectedEnd\">Nejde podle n\u00ed o pokus slepit rozpadl\u00fd vztah. Oba se cht\u011bj\u00ed nau\u010dit fungovat hlavn\u011b kv\u016fli d\u011btem. \u201eC\u00edt\u00edme zodpov\u011bdnost za na\u0161e d\u011bti, kter\u00e9 oba nesporn\u011b milujeme. Proto jsme se rozhodli, \u017ee si nech\u00e1me pomoct, abychom se dostali z toho za\u010darovan\u00e9ho kruhu,\u201c vysv\u011btlila.<\/p>\n<p class=\"isSelectedEnd\">Krej\u010d\u00edkov\u00e1 p\u0159ipou\u0161t\u00ed, \u017ee mezi n\u00ed a Ran\u010d\u00e1kem z\u016fstalo mnoho nevy\u0159e\u0161en\u00fdch k\u0159ivd. Terapie m\u00e1 pomoci i s t\u00edm, aby jejich minulost nezasahovala do nov\u00fdch vztah\u016f. \u201eDouf\u00e1m, \u017ee se to i vzhledem k na\u0161im potenci\u00e1ln\u00edm nov\u00fdm partner\u016fm poda\u0159\u00ed vy\u010distit, ale asi to bude dlouh\u00e1 cesta,\u201c uvedla.<\/p>\n<p class=\"isSelectedEnd\">Sama u\u017e p\u0159itom novou l\u00e1sku na\u0161la. Toto\u017enost partnera taj\u00ed, p\u0159ipustila ale, \u017ee ani pro n\u011bj nen\u00ed sou\u010dasn\u00e9 uspo\u0159\u00e1d\u00e1n\u00ed jednoduch\u00e9. \u201eJe to zat\u00edm situace, se kterou se sna\u017e\u00edme v\u0161ichni s\u017e\u00edt,\u201c \u0159ekla.<\/p>\n<p>    <a href=\"https:\/\/www.ahaonline.cz\/clanek\/zhave-drby\/230672\/hvezda-serialu-ulice-aneta-krejcikova-v-slzach-trpi-kvuli-rozchodu.html\" rel=\"nofollow noopener\" target=\"_blank\"><\/p>\n<p>        <img decoding=\"async\" src=\"https:\/\/www.europesays.com\/cz\/wp-content\/uploads\/2026\/07\/9712640-crop.jpg\" alt=\"Hv\u011bzda seri\u00e1lu Ulice Aneta Krej\u010d\u00edkov\u00e1 v slz\u00e1ch: Trp\u00ed kv\u016fli rozchodu\" title=\"Hv\u011bzda seri\u00e1lu Ulice Aneta Krej\u010d\u00edkov\u00e1 v slz\u00e1ch: Trp\u00ed kv\u016fli rozchodu\" height=\"140\" width=\"220\" class=\"lazyload \" loading=\"lazy\" \/><\/p>\n<p>    <\/a><\/p>\n","protected":false},"excerpt":{"rendered":"S otcem sv\u00fdch d\u011bt\u00ed Bena (7) a Antonie (6) se roze\u0161la p\u0159ed v\u00edce ne\u017e dv\u011bma lety. Ran\u010d\u00e1ka ale&hellip;\n","protected":false},"author":2,"featured_media":157748,"comment_status":"","ping_status":"","sticky":false,"template":"","format":"standard","meta":{"footnotes":"","_share_on_mastodon":"0"},"categories":[14],"tags":[12157,79,349,564,8108,1332,80,163],"class_list":["post-157747","post","type-post","status-publish","format-standard","has-post-thumbnail","category-zabava","tag-aneta-krejcikova","tag-entertainment","tag-herec","tag-lekari","tag-terapie","tag-vztah","tag-zabava","tag-zhave-drby"],"share_on_mastodon":{"url":"https:\/\/pubeurope.com\/@cz\/116978835114687836","error":""},"_links":{"self":[{"href":"https:\/\/www.europesays.com\/cz\/wp-json\/wp\/v2\/posts\/157747","targetHints":{"allow":["GET"]}}],"collection":[{"href":"https:\/\/www.europesays.com\/cz\/wp-json\/wp\/v2\/posts"}],"about":[{"href":"https:\/\/www.europesays.com\/cz\/wp-json\/wp\/v2\/types\/post"}],"author":[{"embeddable":true,"href":"https:\/\/www.europesays.com\/cz\/wp-json\/wp\/v2\/users\/2"}],"replies":[{"embeddable":true,"href":"https:\/\/www.europesays.com\/cz\/wp-json\/wp\/v2\/comments?post=157747"}],"version-history":[{"count":0,"href":"https:\/\/www.europesays.com\/cz\/wp-json\/wp\/v2\/posts\/157747\/revisions"}],"wp:featuredmedia":[{"embeddable":true,"href":"https:\/\/www.europesays.com\/cz\/wp-json\/wp\/v2\/media\/157748"}],"wp:attachment":[{"href":"https:\/\/www.europesays.com\/cz\/wp-json\/wp\/v2\/media?parent=157747"}],"wp:term":[{"taxonomy":"category","embeddable":true,"href":"https:\/\/www.europesays.com\/cz\/wp-json\/wp\/v2\/categories?post=157747"},{"taxonomy":"post_tag","embeddable":true,"href":"https:\/\/www.europesays.com\/cz\/wp-json\/wp\/v2\/tags?post=157747"}],"curies":[{"name":"wp","href":"https:\/\/api.w.org\/{rel}","templated":true}]}}