{"id":157938,"date":"2026-07-25T09:43:13","date_gmt":"2026-07-25T09:43:13","guid":{"rendered":"https:\/\/www.europesays.com\/cz\/157938\/"},"modified":"2026-07-25T09:43:13","modified_gmt":"2026-07-25T09:43:13","slug":"dustin-hoffman-a-harvey-keitel-nevynechali-pri-navsteve-ceska-ani-prazske-zidovske-mesto","status":"publish","type":"post","link":"https:\/\/www.europesays.com\/cz\/157938\/","title":{"rendered":"Dustin Hoffman a\u00a0Harvey Keitel nevynechali p\u0159i n\u00e1v\u0161t\u011bv\u011b \u010ceska ani pra\u017esk\u00e9 \u017eidovsk\u00e9 m\u011bsto"},"content":{"rendered":"<p class=\"c_bB\">Zm\u00edn\u011bn\u00ed herci si objekt ze 13.\u00a0stolet\u00ed prohl\u00e9dli v\u00a0r\u00e1mci soukrom\u00fdch prohl\u00eddek. Jak se \u0159\u00edk\u00e1, \u0161li tzv. na jistotu. Budova (naz\u00fdvan\u00e1 tak\u00e9 Altneuschul, Altnaj\u0161\u00edl) na pra\u017esk\u00e9m Josefov\u011b je jednou z\u00a0nejstar\u0161\u00edch dochovan\u00fdch synagog v\u00a0Evrop\u011b. Nav\u00edc st\u00e1le slou\u017e\u00ed p\u016fvodn\u00edmu \u00fa\u010delu, tedy bohoslu\u017eb\u00e1m.<\/p>\n<p class=\"c_bB\">Ro\u010dn\u011b ji tak nav\u0161t\u00edv\u00ed kolem dvou set tis\u00edc lid\u00ed. Objekt vlastn\u00ed a\u00a0spravuje \u017didovsk\u00e1 obec v\u00a0Praze a\u00a0pr\u00e1v\u011b ona o\u00a0VIP hostech v\u00a0minul\u00fdch dnech informovala.<\/p>\n<p class=\"c_bB\">\u010cervencov\u00e1 p\u0159\u00edtomnost slavn\u00fdch tv\u00e1\u0159\u00ed ale nez\u016fstala utajena ani\u00a0jinak. Na soci\u00e1ln\u00edch s\u00edt\u00edch se objevilo hned n\u011bkolik fotek, kter\u00e9 oba mu\u017ee v\u00a0synagoze a\u00a0vedle n\u00ed zachycuj\u00ed.<\/p>\n<p>Vary pln\u00e9 hv\u011bzd s\u00a0evropsk\u00fdmi ko\u0159eny<\/p>\n<p class=\"c_bB\">K \u017eidovsk\u00fdm ko\u0159en\u016fm se p\u0159ihl\u00e1sili letos v\u00a0r\u00e1mci KVIFF rovn\u011b\u017e\u00a0dal\u0161\u00ed VIP host\u00e9, mimo jin\u00e9 Maggie Gyllenhaalov\u00e1 a\u00a0Jesse Eisenberg. Stejn\u011b jako u\u00a0Keitela jejich p\u0159edci p\u0159i\u0161li do Spojen\u00fdch st\u00e1t\u016f p\u0159edev\u0161\u00edm z\u00a0Polska, ale tak\u00e9 z\u00a0n\u011bkdej\u0161\u00edho Rusk\u00e9ho imp\u00e9ria, nyn\u011bj\u0161\u00ed Ukrajiny a\u00a0Ruska, p\u0159\u00edpadn\u011b z\u00a0Rumunska (Keitel). <\/p>\n<p><a data-dot=\"atm-link\" target=\"_self\" href=\"https:\/\/www.novinky.cz\/clanek\/kultura-mff-kv-foto-velke-ohlednuti-za-karlovarskym-festivalem-prekvapeni-i-hvezdy-40587666\" class=\"c_N\" rel=\"nofollow noopener\"><img fetchpriority=\"high\" height=\"1438\" width=\"2557\" src=\"https:\/\/www.europesays.com\/cz\/wp-content\/uploads\/2026\/07\/be30.jpeg\" loading=\"eager\" decoding=\"sync\" class=\"c_t c_r\"\/><\/a><\/p>\n<p class=\"c_bB\">V\u0161ichni jmenovan\u00ed um\u011blci se k\u00a0historick\u00fdm vazb\u00e1m i\u00a0v\u00ed\u0159e aktivn\u011b hl\u00e1s\u00ed, nicm\u00e9n\u011b vyzn\u00e1vaj\u00ed sp\u00ed\u0161e jej\u00ed voln\u011bj\u0161\u00ed pojet\u00ed. A\u00a0to i\u00a0p\u0159esto, \u017ee n\u011bkte\u0159\u00ed (mimo jin\u00e9 pr\u00e1v\u011b Keitel) v\u00a0ortodoxn\u00ed komunit\u011b odmala vyr\u016fstali. Jak Keitel opakovan\u011b uv\u00e1d\u00ed, judaismus je d\u016fle\u017eitou sou\u010d\u00e1st\u00ed jeho osobnosti i\u00a0um\u011bleck\u00e9 tvorby.<\/p>\n<p class=\"c_bB\">Dustin Hoffman se naopak o\u00a0\u017eidovsk\u00e9m p\u016fvodu sv\u00e9 rodiny dozv\u011bd\u011bl a\u017e v\u00a0dosp\u011blosti. Rodi\u010de, respektive hlavn\u011b t\u00e1ta, ho vychov\u00e1vali jako ateistu. O\u00a0tragick\u00fdch p\u0159\u00edb\u011bz\u00edch sv\u00fdch praprarodi\u010d\u016f se dozv\u011bd\u011bl d\u00edky genealogick\u00e9mu po\u0159adu Finding Your Roots (Hled\u00e1n\u00ed va\u0161ich ko\u0159en\u016f) a\u017e v\u00a0roce 2016.\u00a0Souvisely s\u00a0pogromy, kter\u00e9 rozpoutali na sv\u00e9m \u00fazem\u00ed Sov\u011bti.<\/p>\n<p class=\"c_bB\">A t\u0159eba Jesse Eisenberg pro Novinky.cz na t\u00e9ma sv\u00e9ho \u017eidovstv\u00ed uvedl, \u017ee rodinn\u00e9 vazby s\u00a0Polskem, odkud jeho p\u0159edci do Ameriky uprchli p\u0159ed 2.\u00a0sv\u011btovou v\u00e1lkou, st\u00e1le hluboce vn\u00edm\u00e1. <a data-dot=\"atm-link\" target=\"_blank\" href=\"https:\/\/www.novinky.cz\/clanek\/kultura-filmy-serialy-recenze-opravdova-bolest-studie-cloveka-ve-stinu-davnych-tragedii-40509698\" class=\"c_N\" rel=\"nofollow noopener\">Jsou aktivn\u00ed sou\u010d\u00e1st\u00ed i\u00a0jeho um\u011bleck\u00e9 tvorby<\/a>. P\u0159ed rokem dokonce z\u00edskal polsk\u00e9 ob\u010danstv\u00ed.<\/p>\n<p>Lep\u0161\u00ed ne\u017e terapie je pomoc<\/p>\n<p class=\"c_bB\">\u201eTu vinu, \u017ee moji p\u0159edci holocaust p\u0159e\u017eili, ze sebe sn\u00edm\u00e1m t\u00edm, \u017ee pom\u00e1h\u00e1m jin\u00fdm lidem, kte\u0159\u00ed nemaj\u00ed v\u00a0\u017eivot\u011b tolik \u0161t\u011bst\u00ed jako j\u00e1,\u201c vysv\u011btlil v\u00a0rozhovoru s\u00a0t\u00edm, \u017ee tento p\u0159\u00edstup aktivn\u011b des\u00edtky let raz\u00ed rodina jeho \u017eeny. \u201eJe to lep\u0161\u00ed ne\u017e chodit na psychoterapie. M\u00e1 \u017eena a\u00a0jej\u00ed bl\u00edzc\u00ed trauma p\u0159e\u017eiv\u0161\u00edch m\u011bn\u00ed v\u00a0dobro,\u201c podotkl.<\/p>\n<p class=\"c_bB\">Ve Varech tak\u00e9 uvedl, \u017ee v\u00a0r\u00e1mci dobrovolnick\u00fdch aktivit str\u00e1v\u00ed \u010d\u00e1st leto\u0161n\u00edho l\u00e9ta na Ukrajin\u011b, kde bude jeho man\u017eelka u\u010dit tamn\u00ed d\u011bti. \u201eJ\u00e1 budu n\u00e1\u0161 pobyt dokumentovat,\u201c zm\u00ednil.<\/p>\n<p class=\"c_bB\">Mladou generaci s\u00a0p\u0159edky ve v\u00fdchodn\u00ed Evrop\u011b na KVIFF zastupovala i\u00a0dcera here\u010dky Maggie Gyllenhaalov\u00e9 Ramona Sarsgaardov\u00e1. Ta byla v\u00a0kv\u011btnu 2025\u00a0zat\u010dena b\u011bhem propalestinsk\u00fdch protest\u016f na Kolumbijsk\u00e9 univerzit\u011b v\u00a0New Yorku. <\/p>\n<p class=\"c_bB\">A\u010d se rodina ke sv\u00e9mu \u017eidovstv\u00ed aktivn\u011b hl\u00e1s\u00ed, Ramona ost\u0159e nesouhlas\u00ed s\u00a0vojensk\u00fdm postupem vl\u00e1dy izraelsk\u00e9ho premi\u00e9ra Benjamina Netanjahua v\u00a0Gaze. \u201eJe to nez\u00e1visl\u00e1 \u017eena,\u201c komentovala stru\u010dn\u011b jej\u00ed n\u00e1zory a\u00a0postoje jej\u00ed m\u00e1ma na karlovarsk\u00e9m festivalu.<\/p>\n<p><img height=\"2731\"   width=\"4096\" src=\"https:\/\/www.europesays.com\/cz\/wp-content\/uploads\/2026\/07\/ffef.jpeg\" loading=\"eager\" decoding=\"sync\" class=\"c_t c_r\"\/>Foto: Jan Handrejch, Novinky<a data-dot=\"atm-link\" target=\"_self\" href=\"https:\/\/www.novinky.cz\/clanek\/kultura-mff-kv-foto-velke-ohlednuti-za-karlovarskym-festivalem-prekvapeni-i-hvezdy-40587666\" class=\"c_N\" rel=\"nofollow noopener\"><img fetchpriority=\"high\" height=\"1438\" width=\"2557\" src=\"https:\/\/www.europesays.com\/cz\/wp-content\/uploads\/2026\/07\/be30.jpeg\" loading=\"eager\" decoding=\"sync\" class=\"c_t c_r\"\/><\/a><a data-dot=\"atm-link\" target=\"_self\" href=\"https:\/\/www.novinky.cz\/clanek\/kultura-mff-kv-harvey-keitel-potreti-ve-varech-mel-jsem-v-zivote-stesti-na-skvele-talenty-40586582\" class=\"c_N\" rel=\"nofollow noopener\"><img height=\"2304\" width=\"4096\" src=\"https:\/\/www.europesays.com\/cz\/wp-content\/uploads\/2026\/07\/1783104969_523_1d8a.jpeg\" loading=\"eager\" decoding=\"sync\" class=\"c_t c_r\"\/><\/a><\/p>\n","protected":false},"excerpt":{"rendered":"Zm\u00edn\u011bn\u00ed herci si objekt ze 13.\u00a0stolet\u00ed prohl\u00e9dli v\u00a0r\u00e1mci soukrom\u00fdch prohl\u00eddek. Jak se \u0159\u00edk\u00e1, \u0161li tzv. na jistotu. Budova&hellip;\n","protected":false},"author":2,"featured_media":157939,"comment_status":"","ping_status":"","sticky":false,"template":"","format":"standard","meta":{"footnotes":"","_share_on_mastodon":"0"},"categories":[14],"tags":[17146,79,34936,4572,99,39783,80],"class_list":["post-157938","post","type-post","status-publish","format-standard","has-post-thumbnail","category-zabava","tag-dustin-hoffman","tag-entertainment","tag-harvey-keitel","tag-mezinarodni-filmovy-festival-karlovy-vary-kviff","tag-praha","tag-staronova-synagoga","tag-zabava"],"share_on_mastodon":{"url":"https:\/\/pubeurope.com\/@cz\/116979971332552069","error":""},"_links":{"self":[{"href":"https:\/\/www.europesays.com\/cz\/wp-json\/wp\/v2\/posts\/157938","targetHints":{"allow":["GET"]}}],"collection":[{"href":"https:\/\/www.europesays.com\/cz\/wp-json\/wp\/v2\/posts"}],"about":[{"href":"https:\/\/www.europesays.com\/cz\/wp-json\/wp\/v2\/types\/post"}],"author":[{"embeddable":true,"href":"https:\/\/www.europesays.com\/cz\/wp-json\/wp\/v2\/users\/2"}],"replies":[{"embeddable":true,"href":"https:\/\/www.europesays.com\/cz\/wp-json\/wp\/v2\/comments?post=157938"}],"version-history":[{"count":0,"href":"https:\/\/www.europesays.com\/cz\/wp-json\/wp\/v2\/posts\/157938\/revisions"}],"wp:featuredmedia":[{"embeddable":true,"href":"https:\/\/www.europesays.com\/cz\/wp-json\/wp\/v2\/media\/157939"}],"wp:attachment":[{"href":"https:\/\/www.europesays.com\/cz\/wp-json\/wp\/v2\/media?parent=157938"}],"wp:term":[{"taxonomy":"category","embeddable":true,"href":"https:\/\/www.europesays.com\/cz\/wp-json\/wp\/v2\/categories?post=157938"},{"taxonomy":"post_tag","embeddable":true,"href":"https:\/\/www.europesays.com\/cz\/wp-json\/wp\/v2\/tags?post=157938"}],"curies":[{"name":"wp","href":"https:\/\/api.w.org\/{rel}","templated":true}]}}