{"id":158801,"date":"2026-07-26T09:43:15","date_gmt":"2026-07-26T09:43:15","guid":{"rendered":"https:\/\/www.europesays.com\/cz\/158801\/"},"modified":"2026-07-26T09:43:15","modified_gmt":"2026-07-26T09:43:15","slug":"seniorka-chtela-investovat-podvodnici-ji-pripravili-o-skoro-pul-milionu-korun","status":"publish","type":"post","link":"https:\/\/www.europesays.com\/cz\/158801\/","title":{"rendered":"Seniorka cht\u011bla investovat, podvodn\u00edci ji p\u0159ipravili o\u00a0skoro p\u016fl milionu korun"},"content":{"rendered":"<p class=\"c_bB\">\u201e\u017denu na soci\u00e1ln\u00edch s\u00edt\u00edch zaujala reklama s\u00a0podnikatelem Karlem Jane\u010dkem. Po rozkliknut\u00ed odkazu se dostala na str\u00e1nky nab\u00edzej\u00edc\u00ed v\u00fdhodn\u00e9 investice, zavolala na telefonn\u00ed \u010d\u00edslo, kter\u00e9 bylo na webu uveden\u00e9, a\u00a0projevila z\u00e1jem o\u00a0investov\u00e1n\u00ed,\u201c popsala za\u010d\u00e1tek p\u0159\u00edpadu policejn\u00ed mluv\u010d\u00ed Marie \u0160af\u00e1\u0159ov\u00e1.<\/p>\n<p class=\"c_bB\">Na rady z\u00e1stupce \u00fadajn\u00e9 investi\u010dn\u00ed spole\u010dnosti pak seniorka postupn\u011b b\u011bhem zhruba m\u011bs\u00edce \u201einvestovala\u201c v\u0161echny sv\u00e9 \u00faspory. Kdy\u017e z\u00e1stupce spole\u010dnosti trval na tom, \u017ee je nutn\u00e9 poslat v\u00edce pen\u011bz, vzala si p\u016fj\u010dku a\u00a0investovala i\u00a0tyto finan\u010dn\u00ed prost\u0159edky.<\/p>\n<p class=\"c_bB\">\u201eNa v\u00fdzvy k\u00a0dal\u0161\u00edm platb\u00e1m u\u017e nereagovala a\u00a0obr\u00e1tila se na policii. Podvodn\u00edci ji p\u0159ipravili o\u00a0p\u0159ibli\u017en\u011b 455\u00a0tis\u00edc korun,\u201c konstatovala policejn\u00ed mluv\u010d\u00ed.<\/p>\n<p class=\"c_bB\">V t\u00e9to souvislosti zah\u00e1jili policist\u00e9 trestn\u00ed \u0159\u00edzen\u00ed pro podez\u0159en\u00ed ze sp\u00e1ch\u00e1n\u00ed trestn\u00e9ho \u010dinu podvodu, pachateli hroz\u00ed trest odn\u011bt\u00ed svobody na jeden rok a\u017e p\u011bt let.<\/p>\n<p><a data-dot=\"atm-link\" target=\"_self\" href=\"https:\/\/www.novinky.cz\/clanek\/internet-a-pc-bezpecnost-zprvu-vahali-ale-pak-nabidku-vyhodne-investovat-prijali-dvojice-z-olomoucka-prisla-o-dva-miliony-40584980\" class=\"c_N\" rel=\"nofollow noopener\"><img fetchpriority=\"high\" height=\"450\" width=\"800\" src=\"https:\/\/www.europesays.com\/cz\/wp-content\/uploads\/2026\/07\/rwmOG1.jpeg\" loading=\"eager\" decoding=\"sync\" class=\"c_t c_r\"\/><\/a><\/p>\n","protected":false},"excerpt":{"rendered":"\u201e\u017denu na soci\u00e1ln\u00edch s\u00edt\u00edch zaujala reklama s\u00a0podnikatelem Karlem Jane\u010dkem. Po rozkliknut\u00ed odkazu se dostala na str\u00e1nky nab\u00edzej\u00edc\u00ed v\u00fdhodn\u00e9&hellip;\n","protected":false},"author":2,"featured_media":158802,"comment_status":"","ping_status":"","sticky":false,"template":"","format":"standard","meta":{"footnotes":"","_share_on_mastodon":"0"},"categories":[7],"tags":[43,42,41,40,69,259,325,3534],"class_list":["post-158801","post","type-post","status-publish","format-standard","has-post-thumbnail","category-cesko","tag-ceska-republika","tag-cesko","tag-czech-republic","tag-czechia","tag-investice","tag-podvod","tag-policie","tag-prerov"],"share_on_mastodon":{"url":"https:\/\/pubeurope.com\/@cz\/116985633709303407","error":""},"_links":{"self":[{"href":"https:\/\/www.europesays.com\/cz\/wp-json\/wp\/v2\/posts\/158801","targetHints":{"allow":["GET"]}}],"collection":[{"href":"https:\/\/www.europesays.com\/cz\/wp-json\/wp\/v2\/posts"}],"about":[{"href":"https:\/\/www.europesays.com\/cz\/wp-json\/wp\/v2\/types\/post"}],"author":[{"embeddable":true,"href":"https:\/\/www.europesays.com\/cz\/wp-json\/wp\/v2\/users\/2"}],"replies":[{"embeddable":true,"href":"https:\/\/www.europesays.com\/cz\/wp-json\/wp\/v2\/comments?post=158801"}],"version-history":[{"count":0,"href":"https:\/\/www.europesays.com\/cz\/wp-json\/wp\/v2\/posts\/158801\/revisions"}],"wp:featuredmedia":[{"embeddable":true,"href":"https:\/\/www.europesays.com\/cz\/wp-json\/wp\/v2\/media\/158802"}],"wp:attachment":[{"href":"https:\/\/www.europesays.com\/cz\/wp-json\/wp\/v2\/media?parent=158801"}],"wp:term":[{"taxonomy":"category","embeddable":true,"href":"https:\/\/www.europesays.com\/cz\/wp-json\/wp\/v2\/categories?post=158801"},{"taxonomy":"post_tag","embeddable":true,"href":"https:\/\/www.europesays.com\/cz\/wp-json\/wp\/v2\/tags?post=158801"}],"curies":[{"name":"wp","href":"https:\/\/api.w.org\/{rel}","templated":true}]}}