{"id":15885,"date":"2026-03-06T09:41:08","date_gmt":"2026-03-06T09:41:08","guid":{"rendered":"https:\/\/www.europesays.com\/cz\/15885\/"},"modified":"2026-03-06T09:41:08","modified_gmt":"2026-03-06T09:41:08","slug":"cesky-utocnik-vyuzil-neuveritelny-zkrat-brankar-besnil-zblaznil-bych-se-rika-expert","status":"publish","type":"post","link":"https:\/\/www.europesays.com\/cz\/15885\/","title":{"rendered":"\u010cesk\u00fd \u00fato\u010dn\u00edk vyu\u017eil neuv\u011b\u0159iteln\u00fd zkrat, brank\u00e1\u0159 b\u011bsnil. Zbl\u00e1znil bych se, \u0159\u00edk\u00e1 expert"},"content":{"rendered":"<p class=\"b_by\">F\u00e4rjestad m\u011bl p\u0159itom duel dob\u0159e rozehran\u00fd. Ve 24.\u00a0minut\u011b vyu\u017eil p\u0159esilovou hru Radim Zohorna. Jen\u017ee 26\u00a0sekund p\u0159ed t\u0159et\u00ed sir\u00e9nou srovnal \u0161v\u00e9dsk\u00fd forvard Carl Persson. A\u00a0ten sam\u00fd hr\u00e1\u010d v\u00a0prodlou\u017een\u00ed sk\u00f3roval pot\u00e9, co Larmi cht\u011bl kousek od sv\u00e9 br\u00e1ny rozehr\u00e1t puk m\u00edsto toho, aby bylo vhazov\u00e1n\u00ed v\u00a0obrann\u00e9m p\u00e1smu.<\/p>\n<p class=\"b_by\">Jen\u017ee kdy\u017e zvedl lapa\u010dku z\u00a0ledu, vyu\u017eil toho Hanzl a\u00a0voln\u00fd puk hbit\u011b p\u0159ihr\u00e1l spoluhr\u00e1\u010di, kter\u00fd u\u017e nem\u011bl probl\u00e9m trefit pr\u00e1zdnou br\u00e1nu. Malm\u00f6, za kter\u00e9 nastoupil brank\u00e1\u0159 Marek Langhamer, jen\u017e ale v\u00a0pr\u016fb\u011bhu prvn\u00ed t\u0159etiny st\u0159\u00eddal kv\u016fli zran\u011bn\u00ed, zv\u00edt\u011bzilo teprve pot\u0159et\u00ed v\u00a0posledn\u00edch deseti z\u00e1pasech.<\/p>\n<p class=\"b_by\">Kl\u00ed\u010dov\u00fd moment utk\u00e1n\u00ed kousal Larmi hodn\u011b t\u011b\u017eko. N\u00e1val vzteku odnesla hokejka, kterou mr\u0161til o\u00a0plexisklo a\u00a0zlomil ji.<\/p>\n<p><img fetchpriority=\"high\" height=\"394\"   width=\"700\" src=\"https:\/\/www.europesays.com\/cz\/wp-content\/uploads\/2026\/03\/hokej-emil-larmi.jpeg\" loading=\"eager\" decoding=\"sync\" class=\"b_B b_z\"\/>Foto: TV4<\/p>\n<p class=\"b_by\">Emil Larmi roz\u0161vihal svou hokejku o\u00a0plexisklo.<\/p>\n<p class=\"b_by\">\u201eKdybych byl hr\u00e1\u010dem F\u00e4rjestadu, tak bych se asi zbl\u00e1znil. St\u00e1lo je to prvn\u00ed \u0161estku,\u201c okomentoval situaci b\u00fdval\u00fd \u0161v\u00e9dsk\u00fd hokejista Jonas Andersson, kter\u00fd nyn\u00ed pracuje jako televizn\u00ed expert televize SVT.<\/p>\n<p class=\"b_by\">Um\u00edst\u011bn\u00ed v\u00a0top \u0161est je ve \u0161v\u00e9dsk\u00e9 lize d\u016fle\u017eit\u00e9, proto\u017ee zaji\u0161\u0165uje \u00fa\u010dast rovnou ve \u010dtvrtfin\u00e1le play off. Zat\u00edmco t\u00fdmy od sedm\u00e9ho do des\u00e1t\u00e9ho m\u00edsta mus\u00ed do p\u0159edkola. F\u00e4rjestad je nyn\u00ed osm\u00fd se 68\u00a0body, na \u0161estou Luleu ztr\u00e1c\u00ed \u010dty\u0159i kola p\u0159ed koncem \u0161est bod\u016f. Malm\u00f6 je sedm\u00e9 se 72\u00a0body. Matematicky m\u00e1 tak F\u00e4rjestad celkem slu\u0161nou \u0161anci se je\u0161t\u011b do \u0161estky dostat.<\/p>\n<p class=\"b_by\">Tren\u00e9r Cam Abbott v\u0161ak byl celkem logicky rozlad\u011bn\u00fd. \u201eJsou to promarn\u011bn\u00e9 t\u0159i body. V\u00a0prodlou\u017een\u00ed jsme ale ud\u011blali n\u011bkolik \u0161patn\u00fdch rozhodnut\u00ed. V\u010detn\u011b toho na konci.\u201c<\/p>\n<p><a data-dot=\"atm-link\" target=\"_self\" href=\"https:\/\/www.sport.cz\/clanek\/hokej-ceska-1-liga-v-glasgow-chradl-ve-zline-pookral-nekdo-rekne-ze-britanie-je-hrozna-ale-jde-o-narocnejsi-soutez-rika-jarusek-5413004\" class=\"b_V g_iD\" rel=\"nofollow noopener\"><img height=\"1067\" width=\"1422\" src=\"https:\/\/www.europesays.com\/cz\/wp-content\/uploads\/2026\/03\/berani-zlin-richard-jarusek.jpeg\" loading=\"eager\" decoding=\"sync\" class=\"b_B b_z\"\/><\/a><\/p>\n","protected":false},"excerpt":{"rendered":"F\u00e4rjestad m\u011bl p\u0159itom duel dob\u0159e rozehran\u00fd. Ve 24.\u00a0minut\u011b vyu\u017eil p\u0159esilovou hru Radim Zohorna. Jen\u017ee 26\u00a0sekund p\u0159ed t\u0159et\u00ed sir\u00e9nou&hellip;\n","protected":false},"author":2,"featured_media":15886,"comment_status":"","ping_status":"","sticky":false,"template":"","format":"standard","meta":{"footnotes":"","_share_on_mastodon":"0"},"categories":[15],"tags":[8472,29,8471,8470,8469,8468,94,93,631,8473],"class_list":["post-15885","post","type-post","status-publish","format-standard","has-post-thumbnail","category-sport","tag-farjestad","tag-hokej","tag-malmo","tag-marek-langhamer","tag-radim-zohorna","tag-robin-hanzl","tag-sport","tag-sports","tag-svedsko","tag-zkrat"],"share_on_mastodon":{"url":"https:\/\/pubeurope.com\/@cz\/116181577400398343","error":""},"_links":{"self":[{"href":"https:\/\/www.europesays.com\/cz\/wp-json\/wp\/v2\/posts\/15885","targetHints":{"allow":["GET"]}}],"collection":[{"href":"https:\/\/www.europesays.com\/cz\/wp-json\/wp\/v2\/posts"}],"about":[{"href":"https:\/\/www.europesays.com\/cz\/wp-json\/wp\/v2\/types\/post"}],"author":[{"embeddable":true,"href":"https:\/\/www.europesays.com\/cz\/wp-json\/wp\/v2\/users\/2"}],"replies":[{"embeddable":true,"href":"https:\/\/www.europesays.com\/cz\/wp-json\/wp\/v2\/comments?post=15885"}],"version-history":[{"count":0,"href":"https:\/\/www.europesays.com\/cz\/wp-json\/wp\/v2\/posts\/15885\/revisions"}],"wp:featuredmedia":[{"embeddable":true,"href":"https:\/\/www.europesays.com\/cz\/wp-json\/wp\/v2\/media\/15886"}],"wp:attachment":[{"href":"https:\/\/www.europesays.com\/cz\/wp-json\/wp\/v2\/media?parent=15885"}],"wp:term":[{"taxonomy":"category","embeddable":true,"href":"https:\/\/www.europesays.com\/cz\/wp-json\/wp\/v2\/categories?post=15885"},{"taxonomy":"post_tag","embeddable":true,"href":"https:\/\/www.europesays.com\/cz\/wp-json\/wp\/v2\/tags?post=15885"}],"curies":[{"name":"wp","href":"https:\/\/api.w.org\/{rel}","templated":true}]}}