{"id":158971,"date":"2026-07-26T13:11:13","date_gmt":"2026-07-26T13:11:13","guid":{"rendered":"https:\/\/www.europesays.com\/cz\/158971\/"},"modified":"2026-07-26T13:11:13","modified_gmt":"2026-07-26T13:11:13","slug":"tragedie-v-rakousku-auto-s-ceskou-rodinou-narazilo-do-svodidel-otec-podlehl-zranenim","status":"publish","type":"post","link":"https:\/\/www.europesays.com\/cz\/158971\/","title":{"rendered":"Trag\u00e9die v Rakousku: Auto s \u010deskou rodinou narazilo do svodidel. Otec podlehl zran\u011bn\u00edm"},"content":{"rendered":"<p>        <img decoding=\"async\" src=\"https:\/\/www.europesays.com\/cz\/wp-content\/uploads\/2026\/07\/1785057383_873_a66033d0e1b43ce9c627652e554fdc64.png\" alt=\"\u010cTK\" class=\"avatar-img w-[40px] h-[40px] min-w-[40px] rounded-full border-[1.5px] border-solid border-black object-cover hover:opacity-90 transition-opacity before:!content-none !bg-none\" loading=\"lazy\"\/><\/p>\n<p>                            \u010cTK<\/p>\n<p>                        26. \u010dvc 2026, 13:06\n                    <\/p>\n<p class=\"lead\">\n                        V nemocnici ve \u0160t\u00fdrsk\u00e9m Hradci zem\u0159el pades\u00e1tilet\u00fd \u010cech, kter\u00fd v sobotu s rodinou havaroval na d\u00e1lnici A9 u sjezdu na Lebring. S odkazem na m\u00edstn\u00ed policii to v ned\u011bli uvedla agentura APA. Podle m\u00edstn\u00edch m\u00e9di\u00ed \u0161lo o otce rodiny. p\u0159i nehod\u011b se zranily i matka a dcera.\n                    <\/p>\n<p>                                <a href=\"https:\/\/www.seznam.cz\/pridat-boxik\/173335\" onclick=\"dataLayer.push({&#039;event&#039;: &#039;add_to_seznam&#039;})\" class=\"hidden w-full\" id=\"seznam-banner\" rel=\"nofollow noopener\" target=\"_blank\"><\/p>\n<p>        <img decoding=\"async\" loading=\"lazy\" class=\"w-full mb-4\" src=\"https:\/\/assets.cnn.iprima.cz\/images\/seznam-banner-desktop-v3.svg\" alt=\"Seznam.cz banner\"\/><\/p>\n<p><\/a><\/p>\n<p>Nehoda se stala kolem 6:30. Podle policie automobil sjel z dosud nezn\u00e1m\u00fdch p\u0159\u00ed\u010din z vozovky a v pln\u00e9 rychlosti narazil do svodidel. Rodina jela od hrani\u010dn\u00edho p\u0159echodu Spielfeld na rakousko-slovinsk\u00e9 hranici sm\u011brem na \u0160t\u00fdrsk\u00fd Hradec.<\/p>\n<p>Z\u00e1chran\u00e1\u0159i do nemocnice ve \u0160t\u00fdrsk\u00e9m Hradci p\u0159epravili 50let\u00e9ho mu\u017ee, jeho 47letou man\u017eelku a 18letou dceru. Mu\u017e podlehl zran\u011bn\u00edm v sobotu v podve\u010dern\u00edch hodin\u00e1ch.<\/p>\n<p>MOHLO BY V\u00c1S ZAJ\u00cdMAT: <a target=\"_blank\" href=\"https:\/\/cnn.iprima.cz\/utok-dodavkou-v-berline-nemecka-policie-patra-po-podezrelem-o-spolupraci-pozadala-i-cesko-517866\" rel=\"nofollow noopener\">Hon na \u00fato\u010dn\u00edka z Berl\u00edna pokra\u010duje. N\u011bmeck\u00e1 policie \u017e\u00e1d\u00e1 \u010cesko o pomoc<\/a><\/p>\n<p class=\"related-articles-title\">\n        Doporu\u010den\u00e9 \u010dl\u00e1nky\n    <\/p>\n<p>        <img decoding=\"async\" src=\"https:\/\/www.europesays.com\/cz\/wp-content\/uploads\/2026\/07\/1785057383_873_a66033d0e1b43ce9c627652e554fdc64.png\" alt=\"\u010cTK\" class=\"avatar-img w-[40px] h-[40px] min-w-[40px] rounded-full border-[1.5px] border-solid border-black object-cover hover:opacity-90 transition-opacity before:!content-none !bg-none\" loading=\"lazy\"\/><\/p>\n<p>                                    \u010cTK<\/p>\n<p class=\"!text-semibold-14-14 !text-black mb-0 mt-2\">\n                Spolehliv\u00fd, rychl\u00fd a nez\u00e1visl\u00fd zpravodajsk\u00fd servis.\n            <\/p>\n","protected":false},"excerpt":{"rendered":"\u010cTK 26. \u010dvc 2026, 13:06 V nemocnici ve \u0160t\u00fdrsk\u00e9m Hradci zem\u0159el pades\u00e1tilet\u00fd \u010cech, kter\u00fd v sobotu s rodinou&hellip;\n","protected":false},"author":2,"featured_media":158972,"comment_status":"","ping_status":"","sticky":false,"template":"","format":"standard","meta":{"footnotes":"","_share_on_mastodon":"0"},"categories":[10],"tags":[34955,747,12484,17,21,7484,4102,7485,16,325,256,651,12483,39995,39996,18,19,22,20],"class_list":["post-158971","post","type-post","status-publish","format-standard","has-post-thumbnail","category-zpravy","tag-cech","tag-dalnice","tag-dopravni-nehoda","tag-headlines","tag-hlavni-udalosti","tag-katastrofy","tag-nehoda","tag-nehody-a-mimoradne-udalosti","tag-news","tag-policie","tag-rakousko","tag-rodina","tag-silnicni-nehoda","tag-spielfeld","tag-styrsky-hradec","tag-top-news","tag-top-stories","tag-udalosti-dne","tag-zpravy"],"share_on_mastodon":{"url":"https:\/\/pubeurope.com\/@cz\/116986451751913634","error":""},"_links":{"self":[{"href":"https:\/\/www.europesays.com\/cz\/wp-json\/wp\/v2\/posts\/158971","targetHints":{"allow":["GET"]}}],"collection":[{"href":"https:\/\/www.europesays.com\/cz\/wp-json\/wp\/v2\/posts"}],"about":[{"href":"https:\/\/www.europesays.com\/cz\/wp-json\/wp\/v2\/types\/post"}],"author":[{"embeddable":true,"href":"https:\/\/www.europesays.com\/cz\/wp-json\/wp\/v2\/users\/2"}],"replies":[{"embeddable":true,"href":"https:\/\/www.europesays.com\/cz\/wp-json\/wp\/v2\/comments?post=158971"}],"version-history":[{"count":0,"href":"https:\/\/www.europesays.com\/cz\/wp-json\/wp\/v2\/posts\/158971\/revisions"}],"wp:featuredmedia":[{"embeddable":true,"href":"https:\/\/www.europesays.com\/cz\/wp-json\/wp\/v2\/media\/158972"}],"wp:attachment":[{"href":"https:\/\/www.europesays.com\/cz\/wp-json\/wp\/v2\/media?parent=158971"}],"wp:term":[{"taxonomy":"category","embeddable":true,"href":"https:\/\/www.europesays.com\/cz\/wp-json\/wp\/v2\/categories?post=158971"},{"taxonomy":"post_tag","embeddable":true,"href":"https:\/\/www.europesays.com\/cz\/wp-json\/wp\/v2\/tags?post=158971"}],"curies":[{"name":"wp","href":"https:\/\/api.w.org\/{rel}","templated":true}]}}