{"id":159237,"date":"2026-07-26T19:04:10","date_gmt":"2026-07-26T19:04:10","guid":{"rendered":"https:\/\/www.europesays.com\/cz\/159237\/"},"modified":"2026-07-26T19:04:10","modified_gmt":"2026-07-26T19:04:10","slug":"praha-6-ziskala-stavebni-povoleni-pro-bytove-domy-a-skolku-v-ruzyni","status":"publish","type":"post","link":"https:\/\/www.europesays.com\/cz\/159237\/","title":{"rendered":"Praha 6 z\u00edskala stavebn\u00ed povolen\u00ed pro bytov\u00e9 domy a \u0161kolku v Ruzyni"},"content":{"rendered":"<p>Vizualizace p\u0159ipravovan\u00e9ho bytov\u00e9ho projektu. Zdroj: M\u010c Praha 6 <\/p>\n<p>\nPraha 6\u00a0z\u00edskala stavebn\u00ed povolen\u00ed pro v\u00fdstavbu mate\u0159sk\u00e9 \u0161koly a t\u0159\u00ed viladom\u016f s\u00a0jedna\u010dty\u0159iceti byty ur\u010den\u00fdmi k\u00a0n\u00e1jemn\u00edmu bydlen\u00ed. Informoval o\u00a0tom starosta m\u011bstsk\u00e9 \u010d\u00e1sti Jakub St\u00e1rek\u00a0(ODS). Domy a \u0161kolka vzniknou na voln\u00e9 plo\u0161e mezi ulicemi Rakovnick\u00e1 a Stochovsk\u00e1 v\u00a0Ruzyni. Stav\u011bt by se mohlo za\u010d\u00edt p\u0159\u00ed\u0161t\u00ed\u00a0rok.\n<\/p>\n<p>Dvacet byt\u016f bude m\u00edt dispozici 1+kk o\u00a0velikosti od 26\u00a0do 34\u00a0metr\u016f \u010dtvere\u010dn\u00edch, dal\u0161\u00edch jednadvacet byt\u016f bude s\u00a0dispozic\u00ed 2+kk a podlahovou plochou od 41\u00a0do 59\u00a0metr\u016f \u010dtvere\u010dn\u00edch.<\/p>\n<p>P\u016fjde o\u00a0takzvan\u011b startovac\u00ed byty. \u201eNa\u0161\u00ed p\u0159edstavou je, \u017ee by zde bydleli lid\u00e9, kte\u0159\u00ed v\u00a0Praze 6\u00a0vyr\u016fstali s\u00a0rodi\u010di a nyn\u00ed se cht\u011bj\u00ed osamostatnit, p\u0159\u00edpadn\u011b mlad\u00e9 rodiny s\u00a0d\u011btmi,\u201c vysv\u011btlil starosta.<\/p>\n<p>N\u011bkter\u00e9 byty v\u00a0prvn\u00edch nadzemn\u00edch podla\u017e\u00edch budou spl\u0148ovat speci\u00e1ln\u00ed standardy pro bydlen\u00ed osob se zdravotn\u00edm posti\u017een\u00edm.<\/p>\n<p>Jednotliv\u00e9 domy nejsou toto\u017en\u00e9. Jejich velikost a tvar se p\u0159izp\u016fsobuj\u00ed roz\u0161i\u0159uj\u00edc\u00edmu se pozemku i\u00a0okoln\u00ed z\u00e1stavb\u011b. Tomu odpov\u00edd\u00e1 tak\u00e9 jejich v\u00fd\u0161ka\u00a0\u2013 t\u0159i nadzemn\u00ed podla\u017e\u00ed.<\/p>\n<p>Domy nebudou podsklepen\u00e9, co\u017e podle starosty v\u00fdstavbu zjednodu\u0161\u00ed. \u201eV\u00a0ka\u017ed\u00e9m z\u00a0nich v\u0161ak bude v\u00a0p\u0159\u00edzem\u00ed spole\u010dn\u00e1 v\u00edce\u00fa\u010delov\u00e1 m\u00edstnost pro uskladn\u011bn\u00ed kol a ko\u010d\u00e1rk\u016f, dob\u00edjen\u00ed elektrokol a uzamykateln\u00e9 sk\u0159\u00edn\u011b pro jednotliv\u00e9 byty,\u201c popsal.\t<\/p>\n<p>\t\t\t\t\t\t\t\t<img decoding=\"async\" src=\"\/obrazky_resize\/developer\/byty-finep-arcibiskupstvi-prazske-475.jpg\" src-retina=\"\/obrazky_resize\/developer\/byty-finep-arcibiskupstvi-prazske-475.jpg\" alt=\"\"\/><\/p>\n<p>\t\t\t\t\t\t\t\t\u010ct\u011bte tak\u00e9:<\/p>\n<p>\t\t\t\t\t\t\t\t\t<a href=\"https:\/\/www.prazskypatriot.cz\/nabidka-novych-bytu-v-praze-ve-druhem-ctvrtleti-stoupla-presto-mirne-zdrazily\/\" rel=\"nofollow noopener\" target=\"_blank\">Nab\u00eddka nov\u00fdch byt\u016f v Praze ve druh\u00e9m \u010dtvrtlet\u00ed stoupla, p\u0159esto m\u00edrn\u011b zdra\u017eily<\/a><\/p>\n<p>\t\t\t\t\t\tBonusem budou balkony nebo terasy u\u00a0ka\u017ed\u00e9ho bytu. U\u00a0p\u0159\u00edzemn\u00edch byt\u016f vzniknou p\u0159edzahr\u00e1dky odd\u011blen\u00e9 zelen\u00ed a vy\u0161\u0161\u00edmi truhl\u00edky. Zbytek zahrady i\u00a0prostor p\u0159ed domy budou spole\u010dn\u00e9, bez rozd\u011blen\u00ed mezi jednotliv\u00e9 objekty.<\/p>\n<p>\u201eVznikne tu n\u011bco, co \u0160estka pot\u0159ebuje, bytov\u00e9 domy s\u00a0n\u00e1jemn\u00edmi byty v\u010detn\u011b souvisej\u00edc\u00ed zahrady a nov\u00fd are\u00e1l mate\u0159sk\u00e9 \u0161koly se zahradou,\u201c dodal St\u00e1rek.<\/p>\n<p>Velk\u00e9 pod\u011bkov\u00e1n\u00ed podle n\u011bj pat\u0159\u00ed m\u00edstostarostovi Ji\u0159\u00edmu L\u00e1lkovi (ODSA), pov\u011b\u0159enci Prahy 6\u00a0pro v\u00fdznamn\u00e9 investice. \u201eD\u00edky jeho pr\u00e1ci a nasazen\u00ed se tenhle projekt posunul zase o\u00a0kus d\u00e1l,\u201c podotkl.<\/p>\n<p>V\u00a0minulosti radnice na plo\u0161e zva\u017eovala v\u00fdstavbu relativn\u011b velk\u00e9ho domu, nakonec zv\u00edt\u011bzila vize men\u0161\u00ed z\u00e1stavby v\u00edce respektuj\u00edc\u00ed sv\u00e9 okol\u00ed. V\u00a0minulosti u\u017e prob\u011bhla architektonick\u00e1 sout\u011b\u017e, podoba dom\u016f byla podle St\u00e1rka diskutov\u00e1na s\u00a0m\u00edstn\u00edmi.<\/p>\n<p>Cena vyplyne ze sout\u011b\u017ee na zhotovitele, p\u0159ed t\u0159emi lety, kdy\u017e radnice z\u00e1m\u011br zve\u0159ejnila, byl odhad n\u00e1klad\u016f 150\u00a0milion\u016f korun. M\u011bstsk\u00e1 \u010d\u00e1st se podle sv\u00fdch d\u0159\u00edv\u011bj\u0161\u00edch vyj\u00e1d\u0159en\u00ed bude sna\u017eit zajistit spolufinancov\u00e1n\u00ed ze strany hlavn\u00edho m\u011bsta, evropsk\u00fdch fond\u016f i\u00a0ze St\u00e1tn\u00edho\u00a0fondu \u017eivotn\u00edho prost\u0159ed\u00ed\u00a0\u010cR, proto\u017ee jde o\u00a0ekologick\u00fd projekt.<\/p>\n<p>\u201ePrim\u00e1rn\u011b v\u0161ak p\u016fjde o\u00a0investici Prahy 6\u00a0do vlastn\u00edho majetku, kter\u00fd se bude pronaj\u00edmat, nikoli prod\u00e1vat,\u201c dodal starosta.<\/p>\n","protected":false},"excerpt":{"rendered":"Vizualizace p\u0159ipravovan\u00e9ho bytov\u00e9ho projektu. Zdroj: M\u010c Praha 6 Praha 6\u00a0z\u00edskala stavebn\u00ed povolen\u00ed pro v\u00fdstavbu mate\u0159sk\u00e9 \u0161koly a t\u0159\u00ed&hellip;\n","protected":false},"author":2,"featured_media":159238,"comment_status":"","ping_status":"","sticky":false,"template":"","format":"standard","meta":{"footnotes":"","_share_on_mastodon":"0"},"categories":[30],"tags":[98,99,1017,40035,1041,20646,40034],"class_list":["post-159237","post","type-post","status-publish","format-standard","has-post-thumbnail","category-praha","tag-prague","tag-praha","tag-praha-6","tag-rakovnicka","tag-ruzyne","tag-stavebni-povoleni","tag-viladomy"],"share_on_mastodon":{"url":"https:\/\/pubeurope.com\/@cz\/116987839701339141","error":""},"_links":{"self":[{"href":"https:\/\/www.europesays.com\/cz\/wp-json\/wp\/v2\/posts\/159237","targetHints":{"allow":["GET"]}}],"collection":[{"href":"https:\/\/www.europesays.com\/cz\/wp-json\/wp\/v2\/posts"}],"about":[{"href":"https:\/\/www.europesays.com\/cz\/wp-json\/wp\/v2\/types\/post"}],"author":[{"embeddable":true,"href":"https:\/\/www.europesays.com\/cz\/wp-json\/wp\/v2\/users\/2"}],"replies":[{"embeddable":true,"href":"https:\/\/www.europesays.com\/cz\/wp-json\/wp\/v2\/comments?post=159237"}],"version-history":[{"count":0,"href":"https:\/\/www.europesays.com\/cz\/wp-json\/wp\/v2\/posts\/159237\/revisions"}],"wp:featuredmedia":[{"embeddable":true,"href":"https:\/\/www.europesays.com\/cz\/wp-json\/wp\/v2\/media\/159238"}],"wp:attachment":[{"href":"https:\/\/www.europesays.com\/cz\/wp-json\/wp\/v2\/media?parent=159237"}],"wp:term":[{"taxonomy":"category","embeddable":true,"href":"https:\/\/www.europesays.com\/cz\/wp-json\/wp\/v2\/categories?post=159237"},{"taxonomy":"post_tag","embeddable":true,"href":"https:\/\/www.europesays.com\/cz\/wp-json\/wp\/v2\/tags?post=159237"}],"curies":[{"name":"wp","href":"https:\/\/api.w.org\/{rel}","templated":true}]}}