{"id":159404,"date":"2026-07-27T03:59:11","date_gmt":"2026-07-27T03:59:11","guid":{"rendered":"https:\/\/www.europesays.com\/cz\/159404\/"},"modified":"2026-07-27T03:59:11","modified_gmt":"2026-07-27T03:59:11","slug":"vztah-jako-z-romanu-jana-krausova-a-karel-roden-velkou-lasku-rozdelila-az-touha-po-detech","status":"publish","type":"post","link":"https:\/\/www.europesays.com\/cz\/159404\/","title":{"rendered":"Vztah jako z\u00a0rom\u00e1nu: Jana Krausov\u00e1 a\u00a0Karel Roden. Velkou l\u00e1sku rozd\u011blila a\u017e touha po d\u011btech"},"content":{"rendered":"<p class=\"b_bt\">M\u016f\u017ee se to snadno st\u00e1t\u00a0\u2013 a\u00a0tak\u00e9 se to d\u011bje dnes a\u00a0denn\u011b. Jeden z\u00a0partner\u016f se zamiluje a\u00a0odch\u00e1z\u00ed za n\u011bk\u00fdm jin\u00fdm. Ov\u0161em kdy\u017e se to stane ve\u0159ejn\u011b zn\u00e1m\u00fdm lidem, je z\u00a0toho poprask. O\u00a0to v\u011bt\u0161\u00ed, kdy\u017e se zd\u00e1, \u017ee se dva slavn\u00e9 p\u00e1ry jednodu\u0161e \u201eprohodily\u201c. Nav\u00edc bez skand\u00e1l\u016f, vz\u00e1jemn\u00e9ho oso\u010dov\u00e1n\u00ed a\u00a0ve\u0159ejn\u00fdch zpov\u011bd\u00ed. Historka o\u00a0jedn\u00e9 partnersk\u00e9 v\u00fdm\u011bn\u011b si i\u00a0tak \u017eije d\u00e1l sv\u00fdm \u017eivotem.<\/p>\n<p>Jak to bylo s\u00a0v\u00fdm\u011bnou man\u017eelek?<\/p>\n<p class=\"b_bt\">\u201eNic jsme si nevym\u011bnili, prohoz \u017e\u00e1dnej nebyl. S\u00a0Karlem jsme se sbl\u00ed\u017eili a\u017e pozd\u011bji. J\u00e1 bych nikdy na \u017e\u00e1dnou v\u00fdm\u011bnu nep\u0159istoupila,\u201c sv\u011b\u0159ila se <a data-dot=\"atm-link\" target=\"_blank\" href=\"https:\/\/www.prozeny.cz\/clanek\/zdravi-a-zivotni-styl-zaujalo-nas-jana-krausova-93703\" class=\"b_f\" rel=\"nofollow noopener\">Jana Krausov\u00e1<\/a> v\u00a0rozhovoru pro Lidovky.cz. Skv\u011bl\u00e1 here\u010dka i\u00a0v\u00fdtvarnice, jej\u00ed\u017e jm\u00e9no m\u00e1 mnoho lid\u00ed spojen\u00e9 pr\u00e1v\u011b se zm\u00edn\u011bn\u00fdmi vztahov\u00fdmi peripetiemi. Ale ona sama to pova\u017euje za nep\u0159\u00edjemnou nafouknutou bublinu, <a data-dot=\"atm-link\" target=\"_blank\" href=\"https:\/\/www.prozeny.cz\/clanek\/zdravi-a-zivotni-styl-rozhovory-bubliny-s-janou-krausovou-nafouknute-bubline-okolo-mych-partneru-se-uz-dnes-jen-smeju-92464\" class=\"b_f\" rel=\"nofollow noopener\">jak se sv\u011b\u0159ila<\/a> v\u00a0na\u0161em podcastu Bubliny.<\/p>\n<p class=\"b_bt\">Pravda je, \u017ee m\u011bla dva z\u00e1sadn\u00ed \u017eivotn\u00ed vztahy: s\u00a0Janem Krausem, se n\u00edm\u017e m\u00e1 syny Davida a\u00a0Adama, a\u00a0pozd\u011bji s\u00a0hercem Karlem Rodenem. S\u00a0ka\u017ed\u00fdm pro\u017eila velk\u00fd kus \u017eivota a\u00a0s\u00a0ob\u011bma je zadob\u0159e i\u00a0po rozchodu.<\/p>\n<p class=\"b_bt\">V\u00a0Show Jana Krause na v\u00fdrok moder\u00e1tora, \u017ee m\u00e1 \u0161t\u011bst\u00ed na partnery, reagovala jednozna\u010dn\u011b: \u201eTak j\u00e1 jsem si je vybrala! A\u00a0oni m\u011bli \u0161t\u011bst\u00ed na m\u011b. Jsem docela trp\u011bliv\u00e1 a\u00a0s ka\u017ed\u00fdm jsem byla skoro dvacet let. Dobr\u00e9 vztahy, mo\u017en\u00e1 dokonce lep\u0161\u00ed, s\u00a0nimi m\u00e1m i\u00a0nad\u00e1le.\u201c<\/p>\n<p>L\u00e1ska na druh\u00fd pokus<\/p>\n<p class=\"b_bt\">Vztah Jany Krausov\u00e9 a\u00a0Karla Rodena tedy za\u010dal a\u017e po rozchodu s\u00a0Janem Krausem, kter\u00fd v\u00a0t\u00e9 dob\u011b u\u017e n\u011bjak\u00fd \u010das \u017eil s\u00a0<a data-dot=\"atm-link\" target=\"_blank\" href=\"https:\/\/www.prozeny.cz\/clanek\/zdravi-a-zivotni-styl-zaujalo-nas-ceske-damy-po-60-inspiruji-celou-generaci-krasa-klid-a-charisma-takhle-vypada-moderni-zralost-103123\" class=\"b_f\" rel=\"nofollow noopener\">Ivanou Ch\u00fdlkovou<\/a>, b\u00fdvalou partnerkou Karla Rodena. Slova o\u00a0ro\u0161\u00e1d\u011b tak byla sp\u00ed\u0161 atraktivn\u00ed medi\u00e1ln\u00ed zkratkou. \u201eS Honzou ani s\u00a0jeho \u017eivotn\u00ed partnerkou nem\u00e1m probl\u00e9m. Sice jsem se dlouho vyrovn\u00e1vala s\u00a0na\u0161\u00edm rozchodem a\u00a0po\u0159\u00e1d dokola jsem se ptala, co a\u00a0kdy bylo \u0161patn\u011b, dokonce jsem m\u011bla tendenci si to ps\u00e1t, abych si v\u0161echno v\u00a0hlav\u011b srovnala. Nakonec to n\u011bjak samo odezn\u011blo,\u201c \u0159ekla u\u017e p\u0159ed lety Jana Krausov\u00e1 pro den\u00edk Blesk. Za Karla Rodena se nikdy neprovdala, \u017eila s\u00a0n\u00edm dlouh\u00e1 l\u00e9ta ve <a data-dot=\"atm-link\" target=\"_blank\" href=\"https:\/\/www.prozeny.cz\/clanek\/zdravi-a-zivotni-styl-kdo-vlastni-ceske-hrady-a-zamky-herec-zpevak-politik-romantik-i-restituent-90929\" class=\"b_f\" rel=\"nofollow noopener\">Skr\u00fd\u0161ov\u011b<\/a>.<\/p>\n<p><img fetchpriority=\"high\" height=\"1061\"   width=\"1400\" src=\"https:\/\/www.europesays.com\/cz\/wp-content\/uploads\/2026\/07\/laska.jpeg\" loading=\"eager\" decoding=\"sync\" class=\"b_u b_s\"\/>Foto: Profimedia.czDop\u0159\u00e1la mu volnost<\/p>\n<p class=\"b_bt\">Jedn\u00edm z\u00a0velk\u00fdch t\u00e9mat vztahu byla Rodenova touha po vlastn\u00edch d\u011btech. Jana Krausov\u00e1 se pozd\u011bji sv\u011b\u0159ila, \u017ee pr\u00e1v\u011b to hr\u00e1lo v\u00a0jejich p\u0159\u00edb\u011bhu v\u00fdznamnou roli. \u201eJsem toho n\u00e1zoru, \u017ee lidi si maj\u00ed nechat volnost v\u00a0rozhodov\u00e1n\u00ed a\u00a0dop\u0159\u00e1t druh\u00e9mu to, co m\u00e1m j\u00e1. Jen pokud d\u00e1m svobodu, z\u00edsk\u00e1m ji i\u00a0j\u00e1 sama,\u201c \u0159ekla Jana Krausov\u00e1 v\u00a0roce 2014\u00a0s\u00a0t\u00edm, \u017ee pocit rodi\u010dovstv\u00ed, otcovstv\u00ed nebo mate\u0159stv\u00ed nem\u016f\u017ee nic nahradit.<\/p>\n<p class=\"b_bt\">\u201eA m\u011b by mrzelo, kdyby o\u00a0n\u011bj byl m\u016fj partner o\u0161izen\u00fd. \u017d\u00edt s\u00a0n\u00edm za okolnost\u00ed, \u017ee to nepozn\u00e1 a\u00a0bude mi to vy\u010d\u00edtat, to bych rad\u011bji nebyla. J\u00e1 mu dokonce \u0159ekla: Jdi, j\u00e1 to p\u0159ekousnu. On ale odpov\u011bd\u011bl, \u017ee si nedovede \u017eivot beze mne p\u0159edstavit, tak\u017ee to mus\u00edme n\u011bjak vymyslet. Uva\u017eovali jsme dokonce o\u00a0adopci,\u201c sv\u011b\u0159ila se tehdy. <\/p>\n<p class=\"b_bt\">Jejich cesty se nakonec po v\u00edce ne\u017e dvaceti letech p\u0159ece jen roze\u0161ly a\u00a0Karel Roden <a data-dot=\"atm-link\" target=\"_blank\" rel=\"noopener nofollow\" href=\"https:\/\/www.super.cz\/clanek\/celebrity-velke-prekvapeni-v-lucerne-karel-roden-po-delsi-dobe-ve-spolecnosti-s-puvabnou-manzelkou-1525256\" class=\"b_f\">zalo\u017eil rodinu s\u00a0Laurou \u010cekanovou<\/a>, s\u00a0n\u00ed\u017e m\u00e1 dv\u011b d\u011bti. Jana Krausov\u00e1 mu p\u0159itom ve\u0159ejn\u011b pop\u0159\u00e1la \u0161t\u011bst\u00ed a\u00a0zd\u016fraznila, \u017ee mezi nimi nez\u016fstala \u017e\u00e1dn\u00e1 z\u00e1\u0161\u0165. \u201eKarel je \u0161\u0165astn\u00fd, \u017ee m\u00e1 d\u011bti, a\u00a0j\u00e1 jsem r\u00e1da, \u017ee je \u0161\u0165astn\u00fd. On m\u011bl velice r\u00e1d moje d\u011bti, t\u00edm mi moc pomohl, ale tou\u017eil tak\u00e9 po vlastn\u00edch. Nebyl to nijak bolestn\u00fd rozchod, byl to rozchod z\u00a0rozumu. My jsme se takhle domluvili,\u201c \u0159ekla v\u00a0rozhovoru pro \u010dasopis Vlasta.<\/p>\n","protected":false},"excerpt":{"rendered":"M\u016f\u017ee se to snadno st\u00e1t\u00a0\u2013 a\u00a0tak\u00e9 se to d\u011bje dnes a\u00a0denn\u011b. Jeden z\u00a0partner\u016f se zamiluje a\u00a0odch\u00e1z\u00ed za n\u011bk\u00fdm&hellip;\n","protected":false},"author":2,"featured_media":159405,"comment_status":"","ping_status":"","sticky":false,"template":"","format":"standard","meta":{"footnotes":"","_share_on_mastodon":"0"},"categories":[14],"tags":[79,1574,3294,4383,8687,653,10908,16638,80],"class_list":["post-159404","post","type-post","status-publish","format-standard","has-post-thumbnail","category-zabava","tag-entertainment","tag-ivana-chylkova","tag-jan-kraus","tag-jana-krausova","tag-karel-roden","tag-laska","tag-rozvody-slavnych","tag-vztahy-slavnych","tag-zabava"],"share_on_mastodon":{"url":"https:\/\/pubeurope.com\/@cz\/116989943270014833","error":""},"_links":{"self":[{"href":"https:\/\/www.europesays.com\/cz\/wp-json\/wp\/v2\/posts\/159404","targetHints":{"allow":["GET"]}}],"collection":[{"href":"https:\/\/www.europesays.com\/cz\/wp-json\/wp\/v2\/posts"}],"about":[{"href":"https:\/\/www.europesays.com\/cz\/wp-json\/wp\/v2\/types\/post"}],"author":[{"embeddable":true,"href":"https:\/\/www.europesays.com\/cz\/wp-json\/wp\/v2\/users\/2"}],"replies":[{"embeddable":true,"href":"https:\/\/www.europesays.com\/cz\/wp-json\/wp\/v2\/comments?post=159404"}],"version-history":[{"count":0,"href":"https:\/\/www.europesays.com\/cz\/wp-json\/wp\/v2\/posts\/159404\/revisions"}],"wp:featuredmedia":[{"embeddable":true,"href":"https:\/\/www.europesays.com\/cz\/wp-json\/wp\/v2\/media\/159405"}],"wp:attachment":[{"href":"https:\/\/www.europesays.com\/cz\/wp-json\/wp\/v2\/media?parent=159404"}],"wp:term":[{"taxonomy":"category","embeddable":true,"href":"https:\/\/www.europesays.com\/cz\/wp-json\/wp\/v2\/categories?post=159404"},{"taxonomy":"post_tag","embeddable":true,"href":"https:\/\/www.europesays.com\/cz\/wp-json\/wp\/v2\/tags?post=159404"}],"curies":[{"name":"wp","href":"https:\/\/api.w.org\/{rel}","templated":true}]}}