{"id":159599,"date":"2026-07-27T08:44:12","date_gmt":"2026-07-27T08:44:12","guid":{"rendered":"https:\/\/www.europesays.com\/cz\/159599\/"},"modified":"2026-07-27T08:44:12","modified_gmt":"2026-07-27T08:44:12","slug":"olomouc-v-jablonci-narazila-vykon-nebyl-v-poradku-dokazeme-podat-jiny-lamentoval-hapal","status":"publish","type":"post","link":"https:\/\/www.europesays.com\/cz\/159599\/","title":{"rendered":"Olomouc v\u00a0Jablonci narazila. V\u00fdkon nebyl v\u00a0po\u0159\u00e1dku, dok\u00e1\u017eeme podat jin\u00fd, lamentoval Hapal"},"content":{"rendered":"<p class=\"b_bF\">Vynech\u00e1me-li z\u00e1pasy s\u00a0t\u00fdmy ze siln\u00e9 trojky, tak takhle mizern\u00fd start do sezony jako v\u00a0Jablonci Olomouc neza\u017eila od se\u0161upu do druh\u00e9 ligy p\u0159ed deseti lety. Na St\u0159elnici se sice u\u017e v\u00a0dev\u00e1t\u00e9 minut\u011b ujala po standardn\u00ed situaci veden\u00ed, jen\u017ee pot\u00e9 u\u017e prakticky branku dom\u00e1c\u00edch neohrozila. Ambici\u00f3zn\u00ed Sigma na severu padla 1:2.<\/p>\n<p class=\"b_bF\">\u201eJsme zklaman\u00ed, proto\u017ee v\u00fdkon nebyl v\u00a0po\u0159\u00e1dku, dok\u00e1\u017eeme podat jin\u00fd. Gratuluji Jablonci, kter\u00fd zaslou\u017een\u011b vyhr\u00e1l,\u201c p\u0159iznal zasmu\u0161ile olomouck\u00fd tren\u00e9r Pavel Hapal.<\/p>\n<p><img fetchpriority=\"high\" height=\"2128\"   width=\"3200\" src=\"https:\/\/www.europesays.com\/cz\/wp-content\/uploads\/2026\/07\/aad3.mpo.jpeg\" loading=\"eager\" decoding=\"sync\" class=\"b_B b_z\"\/>Foto: V\u00edt \u010cern\u00fd, \u010cTK<\/p>\n<p class=\"b_bF\">Olomouck\u00fd P\u00e9ter Bar\u00e1th p\u0159i utk\u00e1n\u00ed v\u00a0Jablonci. <\/p>\n<p class=\"b_bF\">Jeho slova podtrhuj\u00ed z\u00e1pasov\u00e9 statistiky. Na st\u0159ely na branku Severo\u010de\u0161i vyhr\u00e1li 7:2, na v\u0161echna zakon\u010den\u00ed dokonce 19:5.\u00a0Na rohov\u00e9 kopy 10:0\u00a0a\u00a0na velk\u00e9 \u0161ance 5:1. \u201eDob\u0159e jsme do z\u00e1pasu vstoupili a\u00a0vy\u00fastilo to v\u00a0n\u00e1\u0161 g\u00f3l, ale pak nev\u00edm, co se stalo,\u201c ho\u0159ekoval kapit\u00e1n Olomouce Jan Kr\u00e1l, jemu\u017e tak zho\u0159kl jubilejn\u00ed st\u00fd z\u00e1pas v\u00a0\u010desk\u00e9 nejvy\u0161\u0161\u00ed sout\u011b\u017ei.<\/p>\n<p>Jak Olomouc za\u010d\u00ednala ligu<\/p>\n<p class=\"b_bF\">2025\/2026\u00a0Slov\u00e1cko-Olomouc 0:1<\/p>\n<p class=\"b_bF\">2024\/2025\u00a0\u010c. Bud\u011bjovice-Olomouc 0:2<\/p>\n<p class=\"b_bF\">2023\/2024\u00a0Sparta-Olomouc 2:0<\/p>\n<p class=\"b_bF\">2022\/2023\u00a0Ostrava-Olomouc 0:3<\/p>\n<p class=\"b_bF\">2021\/2022\u00a0Sparta-Olomouc 3:2<\/p>\n<p class=\"b_bF\">2020\/2021\u00a0Olomouc-Liberec 1:0<\/p>\n<p class=\"b_bF\">Nep\u0159ekvap\u00ed, \u017ee faktor xG vyjad\u0159uj\u00edc\u00ed, kolik g\u00f3l\u016f si t\u00fdm zaslou\u017eil vst\u0159elit, se u\u00a0dom\u00e1c\u00edch vy\u0161plhal na 1,37\u00a0a\u00a0u host\u016f se zastavil na 0,36.<\/p>\n<p class=\"b_bF\">\u201eDo z\u00e1pasu jsme vstoupili dob\u0159e, proto\u017ee jsme dali rychl\u00fd g\u00f3l ze standardky a\u00a0dvacet t\u0159icet minut jsme byli i\u00a0kvalitn\u00ed na m\u00ed\u010di. Ale pak jsme vyklidili pole, nedostupovali jsme hr\u00e1\u010de, byli jsme od nich hrozn\u011b moc daleko a\u00a0Jablonec toho vyu\u017eil a\u00a0zatla\u010dil n\u00e1s,\u201c hodnotil Pavel Hapal, kter\u00fd je v\u00a0Olomouci z\u00e1rove\u0148 i\u00a0gener\u00e1ln\u00edm sportovn\u00edm mana\u017eerem.<\/p>\n<p class=\"b_bF\">\u201eNicm\u00e9n\u011b jsme polo\u010das p\u0159e\u017eili, Koudy (Koutn\u00fd) n\u00e1s podr\u017eel. Ve druh\u00e9m polo\u010dase jsme cht\u011bli vyu\u017e\u00edt toho, \u017ee jsme vedli. Samoz\u0159ejm\u011b jsme necht\u011bli zal\u00e9zt \u00fapln\u011b dozadu, ale bohu\u017eel Jablonec n\u00e1s do t\u011bch pozic dostal,\u201c doplnil Hapal. Olomouc p\u0159itom na Jablonec v\u00a0minul\u00fdch letech um\u011bla, v\u00a0minul\u00e9 sezon\u011b ho dvakr\u00e1t porazila, z\u00a0posledn\u00edch dev\u00edti z\u00e1pas\u016f s\u00a0n\u00edm p\u0159ed ned\u011bl\u00ed padla pouze jednou.<\/p>\n<p><img height=\"1080\"   width=\"1920\" src=\"https:\/\/www.europesays.com\/cz\/wp-content\/uploads\/2026\/07\/jablonec.png\" loading=\"eager\" decoding=\"sync\" class=\"b_B b_z\"\/>Foto: Sport.cz<\/p>\n<p class=\"b_bF\">Statistiky z\u00e1pasu Jablonec-Olomouc<\/p>\n<p class=\"b_bF\">\u201eJablonec n\u00e1s zatla\u010dil a\u00a0po prvn\u00ed p\u016fli jsme mohli jen d\u011bkovat Kou\u0165asovi, proto\u017ee n\u00e1s n\u011bkolikr\u00e1t podr\u017eel. O\u00a0p\u0159est\u00e1vce jsme si n\u011bco \u0159ekli, ale za\u010dali jsme zase tak, \u017ee n\u00e1s Jablonec zatla\u010dil. Pak u\u017e jsme si o\u00a0to koledovali. Dostali jsme jeden g\u00f3l, u\u017e se nechytli a\u00a0dostali i\u00a0druh\u00fd,\u201c popsal Kr\u00e1l obrat Jablonce. <\/p>\n<p class=\"b_bF\">K p\u0159\u00edpadn\u00e9mu vyrovn\u00e1n\u00ed tentokr\u00e1t m\u011bli Han\u00e1ci daleko. \u201eCel\u00fd polo\u010das nebyla \u017e\u00e1dn\u00e1 \u0161ance\u2026,\u201c \u0159ekl lakonicky Kr\u00e1l, podle n\u011bho\u017e rozhoduj\u00edc\u00ed byla hra po zisku m\u00ed\u010de. \u201eV\u011bd\u011bli jsme, \u017ee Jablonec m\u00e1 kvalitu na balonu a\u00a0cht\u011bli jsme se tomu vyrovnat, anebo b\u00fdt i\u00a0lep\u0161\u00ed, ale s\u00a0balonem n\u00e1m to te\u010f moc ne\u0161lo,\u201c poznamenal.<\/p>\n<p class=\"b_bF\">P\u0159itom v\u00a0p\u0159\u00edprav\u011b Sigma v\u00e1lela, kdy\u017e z\u00a0\u0161esti z\u00e1pas\u016f p\u011bt vyhr\u00e1la, jednou remizovala. Jen\u017ee se znovu potvrdilo, \u017ee skute\u010dnou formu odhal\u00ed a\u017e ostr\u00fd z\u00e1pas. Prvn\u00ed body se Sigma pokus\u00ed vydolovat v\u00a0ned\u011bli doma s\u00a0Mladou Boleslav\u00ed.<\/p>\n<p><a data-dot=\"atm-link\" target=\"_self\" href=\"https:\/\/www.sport.cz\/clanek\/fotbal-ceska-1-liga-obrat-proti-olomouci-cenny-vsichni-vidime-jak-nakupuje-hrace-tetelil-se-zaloznik-jablonce-5509058\" class=\"b_V g_ia\" rel=\"nofollow noopener\"><img height=\"2559\" width=\"3412\" src=\"https:\/\/www.europesays.com\/cz\/wp-content\/uploads\/2026\/07\/1785141852_524_975a.mpo.jpeg\" loading=\"eager\" decoding=\"sync\" class=\"b_B b_z\"\/><\/a><\/p>\n","protected":false},"excerpt":{"rendered":"Vynech\u00e1me-li z\u00e1pasy s\u00a0t\u00fdmy ze siln\u00e9 trojky, tak takhle mizern\u00fd start do sezony jako v\u00a0Jablonci Olomouc neza\u017eila od se\u0161upu&hellip;\n","protected":false},"author":2,"featured_media":159331,"comment_status":"","ping_status":"","sticky":false,"template":"","format":"standard","meta":{"footnotes":"","_share_on_mastodon":"0"},"categories":[10],"tags":[1177,5992,326,17,21,16,19331,872,18,19,22,20],"class_list":["post-159599","post","type-post","status-publish","format-standard","has-post-thumbnail","category-zpravy","tag-chance-liga-fotbal","tag-fk-jablonec","tag-fotbal","tag-headlines","tag-hlavni-udalosti","tag-news","tag-pavel-hapal","tag-sk-sigma-olomouc","tag-top-news","tag-top-stories","tag-udalosti-dne","tag-zpravy"],"share_on_mastodon":{"url":"https:\/\/pubeurope.com\/@cz\/116991064336516886","error":""},"_links":{"self":[{"href":"https:\/\/www.europesays.com\/cz\/wp-json\/wp\/v2\/posts\/159599","targetHints":{"allow":["GET"]}}],"collection":[{"href":"https:\/\/www.europesays.com\/cz\/wp-json\/wp\/v2\/posts"}],"about":[{"href":"https:\/\/www.europesays.com\/cz\/wp-json\/wp\/v2\/types\/post"}],"author":[{"embeddable":true,"href":"https:\/\/www.europesays.com\/cz\/wp-json\/wp\/v2\/users\/2"}],"replies":[{"embeddable":true,"href":"https:\/\/www.europesays.com\/cz\/wp-json\/wp\/v2\/comments?post=159599"}],"version-history":[{"count":0,"href":"https:\/\/www.europesays.com\/cz\/wp-json\/wp\/v2\/posts\/159599\/revisions"}],"wp:featuredmedia":[{"embeddable":true,"href":"https:\/\/www.europesays.com\/cz\/wp-json\/wp\/v2\/media\/159331"}],"wp:attachment":[{"href":"https:\/\/www.europesays.com\/cz\/wp-json\/wp\/v2\/media?parent=159599"}],"wp:term":[{"taxonomy":"category","embeddable":true,"href":"https:\/\/www.europesays.com\/cz\/wp-json\/wp\/v2\/categories?post=159599"},{"taxonomy":"post_tag","embeddable":true,"href":"https:\/\/www.europesays.com\/cz\/wp-json\/wp\/v2\/tags?post=159599"}],"curies":[{"name":"wp","href":"https:\/\/api.w.org\/{rel}","templated":true}]}}