{"id":160041,"date":"2026-07-27T15:45:13","date_gmt":"2026-07-27T15:45:13","guid":{"rendered":"https:\/\/www.europesays.com\/cz\/160041\/"},"modified":"2026-07-27T15:45:13","modified_gmt":"2026-07-27T15:45:13","slug":"o-hornicka-usiluji-giganti-nove-se-do-hry-vlozil-anglicky-velkoklub","status":"publish","type":"post","link":"https:\/\/www.europesays.com\/cz\/160041\/","title":{"rendered":"O Horn\u00ed\u010dka usiluj\u00ed giganti. Nov\u011b se do hry vlo\u017eil anglick\u00fd velkoklub"},"content":{"rendered":"<p class=\"b_bF\">Na adresu Est\u00e1dio Municipal de Braga, Parque Norte &#8211; Monte Castro, 4700-087\u00a0Braga, Portugal u\u017e do\u0161lo n\u011bkolik \u017e\u00e1dost\u00ed. Z\u00e1jem trv\u00e1 prakticky od konce lo\u0148sk\u00e9 sezony. V\u00a0posledn\u00ed dob\u011b se na n\u011bj nahlas vypt\u00e1vali nap\u0159\u00edklad v\u00a0Interu Mil\u00e1n, v\u00a0FC Porto i\u00a0Bayernu Mnichov. Sleduj\u00ed ho v\u00a0lisabonsk\u00fdch velkoklubech Benfice i\u00a0Sportingu.<\/p>\n<p class=\"b_bF\">On ale nikam nesp\u011bch\u00e1, nav\u00edc interes n\u00e1padn\u00edk\u016f mus\u00ed b\u00fdt stvrzen \u010d\u00e1stkou 30\u00a0milion\u016f eur (p\u0159ibli\u017en\u011b 728\u00a0milion\u016f korun). V\u00a0opa\u010dn\u00e9m p\u0159\u00edpad\u011b se z\u00a0Bragy nehne na krok. Po dlouh\u00e9 dob\u011b se stal \u010desk\u00fdm fotbalistou, kter\u00fd si dokonce m\u016f\u017ee vyb\u00edrat z\u00a0mnoha lukrativn\u00edch nab\u00eddek. Proto si tak\u00e9 mohl dovolit odm\u00edtnout nov\u00e1\u010dka anglick\u00e9 ligy Hull City, kter\u00fd byl schopen, i\u00a0s hr\u00e1\u010dskou n\u00e1hradou, podm\u00ednky portugalsk\u00e9ho klubu splnit. Jen\u017ee Horn\u00ed\u010dkovi se nezd\u00e1l b\u00fdt tento klub tolik atraktivn\u00ed, nav\u00edc je velice pravd\u011bpodobn\u00e9, \u017ee by hr\u00e1l o\u00a0z\u00e1chranu.<\/p>\n<p class=\"b_bF\">V Premier League bude hodn\u011b obl\u00edben\u00fd\u2026 Eminentn\u00ed z\u00e1jem projevili v\u00a0Newcastle United. Stanice Sky Sports uvedla, \u017ee \u201eStraky\u201c maj\u00ed Horn\u00ed\u010dka na radaru a\u00a0\u017ee je jedn\u00edm z\u00a0vytipovan\u00fdch posil pro nadch\u00e1zej\u00edc\u00ed sezonu. \u00dadajn\u011b u\u017e spolu ob\u011b strany jednaj\u00ed a\u00a0anglick\u00fd subjekt si d\u011bl\u00e1 \u0161ance, \u017ee to bude rychl\u00e9. <\/p>\n<p class=\"b_bF\">Zd\u00e1 se ale, \u017ee pardubick\u00fd odchovanec nikam nesp\u011bch\u00e1, a\u00a0tak se m\u016f\u017ee pln\u011b soust\u0159edit na odvetu kvalifikace Konferen\u010dn\u00ed ligy proti srbsk\u00e9mu Pan\u010devu. Mimochodem, v\u00a0\u00favodn\u00edm z\u00e1pase vychytal na jeho h\u0159i\u0161ti p\u0159i v\u00edt\u011bzstv\u00ed nulu.<\/p>\n<p><a data-dot=\"atm-link\" target=\"_self\" href=\"https:\/\/www.sport.cz\/clanek\/fotbal-evropske-ligy-cesky-brankar-odmitl-nabidku-z-premier-league-ted-se-znovu-zaskvel-na-evropske-scene-5506706\" class=\"b_V g_ia\" rel=\"nofollow noopener\"><img fetchpriority=\"high\" height=\"2666\" width=\"3556\" src=\"https:\/\/www.europesays.com\/cz\/wp-content\/uploads\/2026\/07\/1785167113_220_fotbal-lukas-hornicek.jpeg\" loading=\"eager\" decoding=\"sync\" class=\"b_B b_z\"\/><\/a><\/p>\n","protected":false},"excerpt":{"rendered":"Na adresu Est\u00e1dio Municipal de Braga, Parque Norte &#8211; Monte Castro, 4700-087\u00a0Braga, Portugal u\u017e do\u0161lo n\u011bkolik \u017e\u00e1dost\u00ed. Z\u00e1jem&hellip;\n","protected":false},"author":2,"featured_media":160042,"comment_status":"","ping_status":"","sticky":false,"template":"","format":"standard","meta":{"footnotes":"","_share_on_mastodon":"0"},"categories":[15],"tags":[326,18388,1191,18445,94,93],"class_list":["post-160041","post","type-post","status-publish","format-standard","has-post-thumbnail","category-sport","tag-fotbal","tag-lukas-hornicek","tag-newcastle-united-fc","tag-sc-braga","tag-sport","tag-sports"],"share_on_mastodon":{"url":"https:\/\/pubeurope.com\/@cz\/116992719682728236","error":""},"_links":{"self":[{"href":"https:\/\/www.europesays.com\/cz\/wp-json\/wp\/v2\/posts\/160041","targetHints":{"allow":["GET"]}}],"collection":[{"href":"https:\/\/www.europesays.com\/cz\/wp-json\/wp\/v2\/posts"}],"about":[{"href":"https:\/\/www.europesays.com\/cz\/wp-json\/wp\/v2\/types\/post"}],"author":[{"embeddable":true,"href":"https:\/\/www.europesays.com\/cz\/wp-json\/wp\/v2\/users\/2"}],"replies":[{"embeddable":true,"href":"https:\/\/www.europesays.com\/cz\/wp-json\/wp\/v2\/comments?post=160041"}],"version-history":[{"count":0,"href":"https:\/\/www.europesays.com\/cz\/wp-json\/wp\/v2\/posts\/160041\/revisions"}],"wp:featuredmedia":[{"embeddable":true,"href":"https:\/\/www.europesays.com\/cz\/wp-json\/wp\/v2\/media\/160042"}],"wp:attachment":[{"href":"https:\/\/www.europesays.com\/cz\/wp-json\/wp\/v2\/media?parent=160041"}],"wp:term":[{"taxonomy":"category","embeddable":true,"href":"https:\/\/www.europesays.com\/cz\/wp-json\/wp\/v2\/categories?post=160041"},{"taxonomy":"post_tag","embeddable":true,"href":"https:\/\/www.europesays.com\/cz\/wp-json\/wp\/v2\/tags?post=160041"}],"curies":[{"name":"wp","href":"https:\/\/api.w.org\/{rel}","templated":true}]}}