{"id":160197,"date":"2026-07-27T18:10:07","date_gmt":"2026-07-27T18:10:07","guid":{"rendered":"https:\/\/www.europesays.com\/cz\/160197\/"},"modified":"2026-07-27T18:10:07","modified_gmt":"2026-07-27T18:10:07","slug":"vystrizliveni-po-libankach-ma-opozice-proti-babisovi-sanci-experti-to-vidi-jasne-aktualne-cz","status":"publish","type":"post","link":"https:\/\/www.europesays.com\/cz\/160197\/","title":{"rendered":"Vyst\u0159\u00edzliv\u011bn\u00ed po l\u00edb\u00e1nk\u00e1ch: M\u00e1 opozice proti Babi\u0161ovi \u0161anci? Experti to vid\u00ed jasn\u011b \u2013 Aktu\u00e1ln\u011b.cz"},"content":{"rendered":"<p>Z\u00e1kladn\u00ed ot\u00e1zka zn\u00ed takto: jak je mo\u017en\u00e9, \u017ee se v\u00edc ne\u017e p\u016fl roku od n\u00e1stupu vl\u00e1dy Andreje Babi\u0161e opozici neda\u0159\u00ed oslovovat voli\u010de? <\/p>\n<p>V\u017edy\u0165 hnut\u00ed ANO m\u00e1 podle n\u011bkter\u00fdch sociologick\u00fdch \u0161et\u0159en\u00ed stejnou podporu jako t\u0159i nejsiln\u011bj\u0161\u00ed opozi\u010dn\u00ed strany (ODS, STAN a Pir\u00e1ti) v sou\u010dtu. Co\u017e by mo\u017en\u00e1 v danou chv\u00edli nemuselo vadit \u2013 ov\u0161em za p\u0159edpokladu, pokud by byl patrn\u00fd aspo\u0148 n\u00e1znak n\u011bjak\u00e9 strategie, kter\u00e1 to m\u016f\u017ee v budoucnu zm\u011bnit.<\/p>\n<p>V opa\u010dn\u00e9m p\u0159\u00edpad\u011b by toti\u017e platil tento p\u0159edb\u011b\u017en\u00fd z\u00e1v\u011br: Andrej Babi\u0161 a jeho hnut\u00ed ANO to m\u00e1 rozehr\u00e1no tak, \u017ee bez n\u011bj nep\u016fjde sestavit vl\u00e1du ani po p\u0159\u00ed\u0161t\u00edch volb\u00e1ch. Zda se tato progn\u00f3za napln\u00ed, nelze v\u011brohodn\u011b \u0159\u00edct. Jist\u00e9 naopak je, \u017ee opozice necel\u00fd rok od sn\u011bmovn\u00edch voleb st\u00e1le p\u016fsob\u00ed, jako by si teprve osah\u00e1vala ter\u00e9n a hledala zp\u016fsob, jak se v n\u011bm prosadit.<\/p>\n<p>Jej\u00ed slabost m\u00e1 t\u0159i hlavn\u00ed p\u0159\u00ed\u010diny: p\u0159edn\u011b plat\u00ed, \u017ee nem\u00e1 jasn\u00e9ho a siln\u00e9ho l\u00eddra. O pozici nejsiln\u011bj\u0161\u00ed, by\u0165 oproti hnut\u00ed ANO st\u00e1le v\u00fdrazn\u011b slab\u0161\u00ed politick\u00e9 s\u00edly, u\u017e n\u011bkolik m\u011bs\u00edc\u016f soupe\u0159\u00ed ODS a STAN. Druh\u00fdm d\u016fvodem slabosti opozi\u010dn\u00edch stran je jejich neschopnost vn\u00e1\u0161et do politick\u00e9ho boje t\u00e9mata, kter\u00e1 \u0159e\u0161\u00ed relevantn\u00ed po\u010det voli\u010d\u016f. T\u0159et\u00ed p\u0159\u00ed\u010dinou je dost mo\u017en\u00e1 tak\u00e9 rozt\u0159\u00ed\u0161t\u011bnost opozice. <\/p>\n<p>\u201eKritika slabosti, \u010di dokonce neviditelnosti opozice podle mne vych\u00e1z\u00ed ze dvou z\u00e1kladn\u00edch v\u00fdchodisek. Jedn\u00edm je skute\u010dnost, \u017ee v pr\u016fzkumech ve\u0159ejn\u00e9ho m\u00edn\u011bn\u00ed nerostou jej\u00ed preference, respektive \u017ee preference vl\u00e1dn\u00edch stran v\u00fdrazn\u011bji neoslabuj\u00ed,\u201c \u0159\u00edk\u00e1 politolog Ladislav Cabada. <\/p>\n<p>\u201eT\u00edm druh\u00fdm,\u201c pokra\u010duje, \u201epak sp\u00ed\u0161e psychologick\u00fd \u010di dojmov\u00fd prvek, \u017ee je opozice m\u00e1lo viditeln\u00e1, v\u00fdrazn\u00e1, hlasit\u00e1. V obou p\u0159\u00edpadech si nicm\u00e9n\u011b mysl\u00edm, \u017ee se jedn\u00e1 o zkreslen\u00ed.\u201c<\/p>\n<p>Je\u0161t\u011b je \u010das<\/p>\n<p>Cabada p\u0159ipom\u00edn\u00e1, \u017ee od posledn\u00edch sn\u011bmovn\u00edch voleb ub\u011bhlo teprve dev\u011bt m\u011bs\u00edc\u016f a od vzniku t\u0159et\u00ed vl\u00e1dy Andreje Babi\u0161e teprve sedm m\u011bs\u00edc\u016f. <\/p>\n<p>Podle n\u011bj jsem tedy st\u00e1le v prvn\u00ed f\u00e1zi \u010dty\u0159let\u00e9ho volebn\u00edho cyklu, kterou v politologii zpravidla ozna\u010dujeme jako l\u00edb\u00e1nky. \u201eVoli\u010di vl\u00e1dn\u00edch stran st\u00e1le jako kl\u00ed\u010dovou emoci pro\u017e\u00edvaj\u00ed por\u00e1\u017eku vl\u00e1dy Petra Fialy, kterou i na z\u00e1klad\u011b velmi nesmi\u0159iteln\u00e9 r\u00e9toriky hnut\u00ed ANO a SPD vn\u00edmali jako \u0161patnou,\u201c \u0159\u00edk\u00e1.<\/p>\n<p>V takov\u00e9m rozpolo\u017een\u00ed jsou podle jeho slov voli\u010di ochotni p\u0159ehl\u00ed\u017eet \u0159adu p\u0159ehmat\u016f a velmi problematick\u00fdch tah\u016f nov\u00e9 vl\u00e1dy, proto\u017ee alternativa pro n\u011b neexistuje. \u201eZpravidla teprve a\u017e kolem 18. a\u017e 24. m\u011bs\u00edce vl\u00e1dnut\u00ed, tedy v polovin\u011b volebn\u00edho cyklu, se f\u00e1ze l\u00edb\u00e1nek m\u011bn\u00ed ve f\u00e1zi druhou, kterou naz\u00fdv\u00e1me vyst\u0159\u00edzliv\u011bn\u00ed. Proto si mysl\u00edm, \u017ee na mo\u017enou v\u00fdrazn\u011bj\u0161\u00ed zm\u011bnu v\u00fdvoje preferenc\u00ed v reakci na vl\u00e1dn\u00ed performanci mus\u00edme je\u0161t\u011b p\u0159ibli\u017en\u011b rok po\u010dkat.\u201c<\/p>\n<p>Politolog Ale\u0161 Michal m\u00e1 nicm\u00e9n\u011b za to, \u017ee se za\u010d\u00edn\u00e1 hroutit p\u0159edstava n\u011bkter\u00fdch opozi\u010dn\u00edch stran \u2013 zejm\u00e9na t\u011bch d\u0159\u00edve sdru\u017een\u00fdch v koalici Spolu \u2013 o tom, \u017ee n\u011b\u010demu z\u00e1sadn\u011b prosp\u011bje budov\u00e1n\u00ed jejich \u00fadajn\u011b samostatn\u00fdch identit. <\/p>\n<p>Cel\u00fd probl\u00e9m m\u00e1 podle jeho n\u00e1zoru minim\u00e1ln\u011b dv\u011b roviny. Za prvn\u00ed ozna\u010duje absenci v \u00favodu uveden\u00e9ho siln\u00e9ho t\u00e9matu. \u201eV t\u011bch ekonomick\u00fdch se vl\u00e1d\u011b s exekutivn\u00ed pravomoc\u00ed d\u00e1 konkurovat jen velmi t\u011b\u017eko,\u201c uva\u017euje Michal.<\/p>\n<p>A dod\u00e1v\u00e1: \u201eOpozi\u010dn\u00ed strany mus\u00ed b\u00fdt konstruktivn\u00ed, t\u0159eba lidovci chystaj\u00ed hospod\u00e1\u0159skou strategii, to je krok spr\u00e1vn\u00fdm sm\u011brem. Nemus\u00ed j\u00edt nutn\u011b o redistribuci, ale jde o to, aby si bylo marketingov\u011b mo\u017en\u00e9 stranu jednozna\u010dn\u011b spojit se snahou zav\u00e9st n\u011bjak\u00e9 ekonomick\u00e9 opat\u0159en\u00ed. Ta snaha mus\u00ed b\u00fdt c\u00edlen\u00e1, dlouhodob\u00e1, d\u016fv\u011bryhodn\u00e1.\u201c<\/p>\n<p>Michal se ale v t\u00e9to souvislosti ob\u00e1v\u00e1, \u017ee m\u00e1 v\u0161ech p\u011bt opozi\u010dn\u00edch subjekt\u016f probl\u00e9m integrovat do stranick\u00e9ho \u017eivota kvalitn\u00ed odborn\u00edky na ekonomiku. \u201eTo si mysl\u00edm, \u017ee je z\u00e1kladn\u00ed probl\u00e9m. Druh\u00fdm rozm\u011brem jsou pak samoz\u0159ejm\u011b volby. V\u0161ichni intuitivn\u011b tu\u0161\u00edme, \u017ee pokud bude my\u0161lena v\u00e1\u017en\u011b snaha porazit blok Andreje Babi\u0161e, bez kooperace a spojov\u00e1n\u00ed do alianc\u00ed to nep\u016fjde.\u201c<\/p>\n<p>Dva bloky<\/p>\n<p>Podle Michala tak existuj\u00ed dv\u011b mo\u017enosti. \u201eBu\u010f j\u00edt k \u010destn\u00e9 por\u00e1\u017ece, nebo znovu vytvo\u0159it dva bloky, jeden liber\u00e1ln\u00ed, druh\u00fd konzervativn\u00ed. Stran v opozici je rovn\u011b\u017e moc, co\u017e tak\u00e9 podvazuje jakoukoliv mo\u017enost se\u0161ikovat se za siln\u00fdm l\u00eddrem, osobnost\u00ed, kterou by uzn\u00e1vali i politici z ostatn\u00edch opozi\u010dn\u00edch stran. Nikdo takov\u00fd tady nen\u00ed, vn\u00edm\u00e1n\u00ed prezidenta jako l\u00eddra opozice tomu samoz\u0159ejm\u011b nepom\u00e1h\u00e1,\u201c dod\u00e1v\u00e1.<\/p>\n<p>A pokud na Petra Pavla v tomto sm\u011bru vl\u00e1da \u00fato\u010d\u00ed, podle Michala v\u00ed moc dob\u0159e, co a pro\u010d to d\u011bl\u00e1. \u201eV\u0161echny opozi\u010dn\u00ed strany by m\u011bly d\u00e1t \u0161anci nov\u00fdm politik\u016fm, naslouchat jim. Je \u0161koda, \u017ee ODS tuto cestu na lednov\u00e9m kongresu prakticky odm\u00edtla, jej\u00ed vnit\u0159n\u00ed mechanismy jsou po\u0159\u00e1d nastaveny dle star\u00e9ho \u0159\u00e1du, inovaci odm\u00edtaj\u00ed, otev\u0159en\u00e1 diskuse se p\u0159ipou\u0161t\u00ed jen v ur\u010dit\u00fdch mez\u00edch,\u201c m\u00edn\u00ed politolog.<\/p>\n<p>Podle n\u011bj to ale u\u017e fungovat nebude, nebo\u0165 neexistuje mo\u017enost, \u017ee by tak strnul\u00e1 strana samostatn\u011b dok\u00e1zala \u010delit populistick\u00e9 ma\u0161inerii. Michal nakonec opozi\u010dn\u00edm stran\u00e1m doporu\u010duje, aby se zab\u00fdvaly re\u00e1ln\u00fdmi ka\u017edodenn\u00edmi probl\u00e9my, ostatn\u011b podzimn\u00ed komun\u00e1ln\u00ed volby jsou pro to dobr\u00e1 p\u0159\u00edle\u017eitost. \u201eZat\u00edm to ale ned\u011blaj\u00ed a maj\u00ed pocit, \u017ee posta\u010d\u00ed v\u0161echny s\u00edly napnout do jeden a\u017e dva m\u011bs\u00edce trvaj\u00edc\u00ed p\u0159edvolebn\u00ed kampan\u011b,\u201c upozor\u0148uje Michal.<\/p>\n<p>Tak\u00e9 Cabada p\u0159ipom\u00edn\u00e1, \u017ee se bl\u00ed\u017e\u00ed tzv. volby druh\u00e9ho \u0159\u00e1du \u2013 obecn\u00ed a sen\u00e1tn\u00ed. A nepochybuje, \u017ee se na n\u011b opozice nyn\u00ed intenzivn\u011b soust\u0159e\u010fuje a p\u0159ipravuje. \u201eNicm\u00e9n\u011b zejm\u00e9na v r\u00e1mci obecn\u00edch voleb \u2013 snad s v\u00fdjimkou nejv\u011bt\u0161\u00edch m\u011bst \u2013 v nich nechce prioritizovat celost\u00e1tn\u00ed t\u00e9mata, p\u0159i\u010dem\u017e r\u00e1mov\u00e1n\u00edm t\u011bchto t\u00e9mat by byla pr\u00e1v\u011b performance Babi\u0161ovy vl\u00e1dy,\u201c uva\u017euje politolog.<\/p>\n<p>Podle n\u011bj mus\u00edme tak\u00e9 akceptovat, \u017ee opozice je ve sn\u011bmovn\u011b v men\u0161in\u011b, a \u017ee tud\u00ed\u017e logicky prohr\u00e1v\u00e1 v hlasov\u00e1n\u00edch. \u201eV\u011bt\u0161\u00ed viditelnost a dopad by j\u00ed tak zajistily sp\u00ed\u0161e mimo\u0159\u00e1dn\u00e9 kroky \u2013 obstrukce \u010di p\u0159\u00edmo zablokov\u00e1n\u00ed doln\u00ed komory, p\u0159\u00edpadn\u011b pod\u00edl na organizaci masov\u00fdch protest\u016f. V\u00edme nicm\u00e9n\u011b, \u017ee nadm\u011brn\u00e1 intenzita takov\u00fdch krok\u016f by se obr\u00e1tila proti n\u00ed,\u201c m\u00edn\u00ed Cabada.<\/p>\n<p>\u201eFaktem ale je,\u201c pokra\u010duje expert v rozhovoru pro <a href=\"http:\/\/Aktu\u00e1ln\u011b.cz\" rel=\"nofollow noopener\" target=\"_blank\">Aktu\u00e1ln\u011b.cz<\/a>, \u201e\u017ee opozice je rozt\u0159\u00ed\u0161t\u011bn\u00e1 \u2013 ve sn\u011bmovn\u011b ji reprezentuje hned p\u011bt stran, n\u011bkolik dal\u0161\u00edch stran stoj\u00ed na hran\u011b politick\u00e9 relevance, v\u010detn\u011b nov\u00e9ho hnut\u00ed Na\u0161e \u010cesko. Takov\u00e1 rozt\u0159\u00ed\u0161t\u011bnost je umocn\u011bna programov\u00fdmi odli\u0161nostmi \u2013 ji\u017e v r\u00e1mci Fialovy vl\u00e1dy bylo nutn\u00e9 nach\u00e1zet baz\u00e1ln\u00ed shodu mezi n\u011bkdy velmi levicov\u00fdmi postoji Pir\u00e1t\u016f a naopak n\u011bkter\u00fdmi paleokonzervativci v ODS, KDU \u010di TOP 09.\u201c<\/p>\n<p>Nakonec se to stane<\/p>\n<p>Cabada v t\u00e9to souvislosti zmi\u0148uje jeden dost z\u00e1sadn\u00ed post\u0159eh. Podle n\u011bj je toti\u017e v takov\u00e9 konstelaci logick\u00e9, \u017ee hled\u00e1-li takto rozt\u0159\u00ed\u0161t\u011bn\u00e1 opozice z\u00e1kladn\u00ed shodu, pak ji nach\u00e1z\u00ed v ot\u00e1zk\u00e1ch hodnotov\u00fdch \u2013 v ochran\u011b demokracie, d\u011blby moci a pr\u00e1vn\u00edho st\u00e1tu, v na\u0161em zakotven\u00ed v z\u00e1padn\u00edch struktur\u00e1ch, v ochran\u011b m\u00e9di\u00ed a podobn\u011b. \u201eNemysl\u00edm si, \u017ee j\u00ed to m\u00e1me vy\u010d\u00edtat,\u201c zd\u016fraz\u0148uje.<\/p>\n<p>P\u0159itom i on rozum\u00ed tomu, \u017ee pro mnoho ob\u010dan\u016f jsou tyto ot\u00e1zky m\u00e9n\u011b d\u016fle\u017eit\u00e9 ne\u017e socioekonomick\u00e1 t\u00e9mata. Nicm\u00e9n\u011b rol\u00ed ka\u017ed\u00e9ho politika podle jeho m\u00edn\u011bn\u00ed je vysv\u011btlovat, \u017ee bez demokracie m\u016f\u017ee b\u00fdt ka\u017ed\u00fd z n\u00e1s vystaven zlov\u016fli a nerovn\u00e9mu zach\u00e1zen\u00ed. \u201eCo\u017e jsme ostatn\u011b od konce 30. let 20. stolet\u00ed a\u017e do roku 1989 pro\u017eili. Tedy \u017ee svoboda a rovnost v r\u00e1mci pr\u00e1vn\u00edho st\u00e1tu je z\u00e1sadn\u00ed hodnotou, kter\u00e1 je n\u011bkter\u00fdmi kroky \u010di z\u00e1m\u011bry vl\u00e1dy \u010di n\u011bkter\u00fdch vl\u00e1dn\u00edch stran ohro\u017eov\u00e1na.\u201c<\/p>\n<p>Sou\u010dasn\u011b podle n\u011bj nen\u00ed pochyb, \u017ee by opozici pomohlo, pokud by se j\u00ed poda\u0159ilo vygenerovat siln\u00e9ho, charismatick\u00e9ho a m\u00edrn\u011b populistick\u00e9ho l\u00eddra, kolem n\u011bho\u017e by se pak budovala spolupr\u00e1ce v konfliktu s vl\u00e1dou. \u201eA hlavn\u011b by se kolem n\u011bj vytv\u00e1\u0159ela strategie a p\u0159\u00edprava na p\u0159\u00edpadn\u00fd spole\u010dn\u00fd postup pro p\u0159\u00ed\u0161t\u00ed sn\u011bmovn\u00ed volby. Osobn\u011b si mysl\u00edm, \u017ee k takov\u00e9 integraci v druh\u00e9 polovin\u011b volebn\u00edho obdob\u00ed dojde,\u201c m\u00edn\u00ed Cabada.<\/p>\n<p>Politolog a expert na politick\u00fd marketing Otto Eibl pak nazna\u010duje, \u017ee pokud je v danou chv\u00edli z\u00e1stupci vl\u00e1dy za l\u00eddra opozice ozna\u010dov\u00e1n prezident, tak \u017ee to m\u016f\u017ee b\u00fdt i t\u00edm, \u017ee mezi l\u00eddry re\u00e1ln\u00e9 opozice skute\u010dn\u011b nen\u00ed nikdo, kdo by si tuto roli aktivn\u011b p\u0159ivlastnil a kreativn\u011b s n\u00ed pracoval. Slo\u017eit\u00e9 to m\u00e1 podle n\u011bj opozice tak\u00e9 s nastolov\u00e1n\u00edm agendy.<\/p>\n<p>\u201eAni jedna ze stran nemluv\u00ed o konkr\u00e9tn\u00edch viz\u00edch, schv\u00e1ln\u011b nemluv\u00edm o konkr\u00e9tn\u00edch opat\u0159en\u00edch \u2013 ta jsou zbyte\u010dn\u00e1. V podstat\u011b tu m\u00e1me jen hodnotov\u00e9 maj\u00e1ky. A to je v\u0161e. \u010c\u00e1st voli\u010d\u016f to bere jako samoz\u0159ejmost, \u010d\u00e1st to v\u016fbec nezaj\u00edm\u00e1. A ve\u0159ejn\u011b se pohor\u0161ovat nad \u010dleny vl\u00e1dy? To je takov\u00e9 spln\u011bn\u00ed povinnosti. Co se ale bude d\u00edt d\u00e1l?\u201c t\u00e1\u017ee se Eibl sm\u011brem k opozici.<\/p>\n<p>Voli\u010di podle n\u011bj nemaj\u00ed d\u016fvod politice v\u011bnovat n\u011bjakou mimo\u0159\u00e1dnou pozornost. \u201eJe st\u00e1le stejn\u00e1. Je tu konflikt mezi vl\u00e1dou a ostatn\u00edmi, p\u0159edstavitel\u00e9 vl\u00e1dy a jejich n\u00e1pady \u010di chov\u00e1n\u00ed jsou m\u00edrn\u011b \u0159e\u010deno na vyta\u017een\u00e9 obo\u010d\u00ed, co\u017e se u n\u00e1s ji\u017e stalo standardem. Tak\u017ee spole\u010dnost je zvl\u00e1\u0161tn\u011b mobilizovan\u00e1, ale v\u00fdsledek je sp\u00ed\u0161 pasivita ne\u017e p\u0159esuny mezi stranami v jednotliv\u00fdch t\u00e1borech,\u201c uzav\u00edr\u00e1 Eibl.<\/p>\n","protected":false},"excerpt":{"rendered":"Z\u00e1kladn\u00ed ot\u00e1zka zn\u00ed takto: jak je mo\u017en\u00e9, \u017ee se v\u00edc ne\u017e p\u016fl roku od n\u00e1stupu vl\u00e1dy Andreje Babi\u0161e&hellip;\n","protected":false},"author":2,"featured_media":160198,"comment_status":"","ping_status":"","sticky":false,"template":"","format":"standard","meta":{"footnotes":"","_share_on_mastodon":"0"},"categories":[7],"tags":[1980,43,42,41,40,963,173,1193,1066,562],"class_list":["post-160197","post","type-post","status-publish","format-standard","has-post-thumbnail","category-cesko","tag-ceska-piratska-strana-pirati","tag-ceska-republika","tag-cesko","tag-czech-republic","tag-czechia","tag-kdu-csl","tag-ods","tag-opozice","tag-top-09","tag-vlada-andreje-babise"],"share_on_mastodon":{"url":"https:\/\/pubeurope.com\/@cz\/116993289492897325","error":""},"_links":{"self":[{"href":"https:\/\/www.europesays.com\/cz\/wp-json\/wp\/v2\/posts\/160197","targetHints":{"allow":["GET"]}}],"collection":[{"href":"https:\/\/www.europesays.com\/cz\/wp-json\/wp\/v2\/posts"}],"about":[{"href":"https:\/\/www.europesays.com\/cz\/wp-json\/wp\/v2\/types\/post"}],"author":[{"embeddable":true,"href":"https:\/\/www.europesays.com\/cz\/wp-json\/wp\/v2\/users\/2"}],"replies":[{"embeddable":true,"href":"https:\/\/www.europesays.com\/cz\/wp-json\/wp\/v2\/comments?post=160197"}],"version-history":[{"count":0,"href":"https:\/\/www.europesays.com\/cz\/wp-json\/wp\/v2\/posts\/160197\/revisions"}],"wp:featuredmedia":[{"embeddable":true,"href":"https:\/\/www.europesays.com\/cz\/wp-json\/wp\/v2\/media\/160198"}],"wp:attachment":[{"href":"https:\/\/www.europesays.com\/cz\/wp-json\/wp\/v2\/media?parent=160197"}],"wp:term":[{"taxonomy":"category","embeddable":true,"href":"https:\/\/www.europesays.com\/cz\/wp-json\/wp\/v2\/categories?post=160197"},{"taxonomy":"post_tag","embeddable":true,"href":"https:\/\/www.europesays.com\/cz\/wp-json\/wp\/v2\/tags?post=160197"}],"curies":[{"name":"wp","href":"https:\/\/api.w.org\/{rel}","templated":true}]}}