{"id":160616,"date":"2026-07-28T08:06:16","date_gmt":"2026-07-28T08:06:16","guid":{"rendered":"https:\/\/www.europesays.com\/cz\/160616\/"},"modified":"2026-07-28T08:06:16","modified_gmt":"2026-07-28T08:06:16","slug":"spolecny-utok-opozice-na-senat-ztroskotal-proti-sobe-jdou-hlavne-starostove-a-ods","status":"publish","type":"post","link":"https:\/\/www.europesays.com\/cz\/160616\/","title":{"rendered":"Spole\u010dn\u00fd \u00fatok opozice na Sen\u00e1t ztroskotal. Proti sob\u011b jdou hlavn\u011b Starostov\u00e9 a\u00a0ODS"},"content":{"rendered":"<p class=\"c_bB\">\u201eSna\u017e\u00edme se naj\u00edt spole\u010dn\u00e9ho kandid\u00e1ta ve v\u0161ech 27\u00a0sen\u00e1tn\u00edch obvodech. Jsme otev\u0159en\u00ed domluv\u011b, abychom udr\u017eeli v\u011bt\u0161inu,\u201c popsal v\u00a0zim\u011b <a data-dot=\"atm-link\" target=\"_blank\" href=\"https:\/\/www.novinky.cz\/clanek\/domaci-boj-o-vetsinu-v-senatu-stan-se-spoji-se-spolu-ano-chce-koalici-s-spd-a-motoristy-40560584\" class=\"c_N\" rel=\"nofollow noopener\">Novink\u00e1m<\/a> pl\u00e1novan\u00fd postup m\u00edstop\u0159edseda STAN Luk\u00e1\u0161 Vl\u010dek.<\/p>\n<p class=\"c_bB\">Dva m\u011bs\u00edce p\u0159ed volbami ale situace vypad\u00e1 jinak. Strany opozice se dok\u00e1zaly domluvit jen v\u00a0polovin\u011b z\u00a027\u00a0obvod\u016f. V\u00a0t\u011bch zb\u00fdvaj\u00edc\u00edch budou o\u00a0hlasy soupe\u0159it s\u00a0vl\u00e1dn\u00edmi kandid\u00e1ty i\u00a0mezi sebou.<\/p>\n<p class=\"c_bB\">V\u016fbec nej\u010dast\u011bj\u0161\u00ed budou st\u0159ety ob\u010dansk\u00fdch demokrat\u016f se Starosty. Ti proti sob\u011b jdou v\u00a0\u0161esti sen\u00e1tn\u00edch obvodech.<\/p>\n<p><a data-dot=\"atm-link\" target=\"_self\" href=\"https:\/\/www.novinky.cz\/clanek\/volby-komunalni-exkluzivni-pruzkum-kandidati-ano-a-spd-na-primatora-v-praze-propadli-40583874\" class=\"c_N\" rel=\"nofollow noopener\"><img fetchpriority=\"high\" height=\"720\" width=\"1280\" src=\"https:\/\/www.europesays.com\/cz\/wp-content\/uploads\/2026\/07\/lidri-strany-graf-volby.jpeg\" loading=\"eager\" decoding=\"sync\" class=\"c_t c_r\"\/><\/a>Raku\u0161an: Souboje m\u011b mrz\u00ed<\/p>\n<p class=\"c_bB\">\u201eV naprost\u00e9 v\u011bt\u0161in\u011b obvod\u016f jsme se dok\u00e1zali domluvit, v\u00fdjimky m\u011b samoz\u0159ejm\u011b mrz\u00ed,\u201c napsal Novink\u00e1m p\u0159edseda STAN V\u00edt Raku\u0161an.<\/p>\n<p class=\"c_bB\">P\u0159edseda ODS Martin Kupka pova\u017euje dohody za maximum mo\u017en\u00e9ho. \u201eV kl\u00ed\u010dov\u00fdch obvodech, kde hrozilo, \u017ee by kandid\u00e1t opozice nemusel postoupit do druh\u00e9ho kola, jsme se dok\u00e1zali dohodnout. Proti sob\u011b kandidujeme tam, kde v\u011b\u0159\u00edme, \u017ee z\u00e1v\u011bre\u010dn\u00fd souboj prob\u011bhne mezi kandid\u00e1ty opozice,\u201c uvedl pro Novinky.<\/p>\n<p class=\"c_bB\">ODS stav\u00ed \u010dtrn\u00e1ct kandid\u00e1t\u016f, Starostov\u00e9 t\u0159in\u00e1ct. Men\u0161\u00ed opozi\u010dn\u00ed strany jsou zdr\u017eenliv\u011bj\u0161\u00ed. Pir\u00e1ti maj\u00ed t\u0159i kandid\u00e1ty, stejn\u011b jako TOP 09.\u00a0Za lidovce se o\u00a0sen\u00e1torsk\u00e9 k\u0159eslo uch\u00e1zej\u00ed \u010dty\u0159i lid\u00e9.<\/p>\n<p class=\"c_bB\">\u201eV patn\u00e1cti obvodech podporujeme kandid\u00e1ta demokratick\u00fdch stran. Pr\u00e1v\u011b proto, aby se zv\u00fd\u0161ila \u0161ance na to, \u017ee v\u00a0Sen\u00e1tu usednou schopn\u00ed a\u00a0rozumn\u00ed lid\u00e9,\u201c popsal Novink\u00e1m \u0161\u00e9f Pir\u00e1t\u016f Zden\u011bk H\u0159ib. <\/p>\n<p class=\"c_bB\">Podle Raku\u0161ana jeho hnut\u00ed po\u010d\u00edt\u00e1 s\u00a0podporou ostatn\u00edch partaj\u00ed v\u00a0druh\u00e9m kole. \u201eBez zav\u00e1h\u00e1n\u00ed podpo\u0159\u00edme postupuj\u00edc\u00edho opozi\u010dn\u00edho kandid\u00e1ta nebo kandid\u00e1tku,\u201c uvedl.<\/p>\n<p><a data-dot=\"atm-link\" target=\"_self\" href=\"https:\/\/www.novinky.cz\/clanek\/volby-komunalni-senator-laska-tapetuje-prahu-kampani-za-miliony-limit-ma-vyssi-diky-dvoji-kandidature-40589086\" class=\"c_N\" rel=\"nofollow noopener\"><img height=\"496\" width=\"882\" src=\"https:\/\/www.europesays.com\/cz\/wp-content\/uploads\/2026\/07\/1785225975_383_vaclav-laska.jpeg\" loading=\"eager\" decoding=\"sync\" class=\"c_t c_r\"\/><\/a>Praha jako opozi\u010dn\u00ed kolbi\u0161t\u011b<\/p>\n<p class=\"c_bB\">Opozici p\u016fjde v\u00a0\u0159\u00edjnu o\u00a0hodn\u011b. Sen\u00e1to\u0159i z\u00a0jej\u00edch klub\u016f obhajuj\u00ed, a\u00a0tedy i\u00a0mohou ztratit, mand\u00e1t ve 26\u00a0obvodech. Ze t\u0159\u00ed vl\u00e1dn\u00edch stran obhajuje jedin\u00e9 sen\u00e1torsk\u00e9 k\u0159eslo hnut\u00ed ANO,\u00a0koalice tak m\u016f\u017ee jen z\u00edskat.<\/p>\n<p class=\"c_bB\">Nejost\u0159ej\u0161\u00ed souboje se o\u010dek\u00e1vaj\u00ed v\u00a0Praze, kde ale opozi\u010dn\u00ed strany dlouhodob\u011b dominuj\u00ed. Nemus\u00ed proto m\u00edt v\u011bt\u0161\u00ed obavy, \u017ee by vz\u00e1jemn\u00e1 konkurence vedla k\u00a0v\u00edt\u011bzstv\u00ed vl\u00e1dn\u00edho kandid\u00e1ta.<\/p>\n<p class=\"c_bB\">V Praze 5\u00a0se st\u0159etne \u0159editel st\u0159edn\u00ed \u0161koly Radko S\u00e1bl\u00edk (ODS) s\u00a0b\u00fdval\u00fdm radn\u00edm \u010cT Zde\u0148kem \u0160arapatkou (za TOP 09). Nav\u00edc proti nim jde tak\u00e9 sou\u010dasn\u00fd sen\u00e1tor V\u00e1clav L\u00e1ska (SEN 21), kter\u00fd doposud sed\u011bl v\u00a0klubu s\u00a0Pir\u00e1ty.<\/p>\n<p class=\"c_bB\">V dev\u00e1t\u00e9 m\u011bstsk\u00e9 \u010d\u00e1sti\u00a0se o\u00a0k\u0159eslo poperou sen\u00e1tor David Smoljak (STAN) a\u00a0opern\u00ed p\u011bvkyn\u011b Dagmar Peckov\u00e1 (za ODS). V\u00a0Praze 1\u00a0pak STAN postavil spisovatele Ji\u0159\u00edho Padev\u011bta a\u00a0Praha sob\u011b s\u00a0podporou lidovc\u016f starostu Prahy 7\u00a0Jana \u010ci\u017einsk\u00e9ho.<\/p>\n<p>P\u016fta celost\u00e1tn\u00ed strategii ne\u0159e\u0161\u00ed<\/p>\n<p class=\"c_bB\">V\u011bt\u0161\u00ed obavy by opozi\u010dn\u00edci m\u011bli m\u00edt mimo metropoli, kde vz\u00e1jemn\u00e9 soupe\u0159en\u00ed v\u00a0minulosti n\u011bkolikr\u00e1t vedlo k\u00a0tomu, \u017ee do druh\u00e9ho kola nepostoupil \u017e\u00e1dn\u00fd jejich kandid\u00e1t. Kolize hroz\u00ed t\u0159eba na \u010ceskolipsku, kde kandiduje sou\u010dasn\u00fd sen\u00e1tor Ji\u0159\u00ed Voseck\u00fd. Ten je sice v\u00a0Sen\u00e1tu \u010dlenem klubu Starost\u016f, ale kandiduje jako nez\u00e1visl\u00fd. STAN proti n\u011bmu nasadil libereck\u00e9ho hejtmana Martina P\u016ftu a\u00a0ob\u010dan\u0161t\u00ed demokrat\u00e9 starostu Krava\u0159 V\u00edta Vom\u00e1\u010dku.<\/p>\n<p class=\"c_bB\">\u201eJe p\u0159irozen\u00e9, kdy\u017e kandiduje ka\u017ed\u00fd, kdo chce. \u017d\u00e1dn\u00e9 \u00fasil\u00ed n\u011bkoho oslovovat jsem nevyv\u00edjel,\u201c \u0159ekl Novink\u00e1m P\u016fta. \u201eMn\u011b je celost\u00e1tn\u00ed opozi\u010dn\u00ed strategie zn\u00e1m\u00e1, ale nec\u00edt\u00edm se j\u00ed b\u00fdt v\u00e1z\u00e1n,\u201c dodal k\u00a0tomu, \u017ee jde proti p\u016fvodn\u00edmu z\u00e1m\u011bru opozice se sjednotit. P\u0159ipustil tak\u00e9, \u017ee nakonec kv\u016fli souboji m\u016f\u017ee zv\u00edt\u011bzit kandid\u00e1tka ANO, poslankyn\u011b Jitka Volfov\u00e1.<\/p>\n<p class=\"c_bB\">Vom\u00e1\u010dka pr\u00fd s\u00a0ostatn\u00edmi kandid\u00e1ty kr\u00e1tce jednal, ale rychle bylo jasn\u00e9, \u017ee dohoda nebude. \u201eBylo to rozhodnut\u00ed jednotliv\u00fdch stran. Je to norm\u00e1ln\u00ed politick\u00fd souboj navzdory tomu, \u017ee posledn\u00ed dobou je trend se p\u0159ed volbami spojovat. Kone\u010dn\u011b zase bojujeme sami za sebe,\u201c popsal.<\/p>\n<p class=\"c_bB\">A Voseck\u00fd se zase d\u016frazn\u011b distancuje od P\u016fty, kter\u00fd je nepravomocn\u011b odsouzen\u00fd za korupci. \u201eHejtmanovi jde o\u00a0imunitu, i\u00a0kdy\u017e tvrd\u00ed, \u017ee ne. Kdy\u017e takov\u00ed lid\u00e9 p\u016fjdou nahoru, jak tato republika skon\u010d\u00ed a\u00a0jak\u00fd je to sign\u00e1l pro mlad\u00e9?\u201c uvedl pro Novinky.<\/p>\n<p class=\"c_bB\">V\u00fdrazn\u00fd souboj se chyst\u00e1 tak\u00e9 v\u00a0Hradci Kr\u00e1lov\u00e9. Tam ODS postavila \u0161\u00e9fku v\u00fdrobce klav\u00edr\u016f Zuzanu Ceralovou Petrofovou proti b\u00fdval\u00e9mu ministrovi Martinovi Dvo\u0159\u00e1kovi kandiduj\u00edc\u00edmu za STAN. Na P\u0159\u00edbramsku se zase utk\u00e1 p\u0159\u00edbramsk\u00e1 zastupitelka Simona Luftov\u00e1 (Pir\u00e1ti) se sen\u00e1torem\u00a0Petrem \u0160t\u011bp\u00e1nkem (za STAN).<\/p>\n<p class=\"c_bB\">Odhodl\u00e1n\u00ed k\u00a0sen\u00e1tn\u00ed spolupr\u00e1ci v\u00a0podobnou dobu jako opozi\u010dn\u00edci vyjad\u0159ovali tak\u00e9 l\u00edd\u0159i vl\u00e1dn\u00ed koalice. Jak ale <a data-dot=\"atm-link\" target=\"_blank\" href=\"https:\/\/www.novinky.cz\/clanek\/domaci-spd-dostala-od-ano-kosem-v-boji-o-senat-pujdou-proti-sobe-40588568\" class=\"c_N\" rel=\"nofollow noopener\">Novinky<\/a> popsaly, tady snahy selhaly je\u0161t\u011b v\u00fdrazn\u011bji.<\/p>\n<p class=\"c_bB\">Hnut\u00ed ANO se k\u00a0men\u0161\u00edm partner\u016fm oto\u010dilo z\u00e1dy a\u00a0ozn\u00e1milo vlastn\u00ed kandid\u00e1ty ve v\u011bt\u0161in\u011b obvod\u016f. SPD na to zareagovala obdobn\u011b, rozhodla se o\u00a0Sen\u00e1t zabojovat sama a\u00a0aktu\u00e1ln\u011b podle sv\u00e9ho \u0161\u00e9fa Tomia Okamury hled\u00e1 posledn\u00edho, 27.\u00a0uchaze\u010de o\u00a0sen\u00e1torsk\u00e9 k\u0159eslo. Motorist\u00e9 naopak \u0161et\u0159\u00ed s\u00edly a\u00a0slibuj\u00ed maxim\u00e1ln\u011b jednotky kandid\u00e1t\u016f.<\/p>\n<p class=\"c_bB\">Kandid\u00e1tky mus\u00ed strany odevzdat za\u010d\u00e1tkem srpna, volby prob\u011bhnou v\u00a0\u0159\u00edjnu.<\/p>\n<p>Kandid\u00e1ti do Sen\u00e1tu 2026<\/p>\n<p class=\"c_bB\">(Kandid\u00e1ti zn\u00e1m\u00ed k\u00a027.\u00a0\u010dervenci 2026, obhajuj\u00edc\u00ed  sen\u00e1to\u0159i tu\u010dn\u011b)<\/p>\n<p>Cheb (3)<\/p>\n<p class=\"c_bB\">Miroslav Plevn\u00fd (za STAN)<\/p>\n<p class=\"c_bB\">Vladim\u00edr Kebl\u016f\u0161ek (za Na\u0161e \u010cesko)<\/p>\n<p class=\"c_bB\">\u0160t\u011bp\u00e1nka \u010cern\u00e1 (VOK)<\/p>\n<p>Louny (6)<\/p>\n<p class=\"c_bB\">Ivana Hlu\u0161t\u00edkov\u00e1 (s podporou Pir\u00e1t\u016f a\u00a0Hnut\u00ed Kruh)<\/p>\n<p>Plze\u0148-m\u011bsto (9)<\/p>\n<p class=\"c_bB\">Lum\u00edr Aschenbrenner (ODS)<\/p>\n<p class=\"c_bB\">Daniela Pouskov\u00e1 (PRO Plze\u0148 s\u00a0podporou KDU\u010cSL)<\/p>\n<p class=\"c_bB\">Bohum\u00edr J\u00e1nsk\u00fd (SEN 21)<\/p>\n<p>Strakonice (12)<\/p>\n<p class=\"c_bB\">Jana Hrdinov\u00e1 (KDU-\u010cSL)<\/p>\n<p class=\"c_bB\">Tom\u00e1\u0161 Fiala (Na\u0161e \u010cesko, b\u00fdv. ODS)<\/p>\n<p>Pelh\u0159imov (15)<\/p>\n<p class=\"c_bB\">Lucie Pavl\u016f \u0158\u00e1dov\u00e1 (SPD)<\/p>\n<p class=\"c_bB\">Jaroslav Chalupsk\u00fd (HSR)<\/p>\n<p class=\"c_bB\">Karol\u00edna Kubiskov\u00e1 (V\u00fdzva 2025)<\/p>\n<p>P\u0159\u00edbram (18)<\/p>\n<p class=\"c_bB\">Petr \u0160t\u011bp\u00e1nek (za STAN)<\/p>\n<p class=\"c_bB\">Simona Luftov\u00e1 (Pir\u00e1ti)<\/p>\n<p class=\"c_bB\">Vladim\u00edr Kr\u00e1l (\u0160ance pro P\u0159\u00edbram)<\/p>\n<p>Praha 5 (21)<\/p>\n<p class=\"c_bB\">Zden\u011bk \u0160arapatka (za TOP 09)<\/p>\n<p class=\"c_bB\">Petra Prok\u0161anov\u00e1 (KS\u010cM)<\/p>\n<p>Praha 9 (24)<\/p>\n<p class=\"c_bB\">Pavel \u010ci\u017einsk\u00fd (Levice)<\/p>\n<p class=\"c_bB\">Darina Batyiov\u00e1 (za Hnut\u00ed Kruh)<\/p>\n<p>Praha 1 (27)<\/p>\n<p class=\"c_bB\">Ji\u0159\u00ed Padev\u011bt (za STAN)<\/p>\n<p class=\"c_bB\">Jan \u010ci\u017einsk\u00fd (Praha sob\u011b s\u00a0podporou KDU-\u010cSL)<\/p>\n<p>Kladno (30)<\/p>\n<p class=\"c_bB\">Ad\u00e9la Sucharda \u0160\u00edpov\u00e1 (Pir\u00e1ti)<\/p>\n<p class=\"c_bB\">Jaroslav Pelc (P\u0159\u00edsaha)<\/p>\n<p>D\u011b\u010d\u00edn (33)<\/p>\n<p class=\"c_bB\">Miroslav \u0160tross (Zelen\u00ed)<\/p>\n<p>\u010cesk\u00e1 L\u00edpa (36)<\/p>\n<p class=\"c_bB\">Ji\u0159\u00ed Voseck\u00fd (nez., b\u00fdv SLK)<\/p>\n<p class=\"c_bB\">Iva Baslarov\u00e1 (Hnut\u00ed Kruh)<\/p>\n<p>Trutnov (39)Kol\u00edn (42)<\/p>\n<p class=\"c_bB\">Pavel Sehnal (Aliance pro budoucnost)<\/p>\n<p>Hradec Kr\u00e1lov\u00e9 (45)<\/p>\n<p class=\"c_bB\">Zuzana Ceralov\u00e1 Petrofov\u00e1 (ODS)<\/p>\n<p class=\"c_bB\">Jan Hol\u00e1sek (Rozv\u00edj\u00edme Hradec s\u00a0podporou mj. Na\u0161e \u010cesko)<\/p>\n<p>Rychnov nad Kn\u011b\u017enou (48)\u017d\u010f\u00e1r nad S\u00e1zavou (51)Znojmo (54)<\/p>\n<p class=\"c_bB\">Tom\u00e1\u0161 T\u0159etina (TOP 09)<\/p>\n<p class=\"c_bB\">Michal Janda (Svobodn\u00ed\/SPD)<\/p>\n<p class=\"c_bB\">Pavel \u010cern\u00fd (P\u0159\u00edsaha)<\/p>\n<p class=\"c_bB\">Jind\u0159ich R\u016f\u017ei\u010dka (nez.)<\/p>\n<p>Vy\u0161kov (57)<\/p>\n<p class=\"c_bB\">Jaroslav Fl\u00e1dr (P\u0159\u00edsaha)<\/p>\n<p>Brno-m\u011bsto (60)<\/p>\n<p class=\"c_bB\">Zden\u011bk Papou\u0161ek (za ODS)<\/p>\n<p class=\"c_bB\">Karel Zitterbart (za STAN)<\/p>\n<p class=\"c_bB\">Veronika Holcnerov\u00e1 (Hnut\u00ed Kruh)<\/p>\n<p>P\u0159erov (63)Olomouc (66)<\/p>\n<p class=\"c_bB\">Michael Kohajda (za KDU-\u010cSL)<\/p>\n<p class=\"c_bB\">Marek O\u0161\u0165\u00e1dal (nez., b\u00fdv. STAN)<\/p>\n<p>Fr\u00fddek-M\u00edstek (69)<\/p>\n<p class=\"c_bB\">\u0160\u00e1rka \u0160imo\u0148\u00e1kov\u00e1 (ANO)<\/p>\n<p class=\"c_bB\">Helena Pe\u0161atov\u00e1 (za STAN)<\/p>\n<p class=\"c_bB\">Zden\u011bk Navr\u00e1til (Hnut\u00ed Revoluce)<\/p>\n<p>Ostrava-m\u011bsto (72)<\/p>\n<p class=\"c_bB\">Ond\u0159ej \u0160imetka (za ODS)<\/p>\n<p>Karvin\u00e1 (75)<\/p>\n<p class=\"c_bB\">Mariam Szyja (za Pir\u00e1ty)<\/p>\n<p>Zl\u00edn (78)<\/p>\n<p class=\"c_bB\">Vladim\u00edr Sedla\u0159\u00edk (za ANO)<\/p>\n<p class=\"c_bB\">Pavel Dlouh\u00fd (za SEN 21)<\/p>\n<p>Uhersk\u00e9 Hradi\u0161t\u011b (81)<a data-dot=\"atm-link\" target=\"_self\" href=\"https:\/\/www.novinky.cz\/clanek\/domaci-spd-dostala-od-ano-kosem-v-boji-o-senat-pujdou-proti-sobe-40588568\" class=\"c_N\" rel=\"nofollow noopener\"><img height=\"2304\" width=\"4096\" src=\"https:\/\/www.europesays.com\/cz\/wp-content\/uploads\/2026\/07\/1785225976_690_a845.jpeg\" loading=\"eager\" decoding=\"sync\" class=\"c_t c_r\"\/><\/a><\/p>\n","protected":false},"excerpt":{"rendered":"\u201eSna\u017e\u00edme se naj\u00edt spole\u010dn\u00e9ho kandid\u00e1ta ve v\u0161ech 27\u00a0sen\u00e1tn\u00edch obvodech. Jsme otev\u0159en\u00ed domluv\u011b, abychom udr\u017eeli v\u011bt\u0161inu,\u201c popsal v\u00a0zim\u011b Novink\u00e1m&hellip;\n","protected":false},"author":2,"featured_media":160617,"comment_status":"","ping_status":"","sticky":false,"template":"","format":"standard","meta":{"footnotes":"","_share_on_mastodon":"0"},"categories":[7],"tags":[1980,43,42,41,40,7311,963,2973,1193,960,13088,3259,1066],"class_list":["post-160616","post","type-post","status-publish","format-standard","has-post-thumbnail","category-cesko","tag-ceska-piratska-strana-pirati","tag-ceska-republika","tag-cesko","tag-czech-republic","tag-czechia","tag-kandidati","tag-kdu-csl","tag-obcanska-demokraticka-strana-ods","tag-opozice","tag-senat","tag-senatni-volby","tag-starostove-a-nezavisli-stan","tag-top-09"],"share_on_mastodon":{"url":"https:\/\/pubeurope.com\/@cz\/116996576930106685","error":""},"_links":{"self":[{"href":"https:\/\/www.europesays.com\/cz\/wp-json\/wp\/v2\/posts\/160616","targetHints":{"allow":["GET"]}}],"collection":[{"href":"https:\/\/www.europesays.com\/cz\/wp-json\/wp\/v2\/posts"}],"about":[{"href":"https:\/\/www.europesays.com\/cz\/wp-json\/wp\/v2\/types\/post"}],"author":[{"embeddable":true,"href":"https:\/\/www.europesays.com\/cz\/wp-json\/wp\/v2\/users\/2"}],"replies":[{"embeddable":true,"href":"https:\/\/www.europesays.com\/cz\/wp-json\/wp\/v2\/comments?post=160616"}],"version-history":[{"count":0,"href":"https:\/\/www.europesays.com\/cz\/wp-json\/wp\/v2\/posts\/160616\/revisions"}],"wp:featuredmedia":[{"embeddable":true,"href":"https:\/\/www.europesays.com\/cz\/wp-json\/wp\/v2\/media\/160617"}],"wp:attachment":[{"href":"https:\/\/www.europesays.com\/cz\/wp-json\/wp\/v2\/media?parent=160616"}],"wp:term":[{"taxonomy":"category","embeddable":true,"href":"https:\/\/www.europesays.com\/cz\/wp-json\/wp\/v2\/categories?post=160616"},{"taxonomy":"post_tag","embeddable":true,"href":"https:\/\/www.europesays.com\/cz\/wp-json\/wp\/v2\/tags?post=160616"}],"curies":[{"name":"wp","href":"https:\/\/api.w.org\/{rel}","templated":true}]}}