{"id":160700,"date":"2026-07-28T09:19:10","date_gmt":"2026-07-28T09:19:10","guid":{"rendered":"https:\/\/www.europesays.com\/cz\/160700\/"},"modified":"2026-07-28T09:19:10","modified_gmt":"2026-07-28T09:19:10","slug":"byl-odhalen-nejvetsi-a-nejzbytecnejsi-zrout-elektriny-v-letnich-mesicich-mesicne-vas-vyjde-klidne-na-3-000-korun","status":"publish","type":"post","link":"https:\/\/www.europesays.com\/cz\/160700\/","title":{"rendered":"Byl odhalen nejv\u011bt\u0161\u00ed a nejzbyte\u010dn\u011bj\u0161\u00ed \u017erout elekt\u0159iny v letn\u00edch m\u011bs\u00edc\u00edch. M\u011bs\u00ed\u010dn\u011b v\u00e1s vyjde klidn\u011b na 3 000 korun"},"content":{"rendered":"<p dir=\"ltr\">Pokud bydl\u00edte ve vy\u0161\u0161\u00edch patrech panelov\u00fdch dom\u016f, obvykle<br \/>\nnem\u00e1te p\u0159\u00edli\u0161 na v\u00fdb\u011br. B\u011bhem tropick\u00fdch dn\u016f dosahuje teplota<br \/>\nv\u00a0interi\u00e9ru p\u0159es 30\u00a0\u00b0C a p\u0159\u00edli\u0161 se neochlad\u00ed ani b\u011bhem noci. \u0158ada<br \/>\ndom\u00e1cnost\u00ed to vy\u0159e\u0161ila n\u00e1kupem mobiln\u00ed klimatizace, kter\u00e1 slibuje snadnou<br \/>\ninstalaci a efektivn\u00ed ochlazen\u00ed. Sou\u010dasn\u011b s\u00a0ni\u017e\u0161\u00edmi teplotami ale dom\u016f<br \/>\ndoraz\u00ed i\u00a0p\u0159emr\u0161t\u011bn\u00e1 faktura za elekt\u0159inu.\u00a0<\/p>\n<p>Kolik energie spot\u0159ebuj\u00ed mobiln\u00ed klimatizace?\u00a0<\/p>\n<p dir=\"ltr\">Pro z\u00e1kladn\u00ed p\u0159edstavu se sta\u010d\u00ed pod\u00edvat na anal\u00fdzu<br \/>\nnejprod\u00e1van\u011bj\u0161\u00edch mobiln\u00edch klimatizac\u00ed na \u010desk\u00e9m trhu. Z\u00a0dostupn\u00fdch<br \/>\n\u00fadaj\u016f vypl\u00fdv\u00e1, \u017ee p\u0159\u00edkon b\u011b\u017en\u00fdch mobiln\u00edch klimatizac\u00ed se<br \/>\npohybuje p\u0159ibli\u017en\u011b mezi 1,5\u00a0a 2\u00a0kW. To znamen\u00e1 spot\u0159ebu zhruba<br \/>\n1,5\u00a0a\u017e 2\u00a0kWh za hodinu provozu. P\u0159i cen\u011b elekt\u0159iny okolo 5\u00a0a\u017e 6\u00a0K\u010d za<br \/>\nkWh vyjde hodina provozu p\u0159ibli\u017en\u011b na 8\u00a0a\u017e 12\u00a0K\u010d.<\/p>\n<p dir=\"ltr\">P\u0159i n\u00e1kladu p\u0159ibli\u017en\u011b 10\u00a0K\u010d za hodinu p\u0159edstavuje 12\u00a0hodin<br \/>\nprovozu asi 120\u00a0K\u010d denn\u011b, tedy p\u0159ibli\u017en\u011b 3\u00a0600\u00a0K\u010d za t\u0159icetidenn\u00ed<br \/>\nm\u011bs\u00edc. Skute\u010dn\u00e9 m\u011bs\u00ed\u010dn\u00ed n\u00e1klady se v\u0161ak mohou pohybovat zhruba<br \/>\nmezi 1\u00a0800\u00a0a 4\u00a0300\u00a0K\u010d podle v\u00fdkonu klimatizace, d\u00e9lky provozu a<br \/>\nceny elekt\u0159iny.<\/p>\n<p dir=\"ltr\">Skute\u010dn\u00e9 provozn\u00ed n\u00e1klady z\u00e1vis\u00ed p\u0159edev\u0161\u00edm na v\u00fdkonu<br \/>\nza\u0159\u00edzen\u00ed, dob\u011b jeho pou\u017e\u00edv\u00e1n\u00ed a aktu\u00e1ln\u00ed cen\u011b elekt\u0159iny, a proto se<br \/>\nmohou mezi jednotliv\u00fdmi dom\u00e1cnostmi v\u00fdrazn\u011b li\u0161it.\u00a0Kdy\u017e<br \/>\nbudete klimatizaci pou\u017e\u00edvat od \u010dervna do srpna, m\u016f\u017ee se celkov\u00fd \u00fa\u010det<br \/>\nv\u00a0pr\u016fm\u011bru vy\u0161plhat na 9\u201315 tis\u00edc korun, co\u017e zhruba odpov\u00edd\u00e1<br \/>\npo\u0159izovac\u00ed cen\u011b nov\u00e9 mobiln\u00ed klimatizace.\u00a0<\/p>\n<p><a data-fancybox=\"gallery\" href=\"https:\/\/energozrouti.cz\/storage-webp\/5\/NoAiFN5962N9KqQMwReMyeSjlLhqhDueNUdVuBrOuFQy0VicLzmdkDwE8NMnuTf6MBU0LJPGL79AyMkLQxSuXGc4Gq6n9YFf71Gd_big.webp\" rel=\"nofollow noopener\" target=\"_blank\"><br \/>\n            <img decoding=\"async\" loading=\"lazy\" class=\"img-responsive\" src=\"https:\/\/www.europesays.com\/cz\/wp-content\/uploads\/2026\/07\/NoAiFN5962N9KqQMwReMyeSjlLhqhDueNUdVuBrOuFQy0VicLzmdkDwE8NMnuTf6MBU0LJPGL79AyMkLQxSuXGc4Gq6n9YFf71Gd.webp\" title=\"Provoz mobiln\u00ed klimatizace m\u016f\u017ee vyj\u00edt na 9\u201315 tis\u00edc za sez\u00f3nu. \"\/><br \/>\n            <\/a>Provoz mobiln\u00ed klimatizace m\u016f\u017ee vyj\u00edt na 9\u201315 tis\u00edc za sez\u00f3nu.<br \/>\n            , &#8230;<\/p>\n<p>Pro\u010d vsadit rad\u011bji na splitovou klimatizaci?\u00a0<\/p>\n<p dir=\"ltr\">Mobiln\u00ed klimatizace s\u00a0jednou v\u00fdfukovou hadic\u00ed b\u00fdvaj\u00ed ve<br \/>\nsrovn\u00e1n\u00ed se splitov\u00fdmi klimatizacemi m\u00e9n\u011b \u00fa\u010dinn\u00e9. D\u016fvod\u016f je pro to<br \/>\ncel\u00e1 \u0159ada, ale t\u00edm nej\u010dast\u011bj\u0161\u00edm je \u0161patn\u011b ut\u011bsn\u011bn\u00fd v\u00fdvod z\u00a0okna.<br \/>\nProbl\u00e9mem mobiln\u00edch klimatizac\u00ed s\u00a0jednou rourou je vznikaj\u00edc\u00ed<br \/>\npodtlak. P\u0159\u00edstroj vyfukuje hork\u00fd vzduch rourou z\u00a0okna ven, \u010d\u00edm\u017e<br \/>\nv\u00a0m\u00edstnosti vytv\u00e1\u0159\u00ed podtlak. Ten pak skrze sp\u00e1ry \u010di pootev\u0159en\u00e9 dve\u0159e<br \/>\nneust\u00e1le nas\u00e1v\u00e1 tepl\u00fd vzduch z\u00a0okol\u00ed.<\/p>\n<p dir=\"ltr\">Podle n\u011bkter\u00fdch odborn\u00edk\u016f m\u016f\u017ee b\u00fdt zna\u010dn\u00e1 \u010d\u00e1st v\u00fdkonu,<br \/>\nv\u00a0krajn\u00edch p\u0159\u00edpadech a\u017e okolo 80\u00a0%, zbyte\u010dn\u011b promarn\u011bna, proto\u017ee do<br \/>\nm\u00edstnosti neust\u00e1le pronik\u00e1 tepl\u00fd vzduch zven\u010d\u00ed.\u00a0Komplikace m\u016f\u017ee<br \/>\nzp\u016fsobovat i\u00a0\u0161patn\u00e1 \u00fadr\u017eba. Pokud se filtry zanesou prachem, sni\u017euje se<br \/>\n\u00fa\u010dinnost chlazen\u00ed a za\u0159\u00edzen\u00ed m\u016f\u017ee pracovat del\u0161\u00ed dobu, co\u017e vede ke<br \/>\nzv\u00fd\u0161en\u00ed celkov\u00e9 spot\u0159eby elekt\u0159iny.<\/p>\n<p dir=\"ltr\">Mnoho specialist\u016f proto doporu\u010duje p\u0159echod na splitov\u00e9<br \/>\nklimatizace, kter\u00e9 maj\u00ed v\u00fdrazn\u011b ni\u017e\u0161\u00ed provozn\u00ed n\u00e1klady. Za po\u0159\u00edzen\u00ed<br \/>\nsice zaplat\u00edte v\u00edce, ale b\u011bhem dvou a\u017e t\u0159\u00ed letn\u00edch sezon by se v\u00e1m<br \/>\ninvestice m\u011bla vr\u00e1tit.\u00a0A\u00a0vzhledem k\u00a0tomu, \u017ee o\u010dek\u00e1van\u00e1<br \/>\n\u017eivotnost splitov\u00fdch klimatizac\u00ed je minim\u00e1ln\u011b 10\u201315 let, smysl to d\u00e1v\u00e1<br \/>\n\u2013 zvl\u00e1\u0161t\u011b s\u00a0ohledem na to, \u017ee letn\u00ed m\u011bs\u00edce jsou \u010d\u00edm d\u00e1l<br \/>\nteplej\u0161\u00ed.<\/p>\n<p>Jak m\u00edstnost vychladit bez klimatizace?\u00a0<\/p>\n<p dir=\"ltr\">Pokud klimatizaci automaticky zap\u00edn\u00e1te na maximum a nic jin\u00e9ho<br \/>\nne\u0159e\u0161\u00edte, vyhazujete pen\u00edze z\u00a0okna. Teplotu v\u00a0dom\u00e1cnosti m\u016f\u017eete<br \/>\nsn\u00ed\u017eit s\u00a0v\u00fdrazn\u011b ni\u017e\u0161\u00edmi n\u00e1klady\u00a0\u2013 nap\u0159\u00edklad spr\u00e1vn\u00fdm<br \/>\nv\u011btr\u00e1n\u00edm. V\u00a0noci je dobr\u00e9 m\u00edt okna otev\u0159en\u00e1, aby m\u00edstnost<br \/>\ndostate\u010dn\u011b vychladla a proudil do n\u00ed studen\u00fd vzduch. Mus\u00edte je ale<br \/>\nzav\u0159\u00edt je\u0161t\u011b p\u0159edt\u00edm, ne\u017e se venku za\u010dne oteplovat.\u00a0<\/p>\n<p dir=\"ltr\">Pomoci mohou tak\u00e9 spr\u00e1vn\u011b nastaven\u00e9 \u017ealuzie, kter\u00e9 blokuj\u00ed<br \/>\np\u0159\u00edm\u00e9 slune\u010dn\u00ed z\u00e1\u0159en\u00ed. V\u00a0p\u0159\u00edpad\u011b, \u017ee m\u00e1te v\u011bt\u0161\u00ed byt, je<br \/>\nvhodn\u00e9 zav\u00edrat dve\u0159e a klimatizovat jen ty m\u00edstnosti, ve kter\u00fdch tr\u00e1v\u00edte<br \/>\nnejv\u00edce\u00a0\u010dasu.<\/p>\n<p><a data-fancybox=\"gallery\" href=\"https:\/\/energozrouti.cz\/storage-webp\/0\/4tFezqAuqZY6IaEBvpLaTLCHyTIKIiih2Ya0jWNsxR47xRefBq0Nj3ImxnwMdUNKZrELlgZNQdzrrMPeYxX67vd9y3PHa5usGBei_big.webp\" rel=\"nofollow noopener\" target=\"_blank\"><br \/>\n            <img decoding=\"async\" loading=\"lazy\" class=\"img-responsive\" src=\"https:\/\/www.europesays.com\/cz\/wp-content\/uploads\/2026\/07\/4tFezqAuqZY6IaEBvpLaTLCHyTIKIiih2Ya0jWNsxR47xRefBq0Nj3ImxnwMdUNKZrELlgZNQdzrrMPeYxX67vd9y3PHa5usGBei.webp\" title=\"Splitov\u00e9 klimatizace jsou dra\u017e\u0161\u00ed na po\u0159\u00edzen\u00ed, ale na jejich provozu v\u00fdrazn\u011b u\u0161et\u0159\u00edte.\"\/><br \/>\n            <\/a>Splitov\u00e9 klimatizace jsou dra\u017e\u0161\u00ed na po\u0159\u00edzen\u00ed, ale na jejich provozu v\u00fdrazn\u011b u\u0161et\u0159\u00edte.<br \/>\n            , &#8230;<\/p>\n<p>Pozor si d\u00e1vejte i\u00a0na v\u00ed\u0159ivku a vyh\u0159\u00edvan\u00fd baz\u00e9n<\/p>\n<p dir=\"ltr\">Mobiln\u00ed klimatizace nen\u00ed ani zdaleka jedin\u00fdm letn\u00edm<br \/>\nspot\u0159ebi\u010dem, kter\u00fd dok\u00e1\u017ee ud\u011blat d\u00edru do rodinn\u00e9ho rozpo\u010dtu.<br \/>\nProblematick\u00e9 jsou i\u00a0v\u00ed\u0159ivky, kter\u00e9 maj\u00ed podle anal\u00fdzy<br \/>\nspecializovan\u00fdch web\u016f, jako je Relaxeo, n\u00e1klady na m\u011bs\u00ed\u010dn\u00ed provoz okolo<br \/>\n2\u00a0000\u00a0K\u010d p\u0159i denn\u00edm pou\u017e\u00edv\u00e1n\u00ed. Kl\u00ed\u010dov\u00fdm d\u016fvodem je p\u0159itom<br \/>\nabsence po\u0159\u00e1dn\u00e9 tepeln\u00e9 izolace.\u00a0<\/p>\n<p dir=\"ltr\">Nep\u0159\u00edjemn\u00e9 v\u00fddaje za energie mohou zp\u016fsobit rovn\u011b\u017e<br \/>\nvyh\u0159\u00edvan\u00e9 baz\u00e9ny. Zat\u00edmco samotn\u00e1 filtrace v\u00e1s nejsp\u00ed\u0161 vyjde na<br \/>\np\u00e1r set korun za sez\u00f3nu, jakmile se rozhodnete vodu oh\u0159\u00edvat pomoc\u00ed<br \/>\ntepeln\u00e9ho \u010derpadla, provoz baz\u00e9nu se \u0159\u00e1dn\u011b prodra\u017e\u00ed. Za sez\u00f3nu<br \/>\nm\u016f\u017eete utratit v\u00a0z\u00e1vislosti na parametrech baz\u00e9nu zhruba 10\u201330 tis\u00edc<br \/>\nkorun. A\u00a0pokud provozujete baz\u00e9n celoro\u010dn\u011b, n\u00e1klady se kv\u016fli zimn\u00edmu<br \/>\nvyt\u00e1p\u011bn\u00ed v\u00a0mrazech vy\u0161plhaj\u00ed na n\u011bkolikan\u00e1sobn\u011b vy\u0161\u0161\u00ed \u010d\u00e1stky.<br \/>\nV\u00a0p\u0159\u00edpad\u011b baz\u00e9n\u016f v\u0161ak m\u016f\u017eete cenu za oh\u0159ev lehce srazit<br \/>\npomoc\u00ed sol\u00e1rn\u00ed plachty, kter\u00e1 pom\u00e1h\u00e1 nejen s\u00a0udr\u017eov\u00e1n\u00edm<br \/>\nteploty, ale tak\u00e9 zabra\u0148uje zan\u00e1\u0161en\u00ed baz\u00e9nu ne\u010distotami.\u00a0<\/p>\n<p dir=\"ltr\">A\u017e tedy budete p\u0159\u00ed\u0161t\u011b \u0159e\u0161it n\u00e1kup letn\u00edho vybaven\u00ed,<br \/>\nnezapom\u00ednejte na to, \u017ee d\u016fle\u017eit\u011bj\u0161\u00ed ne\u017e po\u0159izovac\u00ed cena jsou provozn\u00ed<br \/>\nn\u00e1klady. Spr\u00e1vn\u011b zvolen\u00fd typ za\u0159\u00edzen\u00ed a jeho efektivn\u00ed pou\u017e\u00edv\u00e1n\u00ed<br \/>\nmohou v\u00a0dlouhodob\u00e9m horizontu sn\u00ed\u017eit n\u00e1klady na provoz o\u00a0tis\u00edce<br \/>\nkorun\u00a0ro\u010dn\u011b.<\/p>\n","protected":false},"excerpt":{"rendered":"Pokud bydl\u00edte ve vy\u0161\u0161\u00edch patrech panelov\u00fdch dom\u016f, obvykle nem\u00e1te p\u0159\u00edli\u0161 na v\u00fdb\u011br. B\u011bhem tropick\u00fdch dn\u016f dosahuje teplota v\u00a0interi\u00e9ru&hellip;\n","protected":false},"author":2,"featured_media":160701,"comment_status":"","ping_status":"","sticky":false,"template":"","format":"standard","meta":{"footnotes":"","_share_on_mastodon":"0"},"categories":[12],"tags":[67,68,1697,6119,13179],"class_list":["post-160700","post","type-post","status-publish","format-standard","has-post-thumbnail","category-byznys","tag-business","tag-byznys","tag-elektrina","tag-klimatizace","tag-leto"],"share_on_mastodon":{"url":"https:\/\/pubeurope.com\/@cz\/116996864130892707","error":""},"_links":{"self":[{"href":"https:\/\/www.europesays.com\/cz\/wp-json\/wp\/v2\/posts\/160700","targetHints":{"allow":["GET"]}}],"collection":[{"href":"https:\/\/www.europesays.com\/cz\/wp-json\/wp\/v2\/posts"}],"about":[{"href":"https:\/\/www.europesays.com\/cz\/wp-json\/wp\/v2\/types\/post"}],"author":[{"embeddable":true,"href":"https:\/\/www.europesays.com\/cz\/wp-json\/wp\/v2\/users\/2"}],"replies":[{"embeddable":true,"href":"https:\/\/www.europesays.com\/cz\/wp-json\/wp\/v2\/comments?post=160700"}],"version-history":[{"count":0,"href":"https:\/\/www.europesays.com\/cz\/wp-json\/wp\/v2\/posts\/160700\/revisions"}],"wp:featuredmedia":[{"embeddable":true,"href":"https:\/\/www.europesays.com\/cz\/wp-json\/wp\/v2\/media\/160701"}],"wp:attachment":[{"href":"https:\/\/www.europesays.com\/cz\/wp-json\/wp\/v2\/media?parent=160700"}],"wp:term":[{"taxonomy":"category","embeddable":true,"href":"https:\/\/www.europesays.com\/cz\/wp-json\/wp\/v2\/categories?post=160700"},{"taxonomy":"post_tag","embeddable":true,"href":"https:\/\/www.europesays.com\/cz\/wp-json\/wp\/v2\/tags?post=160700"}],"curies":[{"name":"wp","href":"https:\/\/api.w.org\/{rel}","templated":true}]}}