{"id":160782,"date":"2026-07-28T10:32:15","date_gmt":"2026-07-28T10:32:15","guid":{"rendered":"https:\/\/www.europesays.com\/cz\/160782\/"},"modified":"2026-07-28T10:32:15","modified_gmt":"2026-07-28T10:32:15","slug":"iran-na-namesti-obesil-dva-muze-odsouzene-v-souvislosti-s-protesty","status":"publish","type":"post","link":"https:\/\/www.europesays.com\/cz\/160782\/","title":{"rendered":"\u00cdr\u00e1n na n\u00e1m\u011bst\u00ed ob\u011bsil dva mu\u017ee odsouzen\u00e9 v\u00a0souvislosti s\u00a0protesty"},"content":{"rendered":"<p class=\"e_bX\">\u00cdr\u00e1n popravil dva mu\u017ee odsouzen\u00e9 v\u00a0souvislosti s\u00a0protivl\u00e1dn\u00edmi protesty, kter\u00e9 v\u00a0zemi vyvrcholily letos v\u00a0lednu. Podle \u00edr\u00e1nsk\u00fdch m\u00e9di\u00ed byli Ab\u00f3lfazl Sepah\u00ed a\u00a0Am\u00edr-Hosejn Safar\u00ed ob\u011b\u0161eni ve\u0159ejn\u011b na n\u00e1m\u011bst\u00ed ve m\u011bst\u011b Malek\u0161ahr v\u00a0provincii Isfah\u00e1n, informovala agentura AFP.<\/p>\n<p class=\"e_bX\">\u00cdr\u00e1nsk\u00e1 justice k\u00a0poprav\u011b uvedla, \u017ee mu\u017ei byli odsouzeni za \u00fatoky na policisty b\u011bhem protest\u016f. Podle \u00edr\u00e1nsk\u00e9 medi\u00e1ln\u00ed agentury Miz\u00e1n \u010delili mimo jin\u00e9 obvin\u011bn\u00ed z\u00a0v\u00e1lky proti bohu a\u00a0\u0161\u00ed\u0159en\u00ed korupce, co\u017e jsou v\u00a0\u00cdr\u00e1nu trestn\u00e9 \u010diny, za kter\u00e9 m\u016f\u017ee b\u00fdt ulo\u017een trest smrti.<\/p>\n<p class=\"e_bX\">Protestn\u00ed hnut\u00ed v\u00a0\u00cdr\u00e1nu za\u010dalo na konci lo\u0148sk\u00e9ho prosince kv\u016fli vysok\u00fdm \u017eivotn\u00edm n\u00e1klad\u016fm a\u00a0postupn\u011b p\u0159erostlo v\u00a0rozs\u00e1hl\u00e9 protivl\u00e1dn\u00ed demonstrace, kter\u00e9 vyvrcholily 8.\u00a0a\u00a09.\u00a0ledna. \u00cdr\u00e1nsk\u00e9 \u00fa\u0159ady uvedly, \u017ee p\u0159i nepokoj\u00edch zem\u0159elo p\u0159es 3000\u00a0lid\u00ed, p\u0159i\u010dem\u017e n\u00e1sil\u00ed p\u0159i\u010d\u00edtaj\u00ed teroristick\u00fdm \u010din\u016fm podporovan\u00fdm Spojen\u00fdmi st\u00e1ty a\u00a0Izraelem. Zahrani\u010dn\u00ed organizace na ochranu lidsk\u00fdch pr\u00e1v naopak tvrd\u00ed, \u017ee bezpe\u010dnostn\u00ed slo\u017eky proti demonstrant\u016fm pou\u017eily nep\u0159im\u011b\u0159enou s\u00edlu.<\/p>\n<p class=\"e_bX\">Po \u00fanorov\u00e9m \u00fatoku Spojen\u00fdch st\u00e1t\u016f a\u00a0Izraele proti \u00cdr\u00e1nu, kter\u00fd vyvolal \u0161ir\u0161\u00ed konflikt na Bl\u00edzk\u00e9m v\u00fdchod\u011b, se v\u00a0zemi podle agentury AFP zv\u00fd\u0161il po\u010det zat\u010den\u00ed i\u00a0poprav v\u00a0souvislosti s\u00a0protesty. Amnesty International <a data-dot=\"atm-link\" target=\"_blank\" rel=\"noopener nofollow\" href=\"https:\/\/www.amnesty.org\/en\/what-we-do\/death-penalty\/\" class=\"e_n\">uv\u00e1d\u00ed<\/a>, \u017ee \u00cdr\u00e1n vykon\u00e1v\u00e1 druh\u00fd nejvy\u0161\u0161\u00ed po\u010det poprav na sv\u011bt\u011b po \u010c\u00edn\u011b.<\/p>\n<p><a data-dot=\"mol-article-card-media\" aria-hidden=\"true\" tabindex=\"-1\" href=\"https:\/\/www.seznamzpravy.cz\/clanek\/zahranicni-usa-nahle-prestaly-bombardovat-iran-trump-se-o-tom-vubec-nezminil-311818\" class=\"e_n f_l5\" rel=\"nofollow noopener\" target=\"_blank\"><img fetchpriority=\"high\" height=\"2241\"   width=\"3984\" src=\"https:\/\/www.europesays.com\/cz\/wp-content\/uploads\/2026\/07\/1785234734_828_donald-trump.jpeg\" loading=\"eager\" decoding=\"sync\" class=\"e_aa e_Z\"\/><\/a><a data-dot=\"mol-article-card-media\" aria-hidden=\"true\" tabindex=\"-1\" href=\"https:\/\/www.seznamzpravy.cz\/clanek\/zahranicni-spojenec-iranu-zaskrtil-druhou-namorni-tepnu-trump-hrozi-nevidanou-silou-311709\" class=\"e_n f_l5\" rel=\"nofollow noopener\" target=\"_blank\"><img height=\"2304\"   width=\"4096\" src=\"https:\/\/www.europesays.com\/cz\/wp-content\/uploads\/2026\/07\/1785234735_396_jemen.jpeg\" loading=\"eager\" decoding=\"sync\" class=\"e_aa e_Z\"\/><\/a><\/p>\n","protected":false},"excerpt":{"rendered":"\u00cdr\u00e1n popravil dva mu\u017ee odsouzen\u00e9 v\u00a0souvislosti s\u00a0protivl\u00e1dn\u00edmi protesty, kter\u00e9 v\u00a0zemi vyvrcholily letos v\u00a0lednu. Podle \u00edr\u00e1nsk\u00fdch m\u00e9di\u00ed byli Ab\u00f3lfazl&hellip;\n","protected":false},"author":2,"featured_media":160783,"comment_status":"","ping_status":"","sticky":false,"template":"","format":"standard","meta":{"footnotes":"","_share_on_mastodon":"0"},"categories":[11],"tags":[19181,7825,4756,3649,54,53,52],"class_list":["post-160782","post","type-post","status-publish","format-standard","has-post-thumbnail","category-svet","tag-amnesty-international","tag-konflikt-usa-izrael-iran","tag-poprava","tag-protesty-v-iranu","tag-svet","tag-world","tag-world-news"],"share_on_mastodon":{"url":"https:\/\/pubeurope.com\/@cz\/116997151247763256","error":""},"_links":{"self":[{"href":"https:\/\/www.europesays.com\/cz\/wp-json\/wp\/v2\/posts\/160782","targetHints":{"allow":["GET"]}}],"collection":[{"href":"https:\/\/www.europesays.com\/cz\/wp-json\/wp\/v2\/posts"}],"about":[{"href":"https:\/\/www.europesays.com\/cz\/wp-json\/wp\/v2\/types\/post"}],"author":[{"embeddable":true,"href":"https:\/\/www.europesays.com\/cz\/wp-json\/wp\/v2\/users\/2"}],"replies":[{"embeddable":true,"href":"https:\/\/www.europesays.com\/cz\/wp-json\/wp\/v2\/comments?post=160782"}],"version-history":[{"count":0,"href":"https:\/\/www.europesays.com\/cz\/wp-json\/wp\/v2\/posts\/160782\/revisions"}],"wp:featuredmedia":[{"embeddable":true,"href":"https:\/\/www.europesays.com\/cz\/wp-json\/wp\/v2\/media\/160783"}],"wp:attachment":[{"href":"https:\/\/www.europesays.com\/cz\/wp-json\/wp\/v2\/media?parent=160782"}],"wp:term":[{"taxonomy":"category","embeddable":true,"href":"https:\/\/www.europesays.com\/cz\/wp-json\/wp\/v2\/categories?post=160782"},{"taxonomy":"post_tag","embeddable":true,"href":"https:\/\/www.europesays.com\/cz\/wp-json\/wp\/v2\/tags?post=160782"}],"curies":[{"name":"wp","href":"https:\/\/api.w.org\/{rel}","templated":true}]}}