{"id":160916,"date":"2026-07-28T12:17:10","date_gmt":"2026-07-28T12:17:10","guid":{"rendered":"https:\/\/www.europesays.com\/cz\/160916\/"},"modified":"2026-07-28T12:17:10","modified_gmt":"2026-07-28T12:17:10","slug":"noskova-mame-privilegovany-tak-trochu-pozlaceny-zivot-vazme-si-toho","status":"publish","type":"post","link":"https:\/\/www.europesays.com\/cz\/160916\/","title":{"rendered":"Noskov\u00e1: M\u00e1me privilegovan\u00fd, tak trochu pozlacen\u00fd \u017eivot. Va\u017eme si toho"},"content":{"rendered":"<p>Je\u0161t\u011b to nejsou ani t\u0159i t\u00fddny od t\u00e9 doby, co Linda Noskov\u00e1 oz\u00e1\u0159ila sportovn\u00ed sv\u011bt a vyhr\u00e1la slavn\u00fd Wimbledon. A\u010dkoliv od t\u00e9 doby u\u017e rozdala mnoho rozhovor\u016f, st\u00e1le se p\u0159i setk\u00e1n\u00ed s novin\u00e1\u0159i usm\u00edv\u00e1 a nejinak tomu bylo, kdy\u017e promluvila pro podcast Livesport Daily. Otev\u0159en\u011b se rozpov\u00eddala nap\u0159\u00edklad o sv\u00fdch z\u00e1jmech mimo kurty, nebo o tom, jak si udr\u017euje du\u0161evn\u00ed pohodu. &#8222;Nevyu\u017e\u00edv\u00e1m \u017e\u00e1dn\u00e9ho ment\u00e1ln\u00edho kou\u010de, mysl\u00edm si, \u017ee nejjednodu\u0161\u0161\u00ed, co m\u016f\u017ee b\u00fdt, je spol\u00e9hat se s\u00e1m na sebe,&#8220; sd\u011blila.<\/p>\n<p>\tO d\u011bn\u00ed posledn\u00edch t\u00fddn\u016f<\/p>\n<p>&#8222;Je to zaj\u00edmav\u00e9 obdob\u00ed. T\u011bch z\u00e1\u017eitk\u016f za posledn\u00ed t\u0159i t\u00fddny bylo tolik, \u017ee to \u010dlov\u011bk ani nezpracuje a nejde si to \u00fapln\u011b uv\u011bdomit. Ale jsem zdrav\u00e1, jsem v dobr\u00e9 \u017eivotn\u00ed pozici, m\u00e1m kolem sebe rodinu a skv\u011bl\u00fd t\u00fdm, tak\u017ee se m\u00e1m dob\u0159e. Hodn\u011b jsem se o sob\u011b od triumfu na Wimbledonu nau\u010dila, hlavn\u011b to, \u017ee dob\u0159e zvl\u00e1d\u00e1m nov\u00e9 situace, ve kter\u00fdch jsem nikdy nebyla.&#8220;<\/p>\n<p>O psychick\u00e9m stavu b\u011bhem sezony<\/p>\n<p>&#8222;B\u011bhem roku m\u00e1m hodn\u011b dn\u00ed, kdy bych \u0159ekla, \u017ee se nem\u00e1m dob\u0159e. Oproti ostatn\u00edm &#8222;oby\u010dejn\u00fdm&#8220; lidem jsou to samoz\u0159ejm\u011b hez\u010d\u00ed a men\u0161\u00ed starosti\u00a0\u2013 jako t\u0159eba \u017ee se mi nepovedl tr\u00e9nink, \u017ee jsem prohr\u00e1la z\u00e1pas. Nicm\u00e9n\u011b pro m\u011b osobn\u011b je tenis m\u016fj \u017eivot, je to st\u0159edobod m\u00e9ho sv\u011bta, tak\u017ee u\u017e jen to, \u017ee se mi nepovede jeden blb\u00fd tr\u00e9nink, m\u011b dok\u00e1\u017ee hodn\u011b na\u0161tvat a jsem pak na okol\u00ed protivn\u00e1.&#8220;<\/p>\n<p>Rozhovor s Lindou Noskovou<\/p>\n<p>O rozhovorech a zv\u00fd\u0161en\u00e9m z\u00e1jmu<\/p>\n<p>&#8222;Stoprocentn\u011b je to tak, \u017ee v t\u00e9 posledn\u00ed dob\u011b u\u017e je to mluven\u00ed o tenise v\u00edc unavuj\u00edc\u00ed ne\u017e samotn\u00fd tenis, obzvl\u00e1\u0161\u0165 pro m\u011b, kter\u00e1 nen\u00ed \u00fapln\u011b zamilovan\u00e1 do tohohle medi\u00e1ln\u00edho a extrovertn\u00edho sv\u011bta. Ale mus\u00edm \u0159\u00edct, \u017ee jsem se p\u0159ekvapila, jak dob\u0159e to zvl\u00e1d\u00e1m. Nejv\u011bt\u0161\u00ed z\u00e1\u017eitky z t\u011bch v\u0161ech ceremoni\u00e1l\u016f m\u00e1m asi z n\u00e1v\u0161t\u011bvy pana prezidenta Pavla a pak hlavn\u011b z p\u0159iv\u00edt\u00e1n\u00ed doma v P\u0159erov\u011b, tam to bylo n\u00e1dhern\u00e9 a pro m\u011b osobn\u011b dost siln\u00e9.&#8220;<\/p>\n<p>O mimotenisov\u00fdch pl\u00e1nech<\/p>\n<p>&#8222;J\u00e1 jsem si v\u017edycky \u0159\u00edkala, \u017ee tenis je pro m\u011b cesta k tomu, jak proniknout do n\u011b\u010deho jin\u00e9ho a nov\u00e9ho. Velmi m\u011b zaj\u00edm\u00e1 ochrana zv\u00ed\u0159at a ochrana p\u0159\u00edrody, tak\u017ee v\u011b\u0159\u00edm, \u017ee v\u00edt\u011bzstv\u00ed na Wimbledonu mi v t\u011bchto ambic\u00edch zase hodn\u011b pom\u016f\u017ee. Finan\u010dn\u011b podporuji chud\u00e9 d\u011bti v Tanz\u00e1nii, kde jsem byla minul\u00fd rok na n\u011bkolik dn\u00ed. Odvezla jsem si z t\u00e9 cesty to, \u017ee my tady m\u00e1me stra\u0161n\u011b privilegovan\u00fd a tak trochu pozlacen\u00fd \u017eivot. Druh\u00e1 strana zem\u011bkoule je \u00fapln\u011b jin\u00e1, tak\u017ee si mus\u00edme v\u00e1\u017eit v\u0161eho, co m\u00e1me.&#8220;<\/p>\n<p><img decoding=\"async\" src=\"https:\/\/www.europesays.com\/cz\/wp-content\/uploads\/2026\/07\/43d140ed-6329-43ca-85ed-2c28be7c2900.webp\" alt=\"Noskov\u00e1 je wimbledonskou \u0161ampionkou.\"\/>Noskov\u00e1 je wimbledonskou \u0161ampionkou. (@ REUTERS\/Toby Melville)<\/p>\n<p>O podpo\u0159e Mark\u00e9ty Vondrou\u0161ov\u00e9<\/p>\n<p>&#8222;Zastala jsem se j\u00ed soukrom\u011b, psala jsem j\u00ed hned, jak v\u0161echno to kolem n\u00ed vy\u0161lo, proto\u017ee mi to p\u0159i\u0161lo spr\u00e1vn\u00e9. Psala jsem j\u00ed, co si o tom sama mysl\u00edm. Kdybych ud\u011blala n\u011bjak\u00e9 ve\u0159ejn\u00e9 gesto, tak by toho stejn\u011b asi moc nezm\u011bnilo. V\u011b\u0159\u00edm, \u017ee pro fanou\u0161ky by to bylo kr\u00e1sn\u00e9, kdybych ji podpo\u0159ila t\u0159eba na Wimbledonu nebo na soci\u00e1ln\u00edch s\u00edt\u00edch, ale pro m\u011b bylo a je mnohem d\u016fle\u017eit\u011bj\u0161\u00ed, kdy\u017e m\u00e1m n\u011bco takov\u00e9ho srdci, abych to tomu \u010dlov\u011bku \u0159ekla osobn\u011b.&#8220;<\/p>\n<p>O nad\u00e1vk\u00e1ch a v\u00fdhru\u017ek\u00e1ch od s\u00e1zka\u0159\u016f<\/p>\n<p>&#8222;Po prohran\u00fdch z\u00e1pasech je to na soci\u00e1ln\u00edch s\u00edt\u00edch u\u017e naprosto automatick\u00e9. Bohu\u017eel je v tomhle ohledu sou\u010dasn\u00e1 doba dost t\u011b\u017ek\u00e1, naopak pro ty s\u00e1zka\u0159e je to nesm\u00edrn\u011b jednoduch\u00e9 vz\u00edt mobil, zalo\u017eit si anonymn\u00ed \u00fa\u010det a napsat n\u00e1m. Se mnou to na\u0161t\u011bst\u00ed nic ned\u011bl\u00e1, proto\u017ee j\u00e1 v\u00edm, \u017ee tihle stejn\u00ed lid\u00e9, kdyby m\u011b potkali na ulici, tak mi to do obli\u010deje nikdy ani n\u00e1hodou ne\u0159eknou. Podobn\u00e9 zpr\u00e1vy mi chod\u00ed od t\u0159in\u00e1cti let, bohu\u017eel organizace typu WTA jsou na to kr\u00e1tk\u00e9. V\u00edm, \u017ee se s t\u00edm sna\u017e\u00ed bojovat, ale tohle nejde zastavit. Dneska je to opravdu sou\u010d\u00e1st tenisu.&#8220;<\/p>\n<p>O ment\u00e1ln\u00ed p\u0159\u00edprav\u011b a p\u0159em\u00fd\u0161len\u00ed nad kari\u00e9rou<\/p>\n<p>&#8222;Nevyu\u017e\u00edv\u00e1m \u017e\u00e1dn\u00e9ho ment\u00e1ln\u00edho kou\u010de, mysl\u00edm si, \u017ee nejjednodu\u0161\u0161\u00ed, co m\u016f\u017ee b\u00fdt, je spol\u00e9hat se s\u00e1m na sebe. Kdy\u017e se \u010dlov\u011bk soust\u0159ed\u00ed s\u00e1m na sebe, v\u011b\u0159\u00ed jenom s\u00e1m sob\u011b a ne jak\u00e9koliv pomoci z vn\u011bj\u0161\u00edho sv\u011bta, tak je to nejjednodu\u0161\u0161\u00ed. Pro m\u011b je kl\u00ed\u010dov\u00e9 z\u016fstat norm\u00e1ln\u00ed, tenisov\u00e1 kari\u00e9ra je kr\u00e1sn\u00e1, ale po jej\u00edm konci se ta bublina rozpadne. J\u00e1 bych cht\u011bla tenis hr\u00e1t maxim\u00e1ln\u011b do t\u0159iceti let a pak v\u011b\u0159\u00edm, \u017ee pro m\u011b d\u00edky t\u00e9 norm\u00e1lnosti nebude ten p\u0159echod do norm\u00e1ln\u00edho \u017eivota slo\u017eit\u00fd.&#8220;<\/p>\n<p>\u010cl\u00e1nek byl p\u016fvodn\u011b publikov\u00e1n pro <a href=\"https:\/\/www.livesport.cz\/zpravy\" rel=\"nofollow noopener\" target=\"_blank\">Livesport Zpr\u00e1vy<\/a>.<\/p>\n","protected":false},"excerpt":{"rendered":"Je\u0161t\u011b to nejsou ani t\u0159i t\u00fddny od t\u00e9 doby, co Linda Noskov\u00e1 oz\u00e1\u0159ila sportovn\u00ed sv\u011bt a vyhr\u00e1la slavn\u00fd&hellip;\n","protected":false},"author":2,"featured_media":160917,"comment_status":"","ping_status":"","sticky":false,"template":"","format":"standard","meta":{"footnotes":"","_share_on_mastodon":"0"},"categories":[15],"tags":[40281,94,93,40282],"class_list":["post-160916","post","type-post","status-publish","format-standard","has-post-thumbnail","category-sport","tag-noskova-mame-privilegovany","tag-sport","tag-sports","tag-tak-trochu-pozlaceny-zivot-vazme-si-toho"],"share_on_mastodon":{"url":"https:\/\/pubeurope.com\/@cz\/116997563666869215","error":""},"_links":{"self":[{"href":"https:\/\/www.europesays.com\/cz\/wp-json\/wp\/v2\/posts\/160916","targetHints":{"allow":["GET"]}}],"collection":[{"href":"https:\/\/www.europesays.com\/cz\/wp-json\/wp\/v2\/posts"}],"about":[{"href":"https:\/\/www.europesays.com\/cz\/wp-json\/wp\/v2\/types\/post"}],"author":[{"embeddable":true,"href":"https:\/\/www.europesays.com\/cz\/wp-json\/wp\/v2\/users\/2"}],"replies":[{"embeddable":true,"href":"https:\/\/www.europesays.com\/cz\/wp-json\/wp\/v2\/comments?post=160916"}],"version-history":[{"count":0,"href":"https:\/\/www.europesays.com\/cz\/wp-json\/wp\/v2\/posts\/160916\/revisions"}],"wp:featuredmedia":[{"embeddable":true,"href":"https:\/\/www.europesays.com\/cz\/wp-json\/wp\/v2\/media\/160917"}],"wp:attachment":[{"href":"https:\/\/www.europesays.com\/cz\/wp-json\/wp\/v2\/media?parent=160916"}],"wp:term":[{"taxonomy":"category","embeddable":true,"href":"https:\/\/www.europesays.com\/cz\/wp-json\/wp\/v2\/categories?post=160916"},{"taxonomy":"post_tag","embeddable":true,"href":"https:\/\/www.europesays.com\/cz\/wp-json\/wp\/v2\/tags?post=160916"}],"curies":[{"name":"wp","href":"https:\/\/api.w.org\/{rel}","templated":true}]}}