{"id":161121,"date":"2026-07-28T15:07:13","date_gmt":"2026-07-28T15:07:13","guid":{"rendered":"https:\/\/www.europesays.com\/cz\/161121\/"},"modified":"2026-07-28T15:07:13","modified_gmt":"2026-07-28T15:07:13","slug":"nove-detaily-o-smrti-dahlmeierove-varovali-jsme-ji-vzpomina-horolezkyne","status":"publish","type":"post","link":"https:\/\/www.europesays.com\/cz\/161121\/","title":{"rendered":"Nov\u00e9 detaily o\u00a0smrti Dahlmeierov\u00e9. Varovali jsme ji, vzpom\u00edn\u00e1 horolezkyn\u011b"},"content":{"rendered":"<p class=\"b_bF\">Jedno z\u00a0nejzaj\u00edmav\u011bj\u0161\u00edch sv\u011bdectv\u00ed podala v\u00a0n\u011bmeck\u00e9m dokumentu \u00b4Laura Dahlmeierov\u00e1\u2026 o\u00a0krok p\u0159\u00edli\u0161 daleko\u00b4 \u0161pan\u011blsk\u00e1 horolezkyn\u011b Mar\u00ede Mart\u00ednov\u00e1. Ta se s\u00a0b\u00fdvalou soupe\u0159kou Gabriely Soukalov\u00e9 setkala p\u00e1r dn\u00ed p\u0159ed ne\u0161t\u011bst\u00edm v\u00a0z\u00e1kladn\u00edm t\u00e1bo\u0159e.<\/p>\n<p class=\"b_bF\">\u201ePo\u010das\u00ed bylo nesm\u00edrn\u011b prom\u011bnliv\u00e9. Slunce jsme m\u011bli mo\u017en\u00e1 dv\u011b hodiny denn\u011b, jinak neust\u00e1le pr\u0161elo. Na z\u00e1kladn\u00ed t\u00e1bor se opakovan\u011b valily laviny, padaly kameny i\u00a0led,\u201c citoval Mart\u00ednovou <a data-dot=\"atm-link\" target=\"_blank\" rel=\"noopener nofollow\" href=\"https:\/\/www.bild.de\/sport\/mehr-sport\/neue-details-zu-laura-dahlmeiers-tod-zu-gefaehrlich-ich-versuchte-sie-zu-warnen-6a65e567accfea710be810c9\" class=\"b_V\">den\u00edk Bild<\/a>.<\/p>\n<p><a data-dot=\"atm-link\" target=\"_self\" href=\"https:\/\/www.sport.cz\/clanek\/zimni-sporty-so-rano-otec-dahlmeierove-si-ceni-podpory-fanousku-chtela-by-mit-svuj-klid-v-horach-prohlasil-5358854\" class=\"b_V g_ia\" rel=\"nofollow noopener\"><img fetchpriority=\"high\" height=\"996\" width=\"1328\" src=\"https:\/\/www.europesays.com\/cz\/wp-content\/uploads\/2026\/07\/sport-biatlon-dahlmeierova.jpeg\" loading=\"eager\" decoding=\"sync\" class=\"b_B b_z\"\/><\/a><\/p>\n<p class=\"b_bF\">\u0160pan\u011blsk\u00e1 horolezkyn\u011b se sna\u017eila Dahlmeierovou a\u00a0jej\u00ed par\u0165a\u010dku Marinu varovat. \u201eL\u00e1manou angli\u010dtinou jsem jim vysv\u011btlovala: Je to nebezpe\u010dn\u00e9, je to nemo\u017en\u00e9,\u201c vzpom\u00ednala.<\/p>\n<p class=\"b_bF\">Dokonce ob\u011bma \u017een\u00e1m ukazovala fotografie hroziv\u00fdch lavin. \u201eBylo to 24.\u00a0\u010dervence a\u00a0ty nejv\u011bt\u0161\u00ed laviny se skute\u010dn\u011b uvolnily a\u017e pot\u00e9, co Laura z\u00e1kladn\u00ed t\u00e1bor opustila,\u201c dodala.<\/p>\n<p class=\"b_bF\">B\u00fdvalou n\u011bmeckou biatlonistku zas\u00e1hl v\u00a0p\u00e1kist\u00e1nsk\u00e9m poho\u0159\u00ed Kar\u00e1k\u00f3ram ve v\u00fd\u0161ce asi 5700\u00a0metr\u016f sesuv kamen\u00ed. Ve\u0161ker\u00e9 snahy o\u00a0jej\u00ed z\u00e1chranu byly marn\u00e9. Nepoda\u0159ilo se ani sn\u00e9st jej\u00ed t\u011blo, co\u017e nakonec nevadilo v\u00a0kontextu s\u00a0p\u0159\u00e1n\u00edm Dahlmeierov\u00e9 pro\u00a0p\u0159\u00edpad podobn\u00e9 ud\u00e1losti.<\/p>\n<p class=\"b_bF\">Na z\u00e1chrann\u00e9 akci se pod\u00edlel tak\u00e9 horolezec Alan Rousseau, kter\u00fd popsal okam\u017eik, kdy b\u00fdvalou olympijskou v\u00edt\u011bzku na\u0161li: \u201eNejd\u0159\u00edve jsme uvid\u011bli jen stan a\u00a0potom jsme spat\u0159ili Lau\u0159ino bezvl\u00e1dn\u00e9 t\u011blo.\u201c St\u00e1le podle n\u011bj byla p\u0159ipoutan\u00e1 na lan\u011b.<\/p>\n<p class=\"b_bF\">S ostatn\u00edmi z\u00e1chran\u00e1\u0159i se rozhodli, \u017ee se o\u00a0vypro\u0161t\u011bn\u00ed jej\u00edho t\u011bla nepokus\u00ed. \u201eProbrali jsme v\u0161echny mo\u017enosti, jak se na m\u00edsto dostat. V\u0161em n\u00e1m bylo jasn\u00e9, \u017ee kdokoli by tam vstoupil, riskoval by vlastn\u00ed \u017eivot,\u201c doplnil.<\/p>\n<p><a data-dot=\"atm-link\" target=\"_self\" href=\"https:\/\/www.sport.cz\/clanek\/zimni-sporty-biatlon-telo-dahlmeierove-se-nedari-najit-uz-neni-nadeje-promluvil-otec-o-posledni-sanci-na-vyprosteni-5316593\" class=\"b_V g_ia\" rel=\"nofollow noopener\"><img fetchpriority=\"high\" height=\"996\" width=\"1328\" src=\"https:\/\/www.europesays.com\/cz\/wp-content\/uploads\/2026\/07\/sport-biatlon-dahlmeierova.jpeg\" loading=\"eager\" decoding=\"sync\" class=\"b_B b_z\"\/><\/a><\/p>\n","protected":false},"excerpt":{"rendered":"Jedno z\u00a0nejzaj\u00edmav\u011bj\u0161\u00edch sv\u011bdectv\u00ed podala v\u00a0n\u011bmeck\u00e9m dokumentu \u00b4Laura Dahlmeierov\u00e1\u2026 o\u00a0krok p\u0159\u00edli\u0161 daleko\u00b4 \u0161pan\u011blsk\u00e1 horolezkyn\u011b Mar\u00ede Mart\u00ednov\u00e1. Ta se s\u00a0b\u00fdvalou&hellip;\n","protected":false},"author":2,"featured_media":161122,"comment_status":"","ping_status":"","sticky":false,"template":"","format":"standard","meta":{"footnotes":"","_share_on_mastodon":"0"},"categories":[10],"tags":[1109,17,21,40314,375,16,3367,18,19,22,20],"class_list":["post-161121","post","type-post","status-publish","format-standard","has-post-thumbnail","category-zpravy","tag-biatlon","tag-headlines","tag-hlavni-udalosti","tag-laura-dahlmeierova","tag-nemecko","tag-news","tag-pakistan","tag-top-news","tag-top-stories","tag-udalosti-dne","tag-zpravy"],"share_on_mastodon":{"url":"https:\/\/pubeurope.com\/@cz\/116998232573205102","error":""},"_links":{"self":[{"href":"https:\/\/www.europesays.com\/cz\/wp-json\/wp\/v2\/posts\/161121","targetHints":{"allow":["GET"]}}],"collection":[{"href":"https:\/\/www.europesays.com\/cz\/wp-json\/wp\/v2\/posts"}],"about":[{"href":"https:\/\/www.europesays.com\/cz\/wp-json\/wp\/v2\/types\/post"}],"author":[{"embeddable":true,"href":"https:\/\/www.europesays.com\/cz\/wp-json\/wp\/v2\/users\/2"}],"replies":[{"embeddable":true,"href":"https:\/\/www.europesays.com\/cz\/wp-json\/wp\/v2\/comments?post=161121"}],"version-history":[{"count":0,"href":"https:\/\/www.europesays.com\/cz\/wp-json\/wp\/v2\/posts\/161121\/revisions"}],"wp:featuredmedia":[{"embeddable":true,"href":"https:\/\/www.europesays.com\/cz\/wp-json\/wp\/v2\/media\/161122"}],"wp:attachment":[{"href":"https:\/\/www.europesays.com\/cz\/wp-json\/wp\/v2\/media?parent=161121"}],"wp:term":[{"taxonomy":"category","embeddable":true,"href":"https:\/\/www.europesays.com\/cz\/wp-json\/wp\/v2\/categories?post=161121"},{"taxonomy":"post_tag","embeddable":true,"href":"https:\/\/www.europesays.com\/cz\/wp-json\/wp\/v2\/tags?post=161121"}],"curies":[{"name":"wp","href":"https:\/\/api.w.org\/{rel}","templated":true}]}}