{"id":162170,"date":"2026-07-29T15:31:07","date_gmt":"2026-07-29T15:31:07","guid":{"rendered":"https:\/\/www.europesays.com\/cz\/162170\/"},"modified":"2026-07-29T15:31:07","modified_gmt":"2026-07-29T15:31:07","slug":"nevratil-by-ses-na-rok-kane-premlouva-kamarada-toewse-chicago-je-v-napeti-idnes-cz","status":"publish","type":"post","link":"https:\/\/www.europesays.com\/cz\/162170\/","title":{"rendered":"Nevr\u00e1til by ses na rok? Kane p\u0159emlouv\u00e1 kamar\u00e1da Toewse, Chicago je v nap\u011bt\u00ed &#8211; iDNES.cz"},"content":{"rendered":"<p><a href=\"https:\/\/news.google.com\/rss\/articles\/CBMiigFBVV95cUxNRlF5azAyUHhTbnJiSEc4TGtPSWJHY0RNNkJfakd5TnQtVm5uQjIxWlo1VVNjLVA4NmFxMURzQlVBb3BYV3dLVXIybHY0aS16Q1pCNG1aY1ZObGlRaF9QczFCdVdxdzVBMERZVTZQRDA3M2xaQXNPSkJ3RC1vZjh2VkE1QXlmX1FWYmc?oc=5\" target=\"_blank\" rel=\"nofollow noopener\">Nevr\u00e1til by ses na rok? Kane p\u0159emlouv\u00e1 kamar\u00e1da Toewse, Chicago je v nap\u011bt\u00ed<\/a>&nbsp;&nbsp;iDNES.cz<a href=\"https:\/\/news.google.com\/rss\/articles\/CBMitAFBVV95cUxQSGdMbVF4cHNvT0xEcXNha2hYQks3MEc0cmhZTTBqMFg0bUNhbkxsQXF6NkxXcmthdzdjNWtTWGVYbFE3OEEyeG9jOEJWNVBfcmF3TlhVUkp6WVlkdHpVNlBaMnMzaDdLOE1ESTdqTG5YNlZfc3JjSkhQRVYxWTlvVHJHZ282LTVpdUVBanB4aTM4cVRqMmJUSzVJWXZUZ19KNjFOZjNzZ091TktKZEJDdC1IYTg?oc=5\" target=\"_blank\" rel=\"nofollow noopener\">Toews zp\u00e1tky v Chicagu? L\u00e1k\u00e1 ho osudov\u00fd par\u0165\u00e1k Kane, ve h\u0159e je v\u00edc ne\u017e na\u010dan\u010dan\u00e1 rozlu\u010dka<\/a>&nbsp;&nbsp;NHL.CZ<a href=\"https:\/\/news.google.com\/rss\/articles\/CBMiwwFBVV95cUxNaTVNaWFMM21LOWhHMlp5VHFJTVZYRTlqTmlEVTdOQjhwUXo5QWFpYmpwMGxlbndyUEMxTzZTYjRWeGlGTF91NEh5YnU2VjdiNGRpd3c5T1hxeWJ5a1hYWlk4TWpod2tSMFNOU0xVU3AyUV9TR2I1TWNKMzcwOC1PT2FnblBYeVdSQ2IzZ3hpSlBLenVENTJtYmxfUE53WHQtRHlWb1lIWnJkdlhKS1lRcmhYZHFETDZuQ1h0TW1xb3dhNU0?oc=5\" target=\"_blank\" rel=\"nofollow noopener\">NHL | Chicago chce uct\u00edt sv\u00e9ho dlouholet\u00e9ho kapit\u00e1na. M\u011bl by dostat jednodenn\u00ed smlouvu<\/a>&nbsp;&nbsp;sport.cz<a href=\"https:\/\/news.google.com\/rss\/articles\/CBMirwFBVV95cUxPNXVVcHZDell6MElEaVVsRVlGbG41bVhOUGhpb3hjdXZRVl9qUG02RnZudmlQdnJjUGJfN2NGSkJIZHFBUTVDZXAtUDQ0eDJwekxrY1duQlhUaW9xaHBFMWNqNkl2S3pNQ1J5Tmctckl3Y1FPWXVSb1UzbFRBcktIakVoV3ByYmNHclhSRkl3V2dnZktRR2ZtekdvOF8xVWIzNTBNNzk3U2EwV2VhdElz?oc=5\" target=\"_blank\" rel=\"nofollow noopener\">Odchod do d\u016fchodu v dresu Blackhawks? Legend\u011b pl\u00e1nuj\u00ed nab\u00eddnout jednodenn\u00ed smlouvu<\/a>&nbsp;&nbsp;Hokej.cz<a href=\"https:\/\/news.google.com\/rss\/articles\/CBMiyAFBVV95cUxOd002OFkzSkN6ZWFtcFQxNERybmQxS3h6d2dMeFdVT1pxVFlibTEzTnhrVFhCRnBMVmtrTDRCZlVBVWpFQmVoekV1VENHRGk1ZlNtRVBFLXFHLVhmY3JtNXBIZGF3STRLLXVPYjNuMFMxRF81WUVQcHFSRG43dWJONk14REl3S2lqR0xmUVU3TUZMdmY4STQ0cFdJRnd2bnQtbkk1azZ3NzJjWHllazQ0U2FCX2R3dVh6R25UcG9EZ1FWY3lfX0VTMw?oc=5\" target=\"_blank\" rel=\"nofollow noopener\">Rozlou\u010d\u00ed se s kari\u00e9rou v dresu Chicaga? Blackhawks pro Toewse pl\u00e1nuj\u00ed jednodenn\u00ed smlouvu<\/a>&nbsp;&nbsp;Livesport<\/p>\n","protected":false},"excerpt":{"rendered":"Nevr\u00e1til by ses na rok? Kane p\u0159emlouv\u00e1 kamar\u00e1da Toewse, Chicago je v nap\u011bt\u00ed&nbsp;&nbsp;iDNES.czToews zp\u00e1tky v Chicagu? L\u00e1k\u00e1 ho&hellip;\n","protected":false},"author":2,"featured_media":162171,"comment_status":"","ping_status":"","sticky":false,"template":"","format":"standard","meta":{"footnotes":"","_share_on_mastodon":"0"},"categories":[15],"tags":[6403,40525,40526,94,93,40524],"class_list":["post-162170","post","type-post","status-publish","format-standard","has-post-thumbnail","category-sport","tag-chicago-blackhawks","tag-jonathan-toews","tag-kyle-davidson","tag-sport","tag-sports","tag-winnipeg-jets"],"share_on_mastodon":{"url":"https:\/\/pubeurope.com\/@cz\/117003989001363163","error":""},"_links":{"self":[{"href":"https:\/\/www.europesays.com\/cz\/wp-json\/wp\/v2\/posts\/162170","targetHints":{"allow":["GET"]}}],"collection":[{"href":"https:\/\/www.europesays.com\/cz\/wp-json\/wp\/v2\/posts"}],"about":[{"href":"https:\/\/www.europesays.com\/cz\/wp-json\/wp\/v2\/types\/post"}],"author":[{"embeddable":true,"href":"https:\/\/www.europesays.com\/cz\/wp-json\/wp\/v2\/users\/2"}],"replies":[{"embeddable":true,"href":"https:\/\/www.europesays.com\/cz\/wp-json\/wp\/v2\/comments?post=162170"}],"version-history":[{"count":0,"href":"https:\/\/www.europesays.com\/cz\/wp-json\/wp\/v2\/posts\/162170\/revisions"}],"wp:featuredmedia":[{"embeddable":true,"href":"https:\/\/www.europesays.com\/cz\/wp-json\/wp\/v2\/media\/162171"}],"wp:attachment":[{"href":"https:\/\/www.europesays.com\/cz\/wp-json\/wp\/v2\/media?parent=162170"}],"wp:term":[{"taxonomy":"category","embeddable":true,"href":"https:\/\/www.europesays.com\/cz\/wp-json\/wp\/v2\/categories?post=162170"},{"taxonomy":"post_tag","embeddable":true,"href":"https:\/\/www.europesays.com\/cz\/wp-json\/wp\/v2\/tags?post=162170"}],"curies":[{"name":"wp","href":"https:\/\/api.w.org\/{rel}","templated":true}]}}