{"id":162395,"date":"2026-07-29T20:14:08","date_gmt":"2026-07-29T20:14:08","guid":{"rendered":"https:\/\/www.europesays.com\/cz\/162395\/"},"modified":"2026-07-29T20:14:08","modified_gmt":"2026-07-29T20:14:08","slug":"lide-v-kyjeve-se-presouvaji-do-krytu-zelenskyj-varuje-pred-masivnim-ruskym-utokem","status":"publish","type":"post","link":"https:\/\/www.europesays.com\/cz\/162395\/","title":{"rendered":"Lid\u00e9 v\u00a0Kyjev\u011b se p\u0159esouvaj\u00ed do kryt\u016f. Zelenskyj varuje p\u0159ed masivn\u00edm rusk\u00fdm \u00fatokem"},"content":{"rendered":"<p class=\"c_bB\">\u201eRusov\u00e9 p\u0159ed n\u011bkolika dny p\u0159ipravili masivn\u00ed \u00fatok a\u00a0existuje vysok\u00e1 pravd\u011bpodobnost, \u017ee k\u00a0n\u011bmu dojde dnes v\u00a0noci. Obdr\u017eel jsem o\u00a0tom zpr\u00e1vu od velitele letectva Anatolije Kryvono\u017eka,\u201c uvedl ve st\u0159edu ve\u010der Zelenskyj na s\u00edti <a data-dot=\"atm-link\" target=\"_blank\" rel=\"noopener nofollow\" href=\"https:\/\/x.com\/ZelenskyyUa\/status\/2082543570481987762\" class=\"c_N\">X<\/a>.<\/p>\n<p class=\"c_bB\">Lid\u00e9 v\u00a0Kyjev\u011b se ji\u017e za\u010dali p\u0159esunovat do podzemn\u00edch kryt\u016f a\u00a0metra, jak upozornil telegramov\u00fd kan\u00e1l <a data-dot=\"atm-link\" target=\"_blank\" rel=\"noopener nofollow\" href=\"https:\/\/web.telegram.org\/k\/#@k_dvizh\" class=\"c_N\">Kyjevskij Dvi\u017e<\/a>. \u201eObyvatel\u00e9 Kyjeva se u\u017e p\u0159ipravuj\u00ed na noc v\u00a0metru,\u201c komentoval zve\u0159ejn\u011bn\u00e9 video.<\/p>\n<p class=\"c_bB\">Zelenskyj znovu apeloval na zahrani\u010dn\u00ed partnery, aby\u00a0pomohli Ukrajin\u011b dod\u00e1vkami protivzdu\u0161n\u00fdch st\u0159el. \u201eOchrana lidsk\u00fdch \u017eivot\u016f p\u0159\u00edmo z\u00e1vis\u00ed na jejich p\u0159ipravenosti \u010di naopak nep\u0159ipravenosti (partner\u016f) pomoci n\u00e1m s\u00a0protileteck\u00fdmi raketami,\u201c vysv\u011btlil.<\/p>\n<p class=\"c_bB\">V\u00fdzva ukrajinsk\u00e9ho prezidenta m\u00ed\u0159ila p\u0159edev\u0161\u00edm na Spojen\u00e9 st\u00e1ty a\u00a0dal\u0161\u00ed ukrajinsk\u00e9 spojence, kte\u0159\u00ed disponuj\u00ed raketami Patriot a\u00a0mohou je poskytnout Kyjevu.<\/p>\n<p class=\"c_bB\">\u201eKa\u017ed\u00fd partner v\u00ed, co je zapot\u0159eb\u00ed, a\u00a0pln\u011b si uv\u011bdomuje d\u016fsledky ne\u010dinnosti. Pros\u00edm, ve v\u0161ech regionech Ukrajiny dnes v\u011bnujte pozornost v\u00fdstrah\u00e1m p\u0159ed leteck\u00fdmi \u00fatoky a\u00a0bu\u010fte v\u00a0bezpe\u010d\u00ed,\u201c uzav\u0159el Zelenskyj.<\/p>\n<p><a data-dot=\"atm-link\" target=\"_self\" href=\"https:\/\/www.novinky.cz\/clanek\/zahranicni-amerika-trumpovi-vyjednavaci-witkoff-a-kushner-pojedou-poprve-do-kyjeva-40590384\" class=\"c_N\" rel=\"nofollow noopener\"><img fetchpriority=\"high\" height=\"1012\" width=\"1800\" src=\"https:\/\/www.europesays.com\/cz\/wp-content\/uploads\/2026\/07\/1785356048_920_jared-kushner-steve-witkoff.jpeg\" loading=\"eager\" decoding=\"sync\" class=\"c_t c_r\"\/><\/a><\/p>\n","protected":false},"excerpt":{"rendered":"\u201eRusov\u00e9 p\u0159ed n\u011bkolika dny p\u0159ipravili masivn\u00ed \u00fatok a\u00a0existuje vysok\u00e1 pravd\u011bpodobnost, \u017ee k\u00a0n\u011bmu dojde dnes v\u00a0noci. Obdr\u017eel jsem o\u00a0tom&hellip;\n","protected":false},"author":2,"featured_media":162396,"comment_status":"","ping_status":"","sticky":false,"template":"","format":"standard","meta":{"footnotes":"","_share_on_mastodon":"0"},"categories":[11],"tags":[1438,10181,61,54,110,56,57,53,52],"class_list":["post-162395","post","type-post","status-publish","format-standard","has-post-thumbnail","category-svet","tag-kyjev","tag-nalety","tag-rusko","tag-svet","tag-ukrajina","tag-valka-rusko-ukrajina","tag-volodymyr-zelenskyj","tag-world","tag-world-news"],"share_on_mastodon":{"url":"https:\/\/pubeurope.com\/@cz\/117005101672029220","error":""},"_links":{"self":[{"href":"https:\/\/www.europesays.com\/cz\/wp-json\/wp\/v2\/posts\/162395","targetHints":{"allow":["GET"]}}],"collection":[{"href":"https:\/\/www.europesays.com\/cz\/wp-json\/wp\/v2\/posts"}],"about":[{"href":"https:\/\/www.europesays.com\/cz\/wp-json\/wp\/v2\/types\/post"}],"author":[{"embeddable":true,"href":"https:\/\/www.europesays.com\/cz\/wp-json\/wp\/v2\/users\/2"}],"replies":[{"embeddable":true,"href":"https:\/\/www.europesays.com\/cz\/wp-json\/wp\/v2\/comments?post=162395"}],"version-history":[{"count":0,"href":"https:\/\/www.europesays.com\/cz\/wp-json\/wp\/v2\/posts\/162395\/revisions"}],"wp:featuredmedia":[{"embeddable":true,"href":"https:\/\/www.europesays.com\/cz\/wp-json\/wp\/v2\/media\/162396"}],"wp:attachment":[{"href":"https:\/\/www.europesays.com\/cz\/wp-json\/wp\/v2\/media?parent=162395"}],"wp:term":[{"taxonomy":"category","embeddable":true,"href":"https:\/\/www.europesays.com\/cz\/wp-json\/wp\/v2\/categories?post=162395"},{"taxonomy":"post_tag","embeddable":true,"href":"https:\/\/www.europesays.com\/cz\/wp-json\/wp\/v2\/tags?post=162395"}],"curies":[{"name":"wp","href":"https:\/\/api.w.org\/{rel}","templated":true}]}}