{"id":162615,"date":"2026-07-30T05:10:11","date_gmt":"2026-07-30T05:10:11","guid":{"rendered":"https:\/\/www.europesays.com\/cz\/162615\/"},"modified":"2026-07-30T05:10:11","modified_gmt":"2026-07-30T05:10:11","slug":"zacala-jsem-se-desit-takovy-strach-jsem-nikdy-nezazila-sverila-se-elitni-biatlonistka-s-problemy","status":"publish","type":"post","link":"https:\/\/www.europesays.com\/cz\/162615\/","title":{"rendered":"Za\u010dala jsem se d\u011bsit. Takov\u00fd strach jsem nikdy neza\u017eila, sv\u011b\u0159ila se elitn\u00ed biatlonistka s\u00a0probl\u00e9my"},"content":{"rendered":"<p class=\"b_bF\">29let\u00e1 z\u00e1vodnice podnikla celou \u0159adu krok\u016f s\u00a0c\u00edlem znovu se zabydlet mezi absolutn\u00ed elitou, co\u017e se ale tak\u00e9 negativn\u011b podepsalo na jej\u00edm vztahu k\u00a0jinak milovan\u00e9mu sportu.<\/p>\n<p class=\"b_bF\">\u201eB\u011bhem posledn\u00edch dvou let jsem se sna\u017eila d\u011blat v\u0161echno naprosto perfektn\u011b. Pokou\u0161ela jsem se optimalizovat ka\u017edou sf\u00e9ru sv\u00e9ho \u017eivota, abych se posunula v\u00fd\u0161,\u201c rozpov\u00eddala se jeden\u00e1ctin\u00e1sobn\u00e1 medailistka v\u00a0podcastu <a data-dot=\"atm-link\" target=\"_blank\" rel=\"noopener nofollow\" href=\"https:\/\/radio.nrk.no\/podkast\/skiklubben\/l_38b8bce1-669a-406d-b8bc-e1669a306d03\" class=\"b_V\">Skiklubben<\/a>, kter\u00fd spad\u00e1 pod ve\u0159ejnopr\u00e1vn\u00ed televizi NRK.<\/p>\n<p class=\"b_bF\">Tandrevoldov\u00e1 se vzdala spousty v\u011bc\u00ed, kter\u00e9 m\u011bla r\u00e1da, v\u010detn\u011b osobn\u00edch vztah\u016f a\u00a0v\u0161e pod\u0159\u00eddila \u00fasp\u011bchu. Spolu s\u00a0t\u00edm se ale dostavila ur\u010dit\u00e1 k\u0159e\u010d a\u00a0z\u00e1vody si za\u010d\u00ednala spojovat se strachem a\u00a0nep\u0159\u00edjemn\u00fdmi pocity.<\/p>\n<p class=\"b_bF\">\u201eZa\u010dala jsem se z\u00e1vod\u016f d\u011bsit, to jsem nikdy p\u0159edt\u00edm neza\u017eila. D\u0159\u00edv jsem se na n\u011b t\u011b\u0161ila, st\u00e1la jsem na startu tot\u00e1ln\u011b namotivovan\u00e1. Jen\u017ee postupem sezony mi \u0161lo \u010d\u00edm d\u00e1l v\u00edc jen o\u00a0to, abych z\u00e1vod v\u016fbec n\u011bjak d\u016fstojn\u011b zvl\u00e1dla. A\u00a0to je velmi \u0161patn\u00e1 startovn\u00ed pozice,\u201c povzdechla si.<\/p>\n<p class=\"b_bF\">Tandrevoldov\u00e1 m\u011bla v\u00a0minulosti pot\u00ed\u017ee i\u00a0se srde\u010dn\u00ed arytmi\u00ed, kv\u016fli n\u00ed\u017e podstoupila operaci a\u00a0n\u00e1sledn\u011b se mohla do z\u00e1vod\u011bn\u00ed na elitn\u00ed \u00farovni vr\u00e1tit. Mnohem t\u011b\u017e\u0161\u00ed tak pro ni je vyrovnat se s\u00a0nabouranou psychikou.<\/p>\n<p><a data-dot=\"atm-link\" target=\"_self\" href=\"https:\/\/www.sport.cz\/clanek\/zimni-sporty-biatlon-biatlonovou-hvezdu-dohnala-krize-k-slzam-slavna-krajanka-ji-radi-drasticke-kroky-5356934\" class=\"b_V g_ia\" rel=\"nofollow noopener\"><img fetchpriority=\"high\" height=\"933\" width=\"1244\" src=\"https:\/\/www.europesays.com\/cz\/wp-content\/uploads\/2026\/07\/tandrevoldova.jpeg\" loading=\"eager\" decoding=\"sync\" class=\"b_B b_z\"\/><\/a><\/p>\n<p class=\"b_bF\">Jist\u00fd zlom k\u00a0lep\u0161\u00edmu v\u00a0tomto sm\u011bru podle n\u00ed nastal v\u00a0moment\u011b, kdy si uv\u011bdomila, \u017ee o\u00a0v\u0161em a\u017e moc p\u0159em\u00fd\u0161l\u00ed. Co\u017e je jev, kter\u00fd se ve sportovn\u00ed psychologii popisuje jako \u201eparal\u00fdza z\u00a0anal\u00fdzy\u201c. Nast\u00e1v\u00e1 v\u00a0moment\u011b, kdy se soust\u0159ed\u00edte tak moc na ka\u017ed\u00fd detail tak moc, \u017ee si rozbijete za\u017eit\u00e9 automatismy a\u00a0plynulost v\u00a0pohybu.<\/p>\n<p class=\"b_bF\">\u201eJe to trochu jako kdybyste p\u0159i b\u011bhu nebo j\u00edzd\u011b na kole, co\u017e p\u0159irozen\u011b zvl\u00e1d\u00e1te, za\u010dali detailn\u011b p\u0159em\u00fd\u0161let, jak h\u00fdbat nohama nebo \u0161lapat do ped\u00e1l\u016f. Budete pak d\u011blat divn\u00e9 pohyby. P\u0159esn\u011b tak jsem se c\u00edtila,\u201c uv\u011bdomila si.<\/p>\n<p class=\"b_bF\">Aby znovu na\u0161la radost ze sportu i\u00a0ze \u017eivota, rozhodla se d\u011blat si v\u00edc v\u011bci po sv\u00e9m a\u00a0p\u0159estala se tolik \u0159\u00eddit n\u00e1vody a\u00a0o\u010dek\u00e1v\u00e1n\u00edmi ostatn\u00edch. Dala si t\u0159eba pauzu od \u00fa\u010dinkov\u00e1n\u00ed v\u00a0reality show (71\u00a0stup\u0148\u016f &#8211; nejdrsn\u011bj\u0161\u00ed norsk\u00e1 celebrita), za\u010dala se v\u011bnovat p\u011bstov\u00e1n\u00ed bylinek na zahrad\u011b a\u00a0vr\u00e1tila se v\u00edc ke sv\u00e9mu p\u0159irozen\u00e9mu projevu p\u0159i b\u011bhu na ly\u017e\u00edch.<\/p>\n<p class=\"b_bF\">\u201eB\u011bh na ly\u017e\u00edch je mnohem v\u011bt\u0161\u00ed z\u00e1bava, kdy\u017e ho d\u011bl\u00e1te po sv\u00e9m, stylem Ingrid. Mysl\u00edm, \u017ee pr\u00e1v\u011b to je to nejlep\u0161\u00ed, co m\u016f\u017eete ud\u011blat,\u201c dodala.<\/p>\n<p><a data-dot=\"atm-link\" target=\"_self\" href=\"https:\/\/www.sport.cz\/clanek\/zimni-sporty-biatlon-nove-detaily-o-smrti-dahlmeierove-varovali-jsme-ji-vzpomina-horolezkyne-5509223\" class=\"b_V g_ia\" rel=\"nofollow noopener\"><img height=\"996\" width=\"1328\" src=\"https:\/\/www.europesays.com\/cz\/wp-content\/uploads\/2026\/07\/1785388211_234_sport-biatlon-dahlmeierova.jpeg\" loading=\"eager\" decoding=\"sync\" class=\"b_B b_z\"\/><\/a><\/p>\n","protected":false},"excerpt":{"rendered":"29let\u00e1 z\u00e1vodnice podnikla celou \u0159adu krok\u016f s\u00a0c\u00edlem znovu se zabydlet mezi absolutn\u00ed elitou, co\u017e se ale tak\u00e9 negativn\u011b&hellip;\n","protected":false},"author":2,"featured_media":162616,"comment_status":"","ping_status":"","sticky":false,"template":"","format":"standard","meta":{"footnotes":"","_share_on_mastodon":"0"},"categories":[15],"tags":[1109,94,93],"class_list":["post-162615","post","type-post","status-publish","format-standard","has-post-thumbnail","category-sport","tag-biatlon","tag-sport","tag-sports"],"share_on_mastodon":{"url":"https:\/\/pubeurope.com\/@cz\/117007209278817732","error":""},"_links":{"self":[{"href":"https:\/\/www.europesays.com\/cz\/wp-json\/wp\/v2\/posts\/162615","targetHints":{"allow":["GET"]}}],"collection":[{"href":"https:\/\/www.europesays.com\/cz\/wp-json\/wp\/v2\/posts"}],"about":[{"href":"https:\/\/www.europesays.com\/cz\/wp-json\/wp\/v2\/types\/post"}],"author":[{"embeddable":true,"href":"https:\/\/www.europesays.com\/cz\/wp-json\/wp\/v2\/users\/2"}],"replies":[{"embeddable":true,"href":"https:\/\/www.europesays.com\/cz\/wp-json\/wp\/v2\/comments?post=162615"}],"version-history":[{"count":0,"href":"https:\/\/www.europesays.com\/cz\/wp-json\/wp\/v2\/posts\/162615\/revisions"}],"wp:featuredmedia":[{"embeddable":true,"href":"https:\/\/www.europesays.com\/cz\/wp-json\/wp\/v2\/media\/162616"}],"wp:attachment":[{"href":"https:\/\/www.europesays.com\/cz\/wp-json\/wp\/v2\/media?parent=162615"}],"wp:term":[{"taxonomy":"category","embeddable":true,"href":"https:\/\/www.europesays.com\/cz\/wp-json\/wp\/v2\/categories?post=162615"},{"taxonomy":"post_tag","embeddable":true,"href":"https:\/\/www.europesays.com\/cz\/wp-json\/wp\/v2\/tags?post=162615"}],"curies":[{"name":"wp","href":"https:\/\/api.w.org\/{rel}","templated":true}]}}