{"id":162673,"date":"2026-07-30T06:03:15","date_gmt":"2026-07-30T06:03:15","guid":{"rendered":"https:\/\/www.europesays.com\/cz\/162673\/"},"modified":"2026-07-30T06:03:15","modified_gmt":"2026-07-30T06:03:15","slug":"tragedie-v-zenklove-v-praze-pri-nehode-auta-motorky-a-tramvaje-zemrel-clovek-ulice-je-zavrena","status":"publish","type":"post","link":"https:\/\/www.europesays.com\/cz\/162673\/","title":{"rendered":"Trag\u00e9die v Zenklov\u011b v Praze: P\u0159i nehod\u011b auta, motorky a tramvaje zem\u0159el \u010dlov\u011bk! Ulice je zav\u0159en\u00e1"},"content":{"rendered":"<p>\u201eZasahujeme u dopravn\u00ed nehody motocyklu, osobn\u00edho auta a tramvaje na Zenklov\u011b ulici v Praze 8. Na m\u00edst\u011b je bohu\u017eel jeden mrtv\u00fd. Tramvaj je vykolejen\u00e1 a ulice bude obousm\u011brn\u011b n\u011bkolik hodin uzav\u0159ena. \u017d\u00e1d\u00e1me \u0159idi\u010de, aby se m\u00edstu vyhnuli,\u201c uvedli policist\u00e9.<\/p>\n<p>    <a href=\"https:\/\/www.blesk.cz\/clanek\/regiony-praha-praha-krimi\/844942\/vojak-46-tyral-rodinu-a-manzelku-znasilnil-zalobkyne-mu-navrhne-sedm-let-vezeni.html\" class=\"articlePhoto\" rel=\"nofollow noopener\" target=\"_blank\"><\/p>\n<p>        <img decoding=\"async\" src=\"https:\/\/www.europesays.com\/cz\/wp-content\/uploads\/2026\/07\/9923831.jpg\" alt=\"Voj\u00e1k (46) t\u00fdral rodinu a man\u017eelku zn\u00e1silnil?! \u017dalobkyn\u011b navrhla 7 let\" title=\"\" height=\"210\" width=\"300\" class=\"lazyload \" loading=\"lazy\" \/><\/p>\n<p>    <\/a><\/p>\n<p>Nehoda se stala po 06:00. Je kv\u016fli n\u00ed omezen\u00fd provoz tramvajov\u00fdch linek 3, 10 a 24, informoval na\u00a0<a href=\"https:\/\/www.dpp.cz\/omezeni-a-mimoradne-udalosti\/detail\/33209\" target=\"_blank\" rel=\"noopener nofollow\">webu<\/a>\u00a0dopravn\u00ed podnik. Nasazen\u00e9 jsou n\u00e1hradn\u00ed autobusy. Tramvaje 3 a 24 jsou od Masarykova n\u00e1dra\u017e\u00ed odklon\u011bn\u00e9 na n\u00e1m\u011bst\u00ed Republiky a Strossmayerovo n\u00e1m\u011bst\u00ed, d\u00e1le p\u0159es V\u00fdstavi\u0161t\u011b a Trojskou na Kobylisy. Linka 10 ve sm\u011bru z centra kon\u010d\u00ed na Palmovce a na severu jezd\u00ed v \u00faseku S\u00eddli\u0161t\u011b \u010e\u00e1blice &#8211; Vozovna Kobylisy.<\/p>\n<p>          <a class=\"galleryNext\" href=\"https:\/\/www.blesk.cz\/galerie\/regiony-praha-praha-zpravy\/1491086\/tragedie-v-zenklove-v-praze-pri-nehode-auta-motorky-a-tramvaje-zemrel-clovek-ulice-je-zavrena?foto=2\" rel=\"nofollow noopener\" target=\"_blank\"><\/p>\n<p>          <\/a><br \/>\n          <a href=\"https:\/\/www.blesk.cz\/galerie\/regiony-praha-praha-zpravy\/1491086\/tragedie-v-zenklove-v-praze-pri-nehode-auta-motorky-a-tramvaje-zemrel-clovek-ulice-je-zavrena?foto=1\" class=\"photoIn\" rel=\"nofollow noopener\" target=\"_blank\"><br \/>\n            <img decoding=\"async\" src=\"https:\/\/www.europesays.com\/cz\/wp-content\/uploads\/2026\/07\/9924498.jpg\" title=\"Tragick\u00e1 nehoda v Zenklov\u011b ulici, 30. \u010dervence 2026\" alt=\"Tragick\u00e1 nehoda v Zenklov\u011b ulici, 30. \u010dervence 2026\" width=\"520\" loading=\"lazy\"\/><br \/>\n          <\/a><\/p>\n<p>Tragick\u00e1 nehoda v Zenklov\u011b ulici, 30. \u010dervence 2026<\/p>\n<p>Autor:\u00a0Aktu.cz<\/p>\n","protected":false},"excerpt":{"rendered":"\u201eZasahujeme u dopravn\u00ed nehody motocyklu, osobn\u00edho auta a tramvaje na Zenklov\u011b ulici v Praze 8. Na m\u00edst\u011b je&hellip;\n","protected":false},"author":2,"featured_media":162674,"comment_status":"","ping_status":"","sticky":false,"template":"","format":"standard","meta":{"footnotes":"","_share_on_mastodon":"0"},"categories":[30],"tags":[7863,12964,4102,10076,98,99,1979,534,351,9329,40595,1497,20823],"class_list":["post-162673","post","type-post","status-publish","format-standard","has-post-thumbnail","category-praha","tag-motocykl","tag-namesti-republiky","tag-nehoda","tag-palmovka","tag-prague","tag-praha","tag-praha-8","tag-praha-masarykovo-nadrazi","tag-smrt","tag-tramvaj","tag-vozovna-kobylisy","tag-vystaviste-praha","tag-zenklova"],"share_on_mastodon":{"url":"https:\/\/pubeurope.com\/@cz\/117007417949510144","error":""},"_links":{"self":[{"href":"https:\/\/www.europesays.com\/cz\/wp-json\/wp\/v2\/posts\/162673","targetHints":{"allow":["GET"]}}],"collection":[{"href":"https:\/\/www.europesays.com\/cz\/wp-json\/wp\/v2\/posts"}],"about":[{"href":"https:\/\/www.europesays.com\/cz\/wp-json\/wp\/v2\/types\/post"}],"author":[{"embeddable":true,"href":"https:\/\/www.europesays.com\/cz\/wp-json\/wp\/v2\/users\/2"}],"replies":[{"embeddable":true,"href":"https:\/\/www.europesays.com\/cz\/wp-json\/wp\/v2\/comments?post=162673"}],"version-history":[{"count":0,"href":"https:\/\/www.europesays.com\/cz\/wp-json\/wp\/v2\/posts\/162673\/revisions"}],"wp:featuredmedia":[{"embeddable":true,"href":"https:\/\/www.europesays.com\/cz\/wp-json\/wp\/v2\/media\/162674"}],"wp:attachment":[{"href":"https:\/\/www.europesays.com\/cz\/wp-json\/wp\/v2\/media?parent=162673"}],"wp:term":[{"taxonomy":"category","embeddable":true,"href":"https:\/\/www.europesays.com\/cz\/wp-json\/wp\/v2\/categories?post=162673"},{"taxonomy":"post_tag","embeddable":true,"href":"https:\/\/www.europesays.com\/cz\/wp-json\/wp\/v2\/tags?post=162673"}],"curies":[{"name":"wp","href":"https:\/\/api.w.org\/{rel}","templated":true}]}}