{"id":162719,"date":"2026-07-30T07:04:07","date_gmt":"2026-07-30T07:04:07","guid":{"rendered":"https:\/\/www.europesays.com\/cz\/162719\/"},"modified":"2026-07-30T07:04:07","modified_gmt":"2026-07-30T07:04:07","slug":"vrty-ktere-lzou-stavbu-hned-nekolika-dalnic-brzdi-a-prodrazuji-chybne-pruzkumy-problem-glosoval-i-ministr","status":"publish","type":"post","link":"https:\/\/www.europesays.com\/cz\/162719\/","title":{"rendered":"Vrty, kter\u00e9 l\u017eou. Stavbu hned n\u011bkolika d\u00e1lnic brzd\u00ed a prodra\u017euj\u00ed chybn\u00e9 pr\u016fzkumy, probl\u00e9m glosoval i ministr"},"content":{"rendered":"<p>\n                                        Geotechnik\u016fm se t\u011b\u017eko prokazuje chyba, \u0159\u00edk\u00e1 k probl\u00e9m\u016fm \u0161\u00e9f \u0158SD.                                    <\/p>\n<p>D3, D6, D11 i D35. U v\u0161ech t\u011bchto d\u00e1lnic narazili zhotovitel\u00e9 na nov\u011b budovan\u00fdch \u00fasec\u00edch v posledn\u00edch m\u011bs\u00edc\u00edch na nep\u0159\u00edzniv\u00e9 geologick\u00e9 podm\u00ednky, kter\u00e9 nebyly v souladu se zad\u00e1vac\u00ed dokumentac\u00ed stavby. Firmy tak vznesly n\u00e1roky na prodlou\u017een\u00ed doby v\u00fdstavby, \u010dili na \u00fapravy harmonogramu. V n\u011bkter\u00fdch p\u0159\u00edpadech je \u0158SD rovnou akceptovalo, v jin\u00fdch se sna\u017e\u00ed s firmami vyjedn\u00e1vat, aby byly p\u016fvodn\u00ed term\u00edny za cenu nav\u00fd\u0161en\u00fdch n\u00e1klad\u016f dodr\u017eeny.<\/p>\n<p>P\u0159\u00edkladem za v\u0161echny m\u016f\u017ee b\u00fdt tunel Homole na D35. U\u017e na p\u0159elomu roku stavba\u0159i zjistili, \u017ee kv\u016fli odli\u0161n\u00fdm geologick\u00fdm podm\u00ednk\u00e1m nezvl\u00e1dnou vyrazit tunel v\u010das, aby mohl b\u00fdt je\u0161t\u011b tento rok p\u0159ed\u00e1n \u0159idi\u010d\u016fm. \u0158SD nakonec navrhlo \u0159e\u0161en\u00ed, kdy se \u00fasek Ostrov \u2013 Vysok\u00e9 M\u00fdto sice otev\u0159e, ale bez tunelov\u00e9ho \u00faseku. V sou\u010dasnosti se tak buduj\u00ed do\u010dasn\u00e1 napojen\u00ed, \u00fasek s obj\u00ed\u017e\u010fkou se zprovozn\u00ed 21. srpna.<\/p>\n<p><a href=\"https:\/\/zdopravy.cz\/rsd-uz-ma-termin-kdy-se-otevre-d35-az-k-vysokemu-mytu-urad-povolil-docasne-napojeni-289161\/\" rel=\"nofollow noopener\" target=\"_blank\">\u0158SD u\u017e m\u00e1 term\u00edn, kdy se otev\u0159e D35 a\u017e k Vysok\u00e9mu M\u00fdtu. \u00da\u0159ad povolil do\u010dasn\u00e9 napojen\u00ed<\/a><\/p>\n<p>Dal\u0161\u00ed probl\u00e9my s geologi\u00ed \u010di sesed\u00e1n\u00edm n\u00e1syp\u016f se objevily t\u0159eba na D11 u hrani\u010dn\u00edho \u00faseku do Kr\u00e1lovce \u010di na D3 v \u00faseku Kaplice n\u00e1dra\u017e\u00ed \u2013 Na\u017eidla. V obou \u0158SD vyjednalo s firmami kompenzace, aby se term\u00edny dodr\u017eely. Nejv\u00fdrazn\u011bj\u0161\u00ed jsou pak komplikace s tvrdost\u00ed hornin na D6 u dvou \u00fasek\u016f u Bochova a Kn\u00ednic, kde je ohro\u017een term\u00edn dostavby v roce 2027. U Lubence se pak dostavba 1. etapy kv\u016fli n\u00e1syp\u016fm <a href=\"https:\/\/zdopravy.cz\/sledujeme-sedani-nasypu-otevreni-useku-dalnice-d6-u-lubence-ma-uz-pulrocni-zpozdeni-280985\/\" rel=\"nofollow noopener\" target=\"_blank\">protahuje u\u017e v\u00fdrazn\u011b p\u0159es p\u016fl roku<\/a>.<\/p>\n<p><a href=\"https:\/\/zdopravy.cz\/sledujeme-sedani-nasypu-otevreni-useku-dalnice-d6-u-lubence-ma-uz-pulrocni-zpozdeni-280985\/\" rel=\"nofollow noopener\" target=\"_blank\">Sledujeme sed\u00e1n\u00ed n\u00e1syp\u016f. Otev\u0159en\u00ed \u00faseku d\u00e1lnice D6 u Lubence m\u00e1 u\u017e p\u016flro\u010dn\u00ed zpo\u017ed\u011bn\u00ed<\/a><\/p>\n<p>V posledn\u00ed dob\u011b velmi \u010dast\u00e9 argumentace neo\u010dek\u00e1van\u00fdmi geologick\u00fdmi podm\u00ednkami a oddalov\u00e1n\u00ed zprovozn\u011bn\u00ed staveb si b\u011bhem kontroln\u00edho dne na D6 na za\u010d\u00e1tku \u010dervence v\u0161iml i ministr dopravy Ivan Bedn\u00e1rik. \u201eNesoulad mezi pr\u016fzkumn\u00fdmi vrty p\u0159i zpracov\u00e1n\u00ed projekt\u016f a realitou p\u0159i stavb\u011b je bohu\u017eel \u010dast\u00fdm probl\u00e9m na stavb\u00e1ch v \u010cesk\u00e9 republice,\u201c glosoval tehdy situaci ministr pro \u010cTK.<\/p>\n<p><a href=\"https:\/\/zdopravy.cz\/na-d6-mame-nekolikamesicni-zpozdeni-priznal-sef-rsd-stavbu-brzdi-podlozi-i-povolovani-odstrelu-288246\/\" rel=\"nofollow noopener\" target=\"_blank\">Na D6 m\u00e1me n\u011bkolikam\u011bs\u00ed\u010dn\u00ed zpo\u017ed\u011bn\u00ed, p\u0159iznal \u0161\u00e9f \u0158SD. Stavbu brzd\u00ed podlo\u017e\u00ed i povolov\u00e1n\u00ed odst\u0159el\u016f<\/a><\/p>\n<p>Gener\u00e1ln\u00ed \u0159editel \u0158SD Radek M\u00e1tl pro Zdopravy.cz p\u0159ipustil, \u017ee se zm\u011bnami na stavb\u00e1ch vznikl\u00fdmi odli\u0161n\u00fdmi geologick\u00fdmi podm\u00ednkami intenzivn\u011b zab\u00fdv\u00e1.<\/p>\n<p>\u201eAle ne\u0159ekl bych, \u017ee je t\u011bchto zm\u011bn n\u011bjak v\u00fdrazn\u011b v\u00edce ne\u017e d\u0159\u00edve. Jen rozestav\u011bn\u00fdch staveb je rekordn\u00ed mno\u017estv\u00ed a s t\u00edm p\u0159ich\u00e1z\u00ed bohu\u017eel i probl\u00e9my. Nikdy se u n\u00e1s nap\u0159. nestav\u011blo tolik tunel\u016f nar\u00e1z,\u201c vysv\u011btlil M\u00e1tl.<\/p>\n<p>N\u011bkdy to odhalit nejde<\/p>\n<p>P\u0159\u00ed\u010diny zm\u011bn b\u011bhem v\u00fdstavby podle n\u011bj \u0158SD s geology a projektanty intenzivn\u011b diskutuje a hledaj\u00ed se cesty, jak zefektivnit pr\u016fzkumy a jejich zapracov\u00e1n\u00ed do projekt\u016f. \u201eUr\u010dit\u011b je v t\u00e9to oblasti co zlep\u0161ovat. Ale ne\u0159ekl bych, \u017ee jde p\u0159\u00edmo o syst\u00e9movou chybu,\u201c doplnil M\u00e1tl. Ka\u017ed\u00fd p\u0159\u00edpad je podle n\u011bj trochu jin\u00fd a sv\u00fdm zp\u016fsobem specifick\u00fd.<\/p>\n<p>Nab\u00edz\u00ed se ot\u00e1zka, kdo nese za nekvalitn\u00ed pr\u016fzkumy odpov\u011bdnost a zda je \u0158SD kv\u016fli n\u00e1sledn\u00fdm zv\u00fd\u0161en\u00fdm n\u00e1klad\u016fm m\u016f\u017ee sankcionovat. \u201eProbl\u00e9my s pr\u016fzkumy, kter\u00e9 d\u011bl\u00e1me <a href=\"https:\/\/pjpk.rsd.cz\/data\/USR_001_2_8_TP\/TP_76A.pdf\" rel=\"nofollow noopener\" target=\"_blank\">p\u0159esn\u011b dle TP76<\/a> (Technick\u00e9 podm\u00ednky geotechnick\u00fdch pr\u016fzkum\u016f pro pozemn\u00ed komunikace \u2013 pozn. red.) lze sankcionovat velmi obt\u00ed\u017en\u011b. Geotechnik\u016fm se t\u011b\u017eko prokazuje chyba, anebo se jedn\u00e1 o skute\u010dnosti, kter\u00e9 \u0159\u00e1dn\u00fdm pr\u016fzkumem dle TP76 ne\u0161lo odhalit,\u201c uzav\u0159el M\u00e1tl.<\/p>\n<p>                                                        Tagy<\/p>\n<p>                                                                                                                                                                                                                            <a href=\"https:\/\/zdopravy.cz\/tag\/geologicky-pruzkum\/\" type=\"button\" class=\"btn btn-secondary mb-1 btn-sm\" rel=\"nofollow noopener\" target=\"_blank\"><br \/>\n                                                                geologick\u00fd pr\u016fzkum                                                            <\/a><br \/>\n                                                                                                                                                                                                                                <a href=\"https:\/\/zdopravy.cz\/tag\/geotechnicky-monitoring\/\" type=\"button\" class=\"btn btn-secondary mb-1 btn-sm\" rel=\"nofollow noopener\" target=\"_blank\"><br \/>\n                                                                geotechnick\u00fd monitoring                                                            <\/a><br \/>\n                                                                                                                                                                                                                                <a href=\"https:\/\/zdopravy.cz\/tag\/radek-matl\/\" type=\"button\" class=\"btn btn-secondary mb-1 btn-sm\" rel=\"nofollow noopener\" target=\"_blank\"><br \/>\n                                                                Radek M\u00e1tl                                                            <\/a><br \/>\n                                                                                                                                                                                                                                <a href=\"https:\/\/zdopravy.cz\/tag\/rsd-cr\/\" type=\"button\" class=\"btn btn-secondary mb-1 btn-sm\" rel=\"nofollow noopener\" target=\"_blank\"><br \/>\n                                                                \u0158SD \u010cR                                                            <\/a><\/p>\n<p>                                                <a href=\"https:\/\/zdopravy.cz\/vrty-ktere-lzou-stavbu-hned-nekolika-dalnic-brzdi-a-prodrazuji-chybne-pruzkumy-problem-glosoval-i-ministr-290697\/?comments=1#comments\" class=\"ml-3 text-body mb-3 mt-4 d-inline-block\" rel=\"nofollow noopener\" target=\"_blank\"><\/p>\n<p>                                                    20 koment\u00e1\u0159\u016f                                                <\/a><\/p>\n","protected":false},"excerpt":{"rendered":"Geotechnik\u016fm se t\u011b\u017eko prokazuje chyba, \u0159\u00edk\u00e1 k probl\u00e9m\u016fm \u0161\u00e9f \u0158SD. D3, D6, D11 i D35. U v\u0161ech t\u011bchto&hellip;\n","protected":false},"author":2,"featured_media":162720,"comment_status":"","ping_status":"","sticky":false,"template":"","format":"standard","meta":{"footnotes":"","_share_on_mastodon":"0"},"categories":[7],"tags":[43,42,41,40,1326,1327,8961,1328,119],"class_list":["post-162719","post","type-post","status-publish","format-standard","has-post-thumbnail","category-cesko","tag-ceska-republika","tag-cesko","tag-czech-republic","tag-czechia","tag-geologicky-pruzkum","tag-geotechnicky-monitoring","tag-radek-matl","tag-rsd-cr","tag-seznam"],"share_on_mastodon":{"url":"https:\/\/pubeurope.com\/@cz\/117007657468413042","error":""},"_links":{"self":[{"href":"https:\/\/www.europesays.com\/cz\/wp-json\/wp\/v2\/posts\/162719","targetHints":{"allow":["GET"]}}],"collection":[{"href":"https:\/\/www.europesays.com\/cz\/wp-json\/wp\/v2\/posts"}],"about":[{"href":"https:\/\/www.europesays.com\/cz\/wp-json\/wp\/v2\/types\/post"}],"author":[{"embeddable":true,"href":"https:\/\/www.europesays.com\/cz\/wp-json\/wp\/v2\/users\/2"}],"replies":[{"embeddable":true,"href":"https:\/\/www.europesays.com\/cz\/wp-json\/wp\/v2\/comments?post=162719"}],"version-history":[{"count":0,"href":"https:\/\/www.europesays.com\/cz\/wp-json\/wp\/v2\/posts\/162719\/revisions"}],"wp:featuredmedia":[{"embeddable":true,"href":"https:\/\/www.europesays.com\/cz\/wp-json\/wp\/v2\/media\/162720"}],"wp:attachment":[{"href":"https:\/\/www.europesays.com\/cz\/wp-json\/wp\/v2\/media?parent=162719"}],"wp:term":[{"taxonomy":"category","embeddable":true,"href":"https:\/\/www.europesays.com\/cz\/wp-json\/wp\/v2\/categories?post=162719"},{"taxonomy":"post_tag","embeddable":true,"href":"https:\/\/www.europesays.com\/cz\/wp-json\/wp\/v2\/tags?post=162719"}],"curies":[{"name":"wp","href":"https:\/\/api.w.org\/{rel}","templated":true}]}}