{"id":162747,"date":"2026-07-30T07:34:21","date_gmt":"2026-07-30T07:34:21","guid":{"rendered":"https:\/\/www.europesays.com\/cz\/162747\/"},"modified":"2026-07-30T07:34:21","modified_gmt":"2026-07-30T07:34:21","slug":"tragedie-v-zenklove-v-praze-pri-nehode-auta-motorky-a-tramvaje-zemrel-clovek-ulice-je-zavrena-2","status":"publish","type":"post","link":"https:\/\/www.europesays.com\/cz\/162747\/","title":{"rendered":"Trag\u00e9die v Zenklov\u011b v Praze: P\u0159i nehod\u011b auta, motorky a tramvaje zem\u0159el \u010dlov\u011bk! Ulice je zav\u0159en\u00e1"},"content":{"rendered":"<p>Obrovsk\u00e9 ne\u0161t\u011bst\u00ed se stalo ve \u010dtvrtek r\u00e1no v Zenklov\u011b ulici v Praze. P\u0159i nehod\u011b tramvaje, motocyklu a auta tam zem\u0159el \u010dlov\u011bk &#8211; \u0159idi\u010d automobilu. Motork\u00e1\u0159 se t\u011b\u017ece zranil, tramvaj vykolejila. Policist\u00e9 \u017e\u00e1daj\u00ed \u0159idi\u010de, aby se m\u00edstu vyhnuli, uvedli na\u00a0<a href=\"https:\/\/x.com\/PolicieCZ\/status\/2082688043891237237\" target=\"_blank\" rel=\"noopener nofollow\">s\u00edti X<\/a>.\u00a0Kolem 08:00 za\u010daly m\u00edstem nehody proj\u00ed\u017ed\u011bt tramvaje a autobusy, pro automobilovou dopravu je ulice st\u00e1le zav\u0159en\u00e1.<\/p>\n<p>\u201eZasahujeme u dopravn\u00ed nehody motocyklu, osobn\u00edho auta a tramvaje na Zenklov\u011b ulici v Praze 8. Na m\u00edst\u011b je bohu\u017eel jeden mrtv\u00fd. Tramvaj je vykolejen\u00e1 a ulice bude obousm\u011brn\u011b n\u011bkolik hodin uzav\u0159ena. \u017d\u00e1d\u00e1me \u0159idi\u010de, aby se m\u00edstu vyhnuli,\u201c uvedli policist\u00e9. \u201eOsobn\u00ed auto p\u0159ij\u00ed\u017ed\u011blo sm\u011brem do centra a \u010deln\u011b narazilo do tramvaje, kter\u00e1 ho odhodila na proj\u00ed\u017ed\u011bj\u00edc\u00ed motorku,\u201c uvedl policejn\u00ed mluv\u010d\u00ed Jan Dan\u011bk. T\u011b\u017ece zran\u011bn\u00e9ho motocyklistu z\u00e1chran\u00e1\u0159i p\u0159evezli do traumacentra, \u0159ekl mluv\u010d\u00ed z\u00e1chrann\u00e9 slu\u017eby Karel Kirs.<\/p>\n<p>    <a href=\"https:\/\/www.blesk.cz\/clanek\/regiony-praha-praha-krimi\/844942\/vojak-46-tyral-rodinu-a-manzelku-znasilnil-zalobkyne-mu-navrhne-sedm-let-vezeni.html\" class=\"articlePhoto\" rel=\"nofollow noopener\" target=\"_blank\"><\/p>\n<p>        <img decoding=\"async\" src=\"https:\/\/www.europesays.com\/cz\/wp-content\/uploads\/2026\/07\/1785396861_92_9923831.jpg\" alt=\"Voj\u00e1k (46) t\u00fdral rodinu a man\u017eelku zn\u00e1silnil?! \u017dalobkyn\u011b navrhla 7 let\" title=\"\" height=\"210\" width=\"300\" class=\"lazyload \" loading=\"lazy\" \/><\/p>\n<p>    <\/a><\/p>\n<p>Kv\u016fli nehod\u011b byl zhruba dv\u011b hodiny omezen\u00fd provoz tramvajov\u00fdch linek 3, 10 a 24, informoval na\u00a0<a href=\"https:\/\/www.dpp.cz\/omezeni-a-mimoradne-udalosti\/detail\/33209\" target=\"_blank\" rel=\"noopener nofollow\">webu<\/a>\u00a0dopravn\u00ed podnik. Nasazen\u00e9 byly n\u00e1hradn\u00ed autobusy.<\/p>\n<p>          <a class=\"galleryNext\" href=\"https:\/\/www.blesk.cz\/galerie\/regiony-praha-praha-zpravy\/1491086\/tragedie-v-zenklove-v-praze-pri-nehode-auta-motorky-a-tramvaje-zemrel-clovek?foto=2\" rel=\"nofollow noopener\" target=\"_blank\"><\/p>\n<p>          <\/a><br \/>\n          <a href=\"https:\/\/www.blesk.cz\/galerie\/regiony-praha-praha-zpravy\/1491086\/tragedie-v-zenklove-v-praze-pri-nehode-auta-motorky-a-tramvaje-zemrel-clovek?foto=1\" class=\"photoIn\" rel=\"nofollow noopener\" target=\"_blank\"><br \/>\n            <img decoding=\"async\" src=\"https:\/\/www.europesays.com\/cz\/wp-content\/uploads\/2026\/07\/1785396861_972_9924498.jpg\" title=\"Tragick\u00e1 nehoda v Zenklov\u011b ulici, 30. \u010dervence 2026\" alt=\"Tragick\u00e1 nehoda v Zenklov\u011b ulici, 30. \u010dervence 2026\" width=\"520\" loading=\"lazy\"\/><br \/>\n          <\/a><\/p>\n<p>Tragick\u00e1 nehoda v Zenklov\u011b ulici, 30. \u010dervence 2026<\/p>\n<p>Autor:\u00a0Aktu.cz<\/p>\n","protected":false},"excerpt":{"rendered":"Obrovsk\u00e9 ne\u0161t\u011bst\u00ed se stalo ve \u010dtvrtek r\u00e1no v Zenklov\u011b ulici v Praze. P\u0159i nehod\u011b tramvaje, motocyklu a auta&hellip;\n","protected":false},"author":2,"featured_media":162748,"comment_status":"","ping_status":"","sticky":false,"template":"","format":"standard","meta":{"footnotes":"","_share_on_mastodon":"0"},"categories":[30],"tags":[7863,12964,4102,10076,98,99,1979,534,351,9329,40595,1497,20823],"class_list":["post-162747","post","type-post","status-publish","format-standard","has-post-thumbnail","category-praha","tag-motocykl","tag-namesti-republiky","tag-nehoda","tag-palmovka","tag-prague","tag-praha","tag-praha-8","tag-praha-masarykovo-nadrazi","tag-smrt","tag-tramvaj","tag-vozovna-kobylisy","tag-vystaviste-praha","tag-zenklova"],"share_on_mastodon":{"url":"https:\/\/pubeurope.com\/@cz\/117007776431893405","error":""},"_links":{"self":[{"href":"https:\/\/www.europesays.com\/cz\/wp-json\/wp\/v2\/posts\/162747","targetHints":{"allow":["GET"]}}],"collection":[{"href":"https:\/\/www.europesays.com\/cz\/wp-json\/wp\/v2\/posts"}],"about":[{"href":"https:\/\/www.europesays.com\/cz\/wp-json\/wp\/v2\/types\/post"}],"author":[{"embeddable":true,"href":"https:\/\/www.europesays.com\/cz\/wp-json\/wp\/v2\/users\/2"}],"replies":[{"embeddable":true,"href":"https:\/\/www.europesays.com\/cz\/wp-json\/wp\/v2\/comments?post=162747"}],"version-history":[{"count":0,"href":"https:\/\/www.europesays.com\/cz\/wp-json\/wp\/v2\/posts\/162747\/revisions"}],"wp:featuredmedia":[{"embeddable":true,"href":"https:\/\/www.europesays.com\/cz\/wp-json\/wp\/v2\/media\/162748"}],"wp:attachment":[{"href":"https:\/\/www.europesays.com\/cz\/wp-json\/wp\/v2\/media?parent=162747"}],"wp:term":[{"taxonomy":"category","embeddable":true,"href":"https:\/\/www.europesays.com\/cz\/wp-json\/wp\/v2\/categories?post=162747"},{"taxonomy":"post_tag","embeddable":true,"href":"https:\/\/www.europesays.com\/cz\/wp-json\/wp\/v2\/tags?post=162747"}],"curies":[{"name":"wp","href":"https:\/\/api.w.org\/{rel}","templated":true}]}}