{"id":162928,"date":"2026-07-30T10:37:10","date_gmt":"2026-07-30T10:37:10","guid":{"rendered":"https:\/\/www.europesays.com\/cz\/162928\/"},"modified":"2026-07-30T10:37:10","modified_gmt":"2026-07-30T10:37:10","slug":"ukrajinec-na-frydecko-mistecku-brutalne-zavrazdil-svou-krajanku-dostal-14-let","status":"publish","type":"post","link":"https:\/\/www.europesays.com\/cz\/162928\/","title":{"rendered":"Ukrajinec na Fr\u00fddecko-M\u00edstecku brut\u00e1ln\u011b zavra\u017edil svou krajanku. Dostal 14\u00a0let"},"content":{"rendered":"<p class=\"c_bB\">\u201eMotivem jedn\u00e1n\u00ed mu\u017ee byly \u0161patn\u00e9 vztahy s\u00a0po\u0161kozenou. Vinil ji z\u00a0toho, \u017ee se sna\u017e\u00ed rozvr\u00e1tit vztah s\u00a0jeho p\u0159\u00edtelkyn\u00ed a\u00a0z toho, \u017ee ho poni\u017euje. Zda spolu m\u011bli n\u011bjak\u00fd intimn\u011bj\u0161\u00ed vztah, to nedok\u00e1\u017eu \u0159\u00edct, to nev\u00edm. V\u00a0tomto ohledu ob\u017ealovan\u00fd nespolupracoval,\u201c sd\u011blil st\u00e1tn\u00ed z\u00e1stupce Josef \u0160uhaj.<\/p>\n<p class=\"c_bB\">Dodal, \u017ee obvin\u011bn\u00fd mu\u017e se proto rozhodl mlad\u00e9 \u017eeny zbavit t\u00edm, \u017ee ji usmrt\u00ed. Vyl\u00e1kal ji v\u00a0podve\u010der z\u00a0hotelov\u00e9ho domu Permon ve Fr\u00fddku-M\u00edstku ven pod z\u00e1minkou, \u017ee j\u00ed uhrad\u00ed pen\u00edze, kter\u00e9 j\u00ed dlu\u017e\u00ed. \u0160lo o\u00a0dva tis\u00edce. Podle informac\u00ed Novinek m\u011blo j\u00edt o\u00a0z\u00e1lohu mzdy, znali se toti\u017e z\u00a0n\u011bjak\u00e9ho zam\u011bstn\u00e1n\u00ed.<\/p>\n<p class=\"c_bB\">N\u00e1sledn\u011b \u017eenu p\u0159im\u011bl, a\u0165 s\u00a0n\u00edm jede do Sta\u0159\u00ed\u010de na Fr\u00fddecko-M\u00edstecku na sch\u016fzku, kde m\u00e1 ty pen\u00edze z\u00edskat. Na m\u00edsto odjeli tax\u00edkem. Tam v\u0161ak do\u0161lo k\u00a0prudk\u00e9 h\u00e1dce a\u00a0mu\u017e \u017eenu podle st\u00e1tn\u00edho z\u00e1stupce napadl velmi brut\u00e1ln\u00edm zp\u016fsobem.<\/p>\n<p><a data-dot=\"atm-link\" target=\"_self\" href=\"https:\/\/www.novinky.cz\/clanek\/krimi-z-prehrady-olesna-vytahli-uprchlici-z-ukrajiny-k-vrazde-se-priznal-jeji-krajan-40552547\" class=\"c_N\" rel=\"nofollow noopener\"><img fetchpriority=\"high\" height=\"504\" width=\"896\" src=\"https:\/\/www.europesays.com\/cz\/wp-content\/uploads\/2026\/07\/vrazda-olesna.jpeg\" loading=\"eager\" decoding=\"sync\" class=\"c_t c_r\"\/><\/a><img height=\"3072\"   width=\"4096\" src=\"https:\/\/www.europesays.com\/cz\/wp-content\/uploads\/2026\/07\/ostrava-krajsky-soud-ostrava-vrazda-ukrajina-dohoda-o-vine-a-trestu.jpeg\" loading=\"eager\" decoding=\"sync\" class=\"c_t c_r\"\/>Foto: Denisa Dole\u017ealov\u00e1, Novinky<\/p>\n<p class=\"c_bB\">Obvin\u011bn\u00fd z\u00a0vra\u017edy ukrajinsk\u00e9 d\u00edvky Vasil Shymoniak p\u0159ed ostravsk\u00fdm krajsk\u00fdm soudem.<\/p>\n<p class=\"c_bB\">\u201eNejprve j\u00ed hlavou tloukl o\u00a0zem, n\u00e1sledn\u011b ji chytl do tzv. kravaty a\u00a0\u0161krtil tak dlouho, a\u017e upadla do bezv\u011bdom\u00ed. Pak ji t\u00e1hl do lesn\u00edho porostu. \u017dena v\u0161ak za\u010dala jevit zn\u00e1mky \u017eivota, proto si ze sv\u00fdch tepl\u00e1k\u016f vyt\u00e1hl z\u00a0pasu \u0161\u0148\u016frku, kterou j\u00ed nasadil na krk a\u00a0\u0161krtil ji a\u017e do okam\u017eiku p\u0159etr\u017een\u00ed \u0161\u0148\u016frky,\u201c uvedl st\u00e1tn\u00ed z\u00e1stupce s\u00a0t\u00edm, \u017ee nakonec po\u0161kozenou odt\u00e1hl do bl\u00edzk\u00e9ho potoka Ole\u0161n\u00e1, kde ji nechal le\u017eet na b\u0159i\u0161e s\u00a0hlavou pono\u0159enou do vody. <\/p>\n<p class=\"c_bB\">Podle v\u00fdsledk\u016f pitvy \u017eena skon\u010dila v\u00a0potoce a\u017e pot\u00e9, co byla udu\u0161ena.  <\/p>\n<p class=\"c_bB\">Soudkyn\u011b Nat\u00e1lie Tognerov\u00e1 dohodu o\u00a0vin\u011b a\u00a0trestu ve \u010dtvrtek schv\u00e1lila. V\u0161echny strany, i\u00a0obvin\u011bn\u00fd, se vzdaly n\u00e1roku na odvol\u00e1n\u00ed. Krom\u011b toho, \u017ee si mu\u017e odsed\u00ed 14\u00a0let ve v\u011bzen\u00ed, mus\u00ed zaplatit rodin\u011b zavra\u017ed\u011bn\u00e9 \u017eeny finan\u010dn\u00ed \u00fajmu a\u00a0nav\u00edc byl vyho\u0161t\u011bn z\u00a0\u010cesk\u00e9 republiky na neur\u010dito. Obvin\u011bn\u00fd p\u0159ed soudem uvedl, \u017ee sv\u00e9ho \u010dinu lituje.<\/p>\n<p class=\"c_bB\">Mu\u017e pob\u00fdval v\u00a0\u010cesku leg\u00e1ln\u011b, stejn\u011b jako zavra\u017ed\u011bn\u00e1 mlad\u00e1 ukrajinsk\u00e1 \u017eena. Oba p\u0159i\u0161li do \u010ceska je\u0161t\u011b p\u0159ed zapo\u010det\u00edm v\u00e1lky na Ukrajin\u011b.<\/p>\n<p><a data-dot=\"atm-link\" target=\"_self\" href=\"https:\/\/www.novinky.cz\/clanek\/krimi-ukrajinec-v-klatovech-pobodal-armenskeho-taxikare-soud-mu-snizil-trest-40580196\" class=\"c_N\" rel=\"nofollow noopener\"><img height=\"1080\" width=\"1920\" src=\"https:\/\/www.europesays.com\/cz\/wp-content\/uploads\/2026\/07\/sergej-hrysynec.jpeg\" loading=\"eager\" decoding=\"sync\" class=\"c_t c_r\"\/><\/a><\/p>\n","protected":false},"excerpt":{"rendered":"\u201eMotivem jedn\u00e1n\u00ed mu\u017ee byly \u0161patn\u00e9 vztahy s\u00a0po\u0161kozenou. Vinil ji z\u00a0toho, \u017ee se sna\u017e\u00ed rozvr\u00e1tit vztah s\u00a0jeho p\u0159\u00edtelkyn\u00ed a\u00a0z&hellip;\n","protected":false},"author":2,"featured_media":162929,"comment_status":"","ping_status":"","sticky":false,"template":"","format":"standard","meta":{"footnotes":"","_share_on_mastodon":"0"},"categories":[7],"tags":[43,42,41,40,2827,9310,802,1624,1644],"class_list":["post-162928","post","type-post","status-publish","format-standard","has-post-thumbnail","category-cesko","tag-ceska-republika","tag-cesko","tag-czech-republic","tag-czechia","tag-dohoda-o-vine-a-trestu","tag-krajsky-soud-v-ostrave","tag-ukrajinci","tag-vezeni","tag-vrazda"],"share_on_mastodon":{"url":"https:\/\/pubeurope.com\/@cz\/117008495154104531","error":""},"_links":{"self":[{"href":"https:\/\/www.europesays.com\/cz\/wp-json\/wp\/v2\/posts\/162928","targetHints":{"allow":["GET"]}}],"collection":[{"href":"https:\/\/www.europesays.com\/cz\/wp-json\/wp\/v2\/posts"}],"about":[{"href":"https:\/\/www.europesays.com\/cz\/wp-json\/wp\/v2\/types\/post"}],"author":[{"embeddable":true,"href":"https:\/\/www.europesays.com\/cz\/wp-json\/wp\/v2\/users\/2"}],"replies":[{"embeddable":true,"href":"https:\/\/www.europesays.com\/cz\/wp-json\/wp\/v2\/comments?post=162928"}],"version-history":[{"count":0,"href":"https:\/\/www.europesays.com\/cz\/wp-json\/wp\/v2\/posts\/162928\/revisions"}],"wp:featuredmedia":[{"embeddable":true,"href":"https:\/\/www.europesays.com\/cz\/wp-json\/wp\/v2\/media\/162929"}],"wp:attachment":[{"href":"https:\/\/www.europesays.com\/cz\/wp-json\/wp\/v2\/media?parent=162928"}],"wp:term":[{"taxonomy":"category","embeddable":true,"href":"https:\/\/www.europesays.com\/cz\/wp-json\/wp\/v2\/categories?post=162928"},{"taxonomy":"post_tag","embeddable":true,"href":"https:\/\/www.europesays.com\/cz\/wp-json\/wp\/v2\/tags?post=162928"}],"curies":[{"name":"wp","href":"https:\/\/api.w.org\/{rel}","templated":true}]}}