{"id":164093,"date":"2026-07-31T11:21:12","date_gmt":"2026-07-31T11:21:12","guid":{"rendered":"https:\/\/www.europesays.com\/cz\/164093\/"},"modified":"2026-07-31T11:21:12","modified_gmt":"2026-07-31T11:21:12","slug":"nekdo-tady-lze-vondrackova-o-zakulisi-vztahu-plekance-a-safarove","status":"publish","type":"post","link":"https:\/\/www.europesays.com\/cz\/164093\/","title":{"rendered":"N\u011bkdo tady l\u017ee! Vondr\u00e1\u010dkov\u00e1 o z\u00e1kulis\u00ed vztahu Plekance a \u0160af\u00e1\u0159ov\u00e9"},"content":{"rendered":"<p class=\"PDq2pG_selectionAnchorContainer\" data-start=\"342\" data-end=\"593\">Konec jednoho z nejsledovan\u011bj\u0161\u00edch man\u017eelstv\u00ed \u010desk\u00e9ho showbyznysu prov\u00e1zely emoce, obvin\u011bn\u00ed i ve\u0159ejn\u00e9 pran\u00ed \u0161pinav\u00e9ho pr\u00e1dla. Kdy\u017e <a class=\"celebrity celebwiki\" href=\"https:\/\/celebwiki.blesk.cz\/osobnost\/1128\/lucie-vondrackova\/\" target=\"_blank\" rel=\"nofollow noopener\">Lucie Vondr\u00e1\u010dkov\u00e1<\/a> a <a class=\"celebrity celebwiki\" href=\"https:\/\/celebwiki.blesk.cz\/osobnost\/2079\/tomas-plekanec\/\" target=\"_blank\" rel=\"nofollow noopener\">Tom\u00e1\u0161 Plekanec<\/a> v roce 2018 ozn\u00e1mili rozchod, rychle bylo jasn\u00e9, \u017ee nep\u016fjde o tich\u00fd konec bez v\u00fd\u010ditek.<\/p>\n<p data-start=\"595\" data-end=\"834\">Jako prvn\u00ed ude\u0159il Plekanec. Prohl\u00e1sil, \u017ee se k jeho man\u017eelce m\u011bl po noc\u00edch dost\u00e1vat herec <a class=\"celebrity celebwiki\" href=\"https:\/\/celebwiki.blesk.cz\/osobnost\/2419\/matej-hadek\/\" target=\"_blank\" rel=\"nofollow noopener\">Mat\u011bj H\u00e1dek<\/a>. Dokonce tvrdil, \u017ee ho na \u00fadajn\u00e9 n\u00e1v\u0161t\u011bvy upozornila bezpe\u010dnostn\u00ed slu\u017eba, kter\u00e1 si pr\u00fd nejd\u0159\u00edv myslela, \u017ee se kolem domu pohybuje zlod\u011bj.<\/p>\n<p>    <a href=\"https:\/\/www.ahaonline.cz\/clanek\/zhave-drby\/235952\/vondrackova-stestim-bez-sebe-setkani-s-laskou-z-montrealu.html\" rel=\"nofollow noopener\" target=\"_blank\"><\/p>\n<p>        <img decoding=\"async\" src=\"https:\/\/www.europesays.com\/cz\/wp-content\/uploads\/2026\/07\/1785496871_754_9426755.jpg\" alt=\"Vondr\u00e1\u010dkov\u00e1 \u0161t\u011bst\u00edm bez sebe: Setk\u00e1n\u00ed s l\u00e1skou z Montrealu! \" title=\"Vondr\u00e1\u010dkov\u00e1 \u0161t\u011bst\u00edm bez sebe: Setk\u00e1n\u00ed s l\u00e1skou z Montrealu! \" height=\"140\" width=\"220\" class=\"lazyload \" loading=\"lazy\" \/><\/p>\n<p>    <\/a><\/p>\n<p data-start=\"836\" data-end=\"1056\">Vondr\u00e1\u010dkov\u00e1 ale obr\u00e1tila pozornost \u00fapln\u011b jin\u00fdm sm\u011brem. Za\u010dala mluvit o <a class=\"celebrity celebwiki\" href=\"https:\/\/celebwiki.blesk.cz\/osobnost\/2258\/lucie-safarova\/\" target=\"_blank\" rel=\"nofollow noopener\">Lucii \u0160af\u00e1\u0159ov\u00e9<\/a>, kter\u00e1 se pozd\u011bji stala Plekancovou man\u017eelkou. P\u0159ekvapilo ji pr\u00fd, kdy\u017e se a\u017e z m\u00e9di\u00ed dozv\u011bd\u011bla, \u017ee spolu m\u011bli b\u00fdt dlouh\u00e1 l\u00e9ta p\u0159\u00e1tel\u00e9.<\/p>\n<p data-start=\"1058\" data-end=\"1241\">\u201eZ m\u00e9di\u00ed jsem se dodate\u010dn\u011b dozv\u00eddala, \u017ee m\u016fj mu\u017e a pan\u00ed \u0160af\u00e1\u0159ov\u00e1 byli dlouh\u00e1 l\u00e9ta p\u0159\u00e1teli. Co\u017e mi p\u0159i\u0161lo zaj\u00edmav\u00e9, proto\u017ee jej\u00ed jm\u00e9no v na\u0161\u00ed dom\u00e1cnosti nikdy nezazn\u011blo,\u201c uvedla tehdy.<\/p>\n<p data-start=\"1243\" data-end=\"1359\">Nazna\u010dila tak\u00e9, \u017ee zat\u00edmco ona byla doma se dv\u011bma mal\u00fdmi syny, jej\u00ed man\u017eel podle jej\u00edch slov tr\u00e1vil \u010das \u00fapln\u011b jinde.<\/p>\n<p data-start=\"1361\" data-end=\"1489\">Nejv\u011bt\u0161\u00ed rozruch ale vyvolala jej\u00ed slova o d\u011btech. Popsala toti\u017e, jak podle n\u00ed reagovaly na \u0160af\u00e1\u0159ovou b\u011bhem videohovor\u016f s otcem.<\/p>\n<p data-start=\"1491\" data-end=\"1728\">\u201eKdy\u017e m\u00e1 man\u017eel s d\u011btmi videohovor, v\u017edy jim pan\u00ed \u0160af\u00e1\u0159ovou ukazuje a ona jim m\u00e1v\u00e1. Kluci jsou z toho cel\u00ed tumpachov\u00ed a nev\u011bd\u00ed, co maj\u00ed d\u011blat. A za\u010d\u00ednaj\u00ed to bohu\u017eel ost\u0159e odm\u00edtat. Mysl\u00edm, \u017ee cht\u011bj\u00ed b\u00fdt hlavn\u011b s t\u00e1tou,\u201c \u0159ekla Vondr\u00e1\u010dkov\u00e1 podle webu Kafe.cz.\u00a0<\/p>\n<p data-start=\"1730\" data-end=\"1817\">Plekanec ale od za\u010d\u00e1tku trval na tom, \u017ee \u0160af\u00e1\u0159ov\u00e1 rozpad jejich man\u017eelstv\u00ed nezp\u016fsobila.<\/p>\n<p data-start=\"1819\" data-end=\"1969\">\u201eS Luckou jsme se spolu za\u010dali v\u00eddat. Bylo to a\u017e v dob\u011b rozchodu s man\u017eelkou a rozhodn\u011b to nebylo p\u0159\u00ed\u010dinou na\u0161eho rozvodu,\u201c h\u00e1jil svou sou\u010dasnou \u017eenu.<\/p>\n<p data-start=\"2214\" data-end=\"2510\" data-is-last-node=\"\" data-is-only-node=\"\">Od t\u00e9 doby uplynulo n\u011bkolik let. Plekanec se \u0160af\u00e1\u0159ovou zalo\u017eil rodinu a vychov\u00e1vaj\u00ed dv\u011b spole\u010dn\u00e9 d\u011bti. Tak\u00e9 vztahy s Vondr\u00e1\u010dkovou se postupn\u011b uklidnily. Jej\u00ed tehdej\u0161\u00ed slova ale dodnes pat\u0159\u00ed k nejost\u0159ej\u0161\u00edm vyj\u00e1d\u0159en\u00edm, kter\u00e1 po bou\u0159liv\u00e9m rozvodu zazn\u011bla.<\/p>\n<p>    <a href=\"https:\/\/www.ahaonline.cz\/clanek\/zhave-drby\/235932\/kamarad-muzikanta-vondracka-lhal-o-majetku-aby-neplatil-helene.html\" rel=\"nofollow noopener\" target=\"_blank\"><\/p>\n<p>        <img decoding=\"async\" src=\"https:\/\/www.europesays.com\/cz\/wp-content\/uploads\/2026\/07\/18-new_bigtitle-5586760.jpg\" alt=\"Kamar\u00e1d muzikanta Vondr\u00e1\u010dka: Lhal o majetku, aby neplatil Helen\u011b?\" title=\"Kamar\u00e1d muzikanta Vondr\u00e1\u010dka: Lhal o majetku, aby neplatil Helen\u011b?\" height=\"140\" width=\"220\" class=\"lazyload \" loading=\"lazy\" \/><\/p>\n<p>    <\/a><\/p>\n","protected":false},"excerpt":{"rendered":"Konec jednoho z nejsledovan\u011bj\u0161\u00edch man\u017eelstv\u00ed \u010desk\u00e9ho showbyznysu prov\u00e1zely emoce, obvin\u011bn\u00ed i ve\u0159ejn\u00e9 pran\u00ed \u0161pinav\u00e9ho pr\u00e1dla. Kdy\u017e Lucie Vondr\u00e1\u010dkov\u00e1&hellip;\n","protected":false},"author":2,"featured_media":164094,"comment_status":"","ping_status":"","sticky":false,"template":"","format":"standard","meta":{"footnotes":"","_share_on_mastodon":"0"},"categories":[14],"tags":[79,22054,18700,191,2491,18976,37537,8872,80,163,29421],"class_list":["post-164093","post","type-post","status-publish","format-standard","has-post-thumbnail","category-zabava","tag-entertainment","tag-hokejista","tag-lucie-safarova","tag-lucie-vondrackova","tag-manzelstvi","tag-matej-hadek","tag-tenista","tag-tomas-plekanec","tag-zabava","tag-zhave-drby","tag-zhaved-drby"],"share_on_mastodon":{"url":"https:\/\/pubeurope.com\/@cz\/117014330817601927","error":""},"_links":{"self":[{"href":"https:\/\/www.europesays.com\/cz\/wp-json\/wp\/v2\/posts\/164093","targetHints":{"allow":["GET"]}}],"collection":[{"href":"https:\/\/www.europesays.com\/cz\/wp-json\/wp\/v2\/posts"}],"about":[{"href":"https:\/\/www.europesays.com\/cz\/wp-json\/wp\/v2\/types\/post"}],"author":[{"embeddable":true,"href":"https:\/\/www.europesays.com\/cz\/wp-json\/wp\/v2\/users\/2"}],"replies":[{"embeddable":true,"href":"https:\/\/www.europesays.com\/cz\/wp-json\/wp\/v2\/comments?post=164093"}],"version-history":[{"count":0,"href":"https:\/\/www.europesays.com\/cz\/wp-json\/wp\/v2\/posts\/164093\/revisions"}],"wp:featuredmedia":[{"embeddable":true,"href":"https:\/\/www.europesays.com\/cz\/wp-json\/wp\/v2\/media\/164094"}],"wp:attachment":[{"href":"https:\/\/www.europesays.com\/cz\/wp-json\/wp\/v2\/media?parent=164093"}],"wp:term":[{"taxonomy":"category","embeddable":true,"href":"https:\/\/www.europesays.com\/cz\/wp-json\/wp\/v2\/categories?post=164093"},{"taxonomy":"post_tag","embeddable":true,"href":"https:\/\/www.europesays.com\/cz\/wp-json\/wp\/v2\/tags?post=164093"}],"curies":[{"name":"wp","href":"https:\/\/api.w.org\/{rel}","templated":true}]}}