{"id":164249,"date":"2026-07-31T13:55:15","date_gmt":"2026-07-31T13:55:15","guid":{"rendered":"https:\/\/www.europesays.com\/cz\/164249\/"},"modified":"2026-07-31T13:55:15","modified_gmt":"2026-07-31T13:55:15","slug":"iran-tvrdi-ze-provedl-dronovy-utok-na-americke-cile-v-kuvajtu","status":"publish","type":"post","link":"https:\/\/www.europesays.com\/cz\/164249\/","title":{"rendered":"\u00cdr\u00e1n tvrd\u00ed, \u017ee provedl dronov\u00fd \u00fatok na americk\u00e9 c\u00edle v\u00a0Kuvajtu"},"content":{"rendered":"<p class=\"e_bX\">\u00cdr\u00e1nsk\u00e1 arm\u00e1da v\u00a0p\u00e1tek ozn\u00e1mila, \u017ee v\u00a0odvet\u011b za americk\u00e9 \u00fadery proti \u00cdr\u00e1nu provedla dronov\u00fd \u00fatok na americk\u00e9 vojensk\u00e9 c\u00edle v\u00a0Kuvajtu. Informovala o\u00a0tom agentura AFP. Oblastn\u00ed velitelstv\u00ed americk\u00fdch sil CENTCOM tvrzen\u00ed Teher\u00e1nu dosud nekomentovalo. Kuvajtsk\u00e1 arm\u00e1da ale na s\u00edti X uvedla, \u017ee v\u00a0p\u00e1tek v\u00a0kuvajtsk\u00e9m vzdu\u0161n\u00e9m prostoru sest\u0159elila drony vyslan\u00e9 z\u00a0\u00cdr\u00e1nu.<\/p>\n<p class=\"e_bX\">\u00cdr\u00e1nsk\u00e1 arm\u00e1da tvrd\u00ed, \u017ee se zam\u011b\u0159ila hlavn\u011b na \u201e\u00fakryty bojov\u00fdch letadel, satelitn\u00ed komunika\u010dn\u00ed syst\u00e9my a\u00a0sklady vybaven\u00ed na leteck\u00e9 z\u00e1kladn\u011b Ahmada D\u017e\u00e1bira v\u00a0Kuvajtu\u201c.<\/p>\n<p class=\"e_bX\">\u00cdr\u00e1nsk\u00e1 arm\u00e1da ozna\u010dila tyto \u00fadery za \u201ereakci na ned\u00e1vnou agresi proti na\u0161\u00ed zemi ze strany teroristick\u00e9 americk\u00e9 arm\u00e1dy a\u00a0jej\u00ed brut\u00e1ln\u00ed \u00fatok na obytn\u00fd d\u016fm na ostrov\u011b Ke\u0161m\u201c. Podle \u00edr\u00e1nsk\u00fdch m\u00e9di\u00ed byli ve \u010dtvrtek p\u0159i \u00fatoc\u00edch na tento ostrov le\u017e\u00edc\u00ed v\u00a0Hormuzsk\u00e9m pr\u016flivu zabiti t\u0159i \u010dlenov\u00e9 jedn\u00e9 rodiny.<\/p>\n<p class=\"e_bX\">Kuvajtsk\u00e1 arm\u00e1da uvedla, \u017ee drony sest\u0159elila nad sv\u00fdm \u00fazem\u00edm a\u00a0\u017ee c\u00edlem \u00edr\u00e1nsk\u00e9 agrese bylo n\u011bkolik kl\u00ed\u010dov\u00fdch vojensk\u00fdch objekt\u016f. \u00datok podle kuvajtsk\u00fdch sil zp\u016fsobil hmotn\u00e9 \u0161kody, ale obe\u0161el se bez ob\u011bt\u00ed.<\/p>\n<p class=\"e_bX\">Konflikt na Bl\u00edzk\u00e9m v\u00fdchod\u011b se vyhrotil 28.\u00a0\u00fanora, kdy Spojen\u00e9 st\u00e1ty spole\u010dn\u011b s\u00a0Izraelem za\u00fato\u010dily na \u00cdr\u00e1n. Teher\u00e1n na to odpov\u011bd\u011bl \u00fadery proti Izraeli a\u00a0st\u00e1t\u016fm v\u00a0regionu, na jejich\u017e \u00fazem\u00ed jsou americk\u00e9 z\u00e1kladny.<\/p>\n<p class=\"e_bX\">Teher\u00e1n a\u00a0Washington podepsaly v\u00a0\u010dervnu memorandum o\u00a0porozum\u011bn\u00ed s\u00a0c\u00edlem zastavit vojensk\u00e9 operace a\u00a0znovu otev\u0159\u00edt Hormuzsk\u00fd pr\u016fliv, kter\u00fd je kl\u00ed\u010dov\u00fd pro p\u0159epravu ropy, jako\u017e i\u00a0dos\u00e1hnout dohody o\u00a0ukon\u010den\u00ed v\u00e1lky do 60\u00a0dn\u016f. T\u0159i t\u00fddny po podpisu v\u0161ak americk\u00fd prezident Donald Trump prohl\u00e1sil p\u0159\u00edm\u011b\u0159\u00ed za ukon\u010den\u00e9, proto\u017ee \u00cdr\u00e1n za\u00fato\u010dil na lod\u011b v\u00a0Hormuzsk\u00e9m pr\u016flivu a\u00a0Spojen\u00e9 st\u00e1ty na to reagovaly dal\u0161\u00edmi \u00fadery. P\u00e1kist\u00e1n, kter\u00fd byl prost\u0159edn\u00edkem v\u00a0jedn\u00e1n\u00edch mezi \u00cdr\u00e1nem a\u00a0USA, uvedl, \u017ee d\u011bl\u00e1 v\u0161e pro obnoven\u00ed rozhovor\u016f.<\/p>\n<p><a data-dot=\"mol-article-card-media\" aria-hidden=\"true\" tabindex=\"-1\" href=\"https:\/\/www.seznamzpravy.cz\/clanek\/zahranicni-valka-pohlcuje-dalsi-zeme-jako-pozar-iran-ocekava-prenosne-rakety-z-ciny-312097\" class=\"e_r f_l5\" rel=\"nofollow noopener\" target=\"_blank\"><img fetchpriority=\"high\" height=\"2160\"   width=\"3840\" src=\"https:\/\/www.europesays.com\/cz\/wp-content\/uploads\/2026\/07\/1785506114_596_dron-vojensky-armada.jpeg\" loading=\"eager\" decoding=\"sync\" class=\"e_aa e_Z\"\/><\/a><a data-dot=\"mol-article-card-media\" aria-hidden=\"true\" tabindex=\"-1\" href=\"https:\/\/www.seznamzpravy.cz\/clanek\/zahranicni-v-kaspickem-mori-se-propojily-dve-valky-iran-po-zasahu-lode-hrozi-ukrajine-311891\" class=\"e_r f_l5\" rel=\"nofollow noopener\" target=\"_blank\"><img height=\"1125\"   width=\"2000\" src=\"https:\/\/www.europesays.com\/cz\/wp-content\/uploads\/2026\/07\/1785506115_350_kaspicke-more.jpeg\" loading=\"eager\" decoding=\"sync\" class=\"e_aa e_Z\"\/><\/a><\/p>\n","protected":false},"excerpt":{"rendered":"\u00cdr\u00e1nsk\u00e1 arm\u00e1da v\u00a0p\u00e1tek ozn\u00e1mila, \u017ee v\u00a0odvet\u011b za americk\u00e9 \u00fadery proti \u00cdr\u00e1nu provedla dronov\u00fd \u00fatok na americk\u00e9 vojensk\u00e9 c\u00edle&hellip;\n","protected":false},"author":2,"featured_media":164250,"comment_status":"","ping_status":"","sticky":false,"template":"","format":"standard","meta":{"footnotes":"","_share_on_mastodon":"0"},"categories":[11],"tags":[808,7301,54,1887,113,897,53,52],"class_list":["post-164249","post","type-post","status-publish","format-standard","has-post-thumbnail","category-svet","tag-iran","tag-kuvajt","tag-svet","tag-teheran","tag-usa","tag-utok","tag-world","tag-world-news"],"share_on_mastodon":{"url":"https:\/\/pubeurope.com\/@cz\/117014936009683719","error":""},"_links":{"self":[{"href":"https:\/\/www.europesays.com\/cz\/wp-json\/wp\/v2\/posts\/164249","targetHints":{"allow":["GET"]}}],"collection":[{"href":"https:\/\/www.europesays.com\/cz\/wp-json\/wp\/v2\/posts"}],"about":[{"href":"https:\/\/www.europesays.com\/cz\/wp-json\/wp\/v2\/types\/post"}],"author":[{"embeddable":true,"href":"https:\/\/www.europesays.com\/cz\/wp-json\/wp\/v2\/users\/2"}],"replies":[{"embeddable":true,"href":"https:\/\/www.europesays.com\/cz\/wp-json\/wp\/v2\/comments?post=164249"}],"version-history":[{"count":0,"href":"https:\/\/www.europesays.com\/cz\/wp-json\/wp\/v2\/posts\/164249\/revisions"}],"wp:featuredmedia":[{"embeddable":true,"href":"https:\/\/www.europesays.com\/cz\/wp-json\/wp\/v2\/media\/164250"}],"wp:attachment":[{"href":"https:\/\/www.europesays.com\/cz\/wp-json\/wp\/v2\/media?parent=164249"}],"wp:term":[{"taxonomy":"category","embeddable":true,"href":"https:\/\/www.europesays.com\/cz\/wp-json\/wp\/v2\/categories?post=164249"},{"taxonomy":"post_tag","embeddable":true,"href":"https:\/\/www.europesays.com\/cz\/wp-json\/wp\/v2\/tags?post=164249"}],"curies":[{"name":"wp","href":"https:\/\/api.w.org\/{rel}","templated":true}]}}