{"id":164389,"date":"2026-07-31T16:03:11","date_gmt":"2026-07-31T16:03:11","guid":{"rendered":"https:\/\/www.europesays.com\/cz\/164389\/"},"modified":"2026-07-31T16:03:11","modified_gmt":"2026-07-31T16:03:11","slug":"budimex-ziskal-dalsi-velkou-zakazku-pro-rsd-rozsiri-hlavni-tah-z-brna-na-svitavy-na-tripruh","status":"publish","type":"post","link":"https:\/\/www.europesays.com\/cz\/164389\/","title":{"rendered":"Budimex z\u00edskal dal\u0161\u00ed velkou zak\u00e1zku pro \u0158SD. Roz\u0161\u00ed\u0159\u00ed hlavn\u00ed tah z Brna na Svitavy na t\u0159\u00edpruh"},"content":{"rendered":"<p>\n                                        Uzav\u0159en\u00ed smlouvy komplikoval spor o zaji\u0161t\u011bn\u00ed obalovny.                                     <\/p>\n<p>Spole\u010dnost Budimex z\u00edskala druhou zak\u00e1zku na modernizaci a roz\u0161\u00ed\u0159en\u00ed silnice I\/43 z Brna na Svitavy. Za 143,7 milionu korun bez DPH uprav\u00ed zhruba kilometrov\u00fd \u00fasek u obce Z\u00e1vist.<\/p>\n<p>Pro nejv\u011bt\u0161\u00ed\u00a0 polskou stavebn\u00ed firmu jde o t\u0159et\u00ed kontrakt\u00a0 na tuzemsk\u00fdch silnic\u00edch. K podpisu smlouvy do\u0161lo jen kr\u00e1tce pot\u00e9, co firma usp\u011bla se zak\u00e1zkou na p\u0159elo\u017eku silnice I\/43 u \u010cern\u00e9 Hory.<\/p>\n<p><a href=\"https:\/\/zdopravy.cz\/narovnani-silnice-u-brna-muze-zacit-po-roce-maji-polaci-smlouvu-rsd-vyrazne-usetri-289967\/\" rel=\"nofollow noopener\" target=\"_blank\">Narovn\u00e1n\u00ed silnice u Brna m\u016f\u017ee za\u010d\u00edt, po roce maj\u00ed Pol\u00e1ci smlouvu. \u0158SD v\u00fdrazn\u011b u\u0161et\u0159\u00ed<\/a><\/p>\n<p>Podpis smlouvy n\u011bkolik m\u011bs\u00edc\u016f oddalovalo <a href=\"https:\/\/uohs.gov.cz\/cs\/verejne-zakazky\/sbirky-rozhodnuti\/detail-24193.html\" target=\"_blank\" rel=\"noopener nofollow\">\u0159\u00edzen\u00ed u \u00da\u0159adu pro ochranu hospod\u00e1\u0159sk\u00e9 sout\u011b\u017ee<\/a>, na kter\u00fd se obr\u00e1tily spole\u010dnosti Eurovia CZ a Porr. Firmy napadaly skute\u010dnost, \u017ee Budimex nem\u00e1 zaji\u0161t\u011bnou obalovnu v dostate\u010dn\u00e9 vzd\u00e1lenosti. V prvn\u00ed instanci \u00daOHS dal firm\u00e1m za pravdu, \u0158SD v\u00edt\u011bzstv\u00ed zru\u0161ilo. N\u00e1sledn\u011b Budimex prok\u00e1zal zaji\u0161t\u011bn\u00ed jinou obalovnou, proti tomu u\u017e \u017e\u00e1dn\u00e9 odvol\u00e1n\u00ed nep\u0159i\u0161lo.<\/p>\n<p><a class=\"col-4 mb-2 new-gallery-item\" href=\"https:\/\/zdopravy.cz\/budimex-ziskal-dalsi-velkou-zakazku-pro-rsd-rozsiri-hlavni-tah-z-brna-na-svitavy-na-tripruh-290971\/?new_gallery=1&amp;photo=1\" data-full=\"https:\/\/zdopravy.cz\/wp-content\/uploads\/2025\/08\/zavist.jpg\" data-index=\"0\" data-caption=\"\u00dapravy silnice I\/43 u obce Z\u00e1vist. Foto: \u0158SD\" rel=\"nofollow noopener\" target=\"_blank\"><img decoding=\"async\" alt=\"\u00dapravy silnice I\/43 u obce Z\u00e1vist. Foto: \u0158SD\" loading=\"lazy\" class=\"img-fluid\" src=\"https:\/\/www.europesays.com\/cz\/wp-content\/uploads\/2026\/07\/zavist-300x240.jpg\"\/><\/a><\/p>\n<p>V sout\u011b\u017ei na stavbu stoupac\u00edho pruhu u Z\u00e1visti na vyt\u00ed\u017een\u00e9 silnici I\/43 mezi Brnem a Svitavami nab\u00eddl Budimex nejen nejni\u017e\u0161\u00ed cenu, ale i dobu v\u00fdstavby. Odhadovan\u00e1 cena byla 154 milion\u016f korun. Budimex nab\u00eddl silnici roz\u0161\u00ed\u0159it za 143 milion\u016f korun a za 250 dn\u016f. Ostatn\u00ed nab\u00eddli dokon\u010den\u00ed stavby nejm\u00e9n\u011b za 310 dn\u016f.<\/p>\n<p>\u0158SD si od akce slibuje \u201eodstran\u011bn\u00ed n\u011bkolika dopravn\u00edch z\u00e1vad\u201c na t\u00e9to silnici. Krom\u011b nov\u00e9ho pruhu pro p\u0159edj\u00ed\u017ed\u011bn\u00ed vznikne i nov\u00e1 cyklostezka pod\u00e9l silnice. Sou\u010d\u00e1st\u00ed \u00faprav kilometr dlouh\u00e9ho \u00faseku silnice bude tak\u00e9 prom\u011bna \u00farov\u0148ov\u00e9 pr\u016fse\u010dn\u00e9 k\u0159i\u017eovatky s m\u00edstn\u00ed komunikac\u00ed obce Z\u00e1vist, propojuj\u00edc\u00ed silnic\u00ed I\/43 rozd\u011blen\u00e9 dv\u011b \u010d\u00e1sti obce. \u201eM\u00edstn\u00ed komunikace k\u0159\u00ed\u017e\u00ed silnice pod zcela nevhodn\u00fdm \u00fahlem 30\u00b0, napojen\u00ed k\u0159i\u017eovatkov\u00fdch v\u011btv\u00ed m\u00e1 pod\u00e9ln\u00fd sklon p\u0159es 10 % s tvrd\u00fdmi lomy napojen\u00ed na silnici,\u201c p\u00ed\u0161e \u0158SD v let\u00e1ku.<\/p>\n<p>\u201eZ\u00edsk\u00e1n\u00ed dal\u0161\u00ed navazuj\u00edc\u00ed zak\u00e1zky na silnici I\/43 potvrzuje, \u017ee dok\u00e1\u017eeme na \u010desk\u00e9m trhu opakovan\u011b nab\u00eddnout kvalitn\u00ed a konkurenceschopn\u00e9 \u0159e\u0161en\u00ed. Realizace dvou sousedn\u00edch staveb n\u00e1m z\u00e1rove\u0148 umo\u017en\u00ed efektivn\u011b koordinovat p\u0159\u00edpravu i postup prac\u00ed,\u201c \u0159ekl Cezary \u0141ysenko, \u010dlen p\u0159edstavenstva spole\u010dnosti Budimex.<\/p>\n<p>\u00a0<\/p>\n<p>                                                        Tagy<\/p>\n<p>                                                                                                                                                                                                                            <a href=\"https:\/\/zdopravy.cz\/tag\/budimex\/\" type=\"button\" class=\"btn btn-secondary mb-1 btn-sm\" rel=\"nofollow noopener\" target=\"_blank\"><br \/>\n                                                                Budimex                                                            <\/a><br \/>\n                                                                                                                                                                                                                                <a href=\"https:\/\/zdopravy.cz\/tag\/i-43\/\" type=\"button\" class=\"btn btn-secondary mb-1 btn-sm\" rel=\"nofollow noopener\" target=\"_blank\"><br \/>\n                                                                I\/43                                                            <\/a><br \/>\n                                                                                                                                                                                                                                <a href=\"https:\/\/zdopravy.cz\/tag\/i-43-zavist\/\" type=\"button\" class=\"btn btn-secondary mb-1 btn-sm\" rel=\"nofollow noopener\" target=\"_blank\"><br \/>\n                                                                I\/43 Z\u00e1vist                                                            <\/a><br \/>\n                                                                                                                                                                                                                                <a href=\"https:\/\/zdopravy.cz\/tag\/reditelstvi-silnic-a-dalnic\/\" type=\"button\" class=\"btn btn-secondary mb-1 btn-sm\" rel=\"nofollow noopener\" target=\"_blank\"><br \/>\n                                                                \u0158editelstv\u00ed silnic a d\u00e1lnic                                                            <\/a><br \/>\n                                                                                                                                                                                                                                <a href=\"https:\/\/zdopravy.cz\/tag\/rsd\/\" type=\"button\" class=\"btn btn-secondary mb-1 btn-sm\" rel=\"nofollow noopener\" target=\"_blank\"><br \/>\n                                                                \u0158SD                                                            <\/a><\/p>\n<p>                                                <a href=\"https:\/\/zdopravy.cz\/budimex-ziskal-dalsi-velkou-zakazku-pro-rsd-rozsiri-hlavni-tah-z-brna-na-svitavy-na-tripruh-290971\/?comments=1#comments\" class=\"ml-3 text-body mb-3 mt-4 d-inline-block\" rel=\"nofollow noopener\" target=\"_blank\"><\/p>\n<p>                                                    2 koment\u00e1\u0159e                                                <\/a><\/p>\n","protected":false},"excerpt":{"rendered":"Uzav\u0159en\u00ed smlouvy komplikoval spor o zaji\u0161t\u011bn\u00ed obalovny. Spole\u010dnost Budimex z\u00edskala druhou zak\u00e1zku na modernizaci a roz\u0161\u00ed\u0159en\u00ed silnice I\/43&hellip;\n","protected":false},"author":2,"featured_media":164390,"comment_status":"","ping_status":"","sticky":false,"template":"","format":"standard","meta":{"footnotes":"","_share_on_mastodon":"0"},"categories":[7],"tags":[8431,43,42,41,40,8432,8433,2607,2608,119],"class_list":["post-164389","post","type-post","status-publish","format-standard","has-post-thumbnail","category-cesko","tag-budimex","tag-ceska-republika","tag-cesko","tag-czech-republic","tag-czechia","tag-i-43","tag-i-43-zavist","tag-reditelstvi-silnic-a-dalnic","tag-rsd","tag-seznam"],"share_on_mastodon":{"url":"https:\/\/pubeurope.com\/@cz\/117015439337088232","error":""},"_links":{"self":[{"href":"https:\/\/www.europesays.com\/cz\/wp-json\/wp\/v2\/posts\/164389","targetHints":{"allow":["GET"]}}],"collection":[{"href":"https:\/\/www.europesays.com\/cz\/wp-json\/wp\/v2\/posts"}],"about":[{"href":"https:\/\/www.europesays.com\/cz\/wp-json\/wp\/v2\/types\/post"}],"author":[{"embeddable":true,"href":"https:\/\/www.europesays.com\/cz\/wp-json\/wp\/v2\/users\/2"}],"replies":[{"embeddable":true,"href":"https:\/\/www.europesays.com\/cz\/wp-json\/wp\/v2\/comments?post=164389"}],"version-history":[{"count":0,"href":"https:\/\/www.europesays.com\/cz\/wp-json\/wp\/v2\/posts\/164389\/revisions"}],"wp:featuredmedia":[{"embeddable":true,"href":"https:\/\/www.europesays.com\/cz\/wp-json\/wp\/v2\/media\/164390"}],"wp:attachment":[{"href":"https:\/\/www.europesays.com\/cz\/wp-json\/wp\/v2\/media?parent=164389"}],"wp:term":[{"taxonomy":"category","embeddable":true,"href":"https:\/\/www.europesays.com\/cz\/wp-json\/wp\/v2\/categories?post=164389"},{"taxonomy":"post_tag","embeddable":true,"href":"https:\/\/www.europesays.com\/cz\/wp-json\/wp\/v2\/tags?post=164389"}],"curies":[{"name":"wp","href":"https:\/\/api.w.org\/{rel}","templated":true}]}}