{"id":165834,"date":"2026-08-02T09:08:11","date_gmt":"2026-08-02T09:08:11","guid":{"rendered":"https:\/\/www.europesays.com\/cz\/165834\/"},"modified":"2026-08-02T09:08:11","modified_gmt":"2026-08-02T09:08:11","slug":"tesla-cybertruck-je-prodejni-propadak-letosni-cisla-nepotesi","status":"publish","type":"post","link":"https:\/\/www.europesays.com\/cz\/165834\/","title":{"rendered":"Tesla Cybertruck je prodejn\u00ed propad\u00e1k, leto\u0161n\u00ed \u010d\u00edsla nepot\u011b\u0161\u00ed"},"content":{"rendered":"<p>Cybetruck\u016f se m\u011bly po silnic\u00edch proh\u00e1n\u011bt statis\u00edce, ne-li miliony. V USA ale kumulativn\u00ed prodeje horko t\u011b\u017eko p\u0159ekonaly 60 tis\u00edc.<\/p>\n<p>Tesla Cybertruck je vozem, kter\u00fd \u0161okoval. Ne\u017e se ale od sv\u00e9 prvn\u00ed prezentace za\u010dal ve skute\u010dnosti opravdu prod\u00e1vat, ub\u011bhlo n\u011bkolik let. Mezit\u00edm sv\u00e9 elektrick\u00e9 pickupy p\u0159edstavila i konkurence, kter\u00e1 je prod\u00e1vala i o n\u011bco d\u0159\u00edve, ale v z\u00e1sad\u011b se nikomu nepovedlo prosadit. Elektrick\u00e9 pickupy \u201cna <a target=\"_blank\" rel=\"noopener noreferrer sponsored nofollow\" href=\"https:\/\/www.smarty.cz\/Produkty\/powerbanky\">baterky<\/a>\u201d v USA\u00a0selhaly a prodejn\u011b to byla jedna trag\u00e9die vedle druh\u00e9. Moc se neda\u0159ilo ani Tesle Cybertruck, u n\u00ed\u017e se mluvilo o z\u00e1m\u011bru vyr\u00e1b\u011bt ji ve stovk\u00e1ch tis\u00edc\u016f ro\u010dn\u011b.<\/p>\n<p>V prvn\u00edm roce (tj. 2024) Tesla v USA prodala 38.965 Cybetruck\u016f, co\u017e sice nejsou \u0161estim\u00edstn\u00e9 cifry, ale na kontroverzn\u011b vypadaj\u00edc\u00ed elektrick\u00fd pickup to a\u017e tak hrozn\u00e9 nebylo. Jen\u017ee v roce 2025 u\u017e byly celoro\u010dn\u00ed prodeje jen 20.237 kus\u016f, a tak jsme se ani po dvou letech prodej\u016f nedostali na \u0161esticifern\u00e1 \u010d\u00edsla, a to ani kumulativn\u011b. Letos to do kv\u011btna byla 7.133 Cybertruck\u016f, tak\u017ee se patrn\u011b u\u017e budeme pohybovat pod hranic\u00ed 20 tis\u00edc, tedy na polovin\u011b toho, co v prvn\u00edm roce. Zd\u00e1 se, \u017ee prvn\u00edch 100 tis\u00edc kus\u016f (kumulativn\u011b) bychom tak mohli s takov\u00fdm tempem dos\u00e1hnout v USA po cca 5 letech prodeje, n\u011bkdy v letech 2028\/2029.<\/p>\n<p>\t\t\tTesla Cybertruck<\/p>\n<p>Cybertruck se neprod\u00e1v\u00e1 jen v USA, ale po\u010det zem\u00ed, kde je nab\u00edzen, je dost omezen\u00fd. Data o produkci Tesly nicm\u00e9n\u011b ukazuj\u00ed, \u017ee po\u010dty prodej\u016f ani s dal\u0161\u00edmi zem\u011bmi nebudou p\u0159\u00edli\u0161 vysok\u00e9. V datech Tesly se do jedn\u00e9 kategorie se Cybertruckem po\u010d\u00edt\u00e1 i Model S a X, p\u0159i\u010dem\u017e tato data \u0159\u00edkaj\u00ed, \u017ee v Q1\/26 bylo v\u0161ech t\u011bchto 3 model\u016f vyrobeno 13,8 tis\u00edc, v Q2\/26 pak jen 8,1 tis\u00edce (po\u010d\u00e1tkem kv\u011btna toti\u017e skon\u010dila v\u00fdroba Modelu S a X).\u00a0<\/p>\n<p>To znamen\u00e1, \u017ee v posledn\u00edm \u010dtvrtlet\u00ed muselo b\u00fdt vyrobeno m\u00e9n\u011b ne\u017e on\u011bch 8 tis\u00edc Cybertruck\u016f (dod\u00e1no bylo n\u011bco p\u0159es 12 tis\u00edc voz\u016f S\/X\/Cybertruck). P\u0159ipome\u0148me, \u017ee Tesla ned\u00e1vno za\u010dala produkci elektrick\u00e9ho 2sedadlov\u00e9ho tax\u00edku Cybercab a st\u00e1le je\u0161t\u011b p\u0159ipravuje druhou generaci Roadsteru, na kterou se \u010dek\u00e1 u\u017e skoro 10 let od prvn\u00edho p\u0159edstaven\u00ed vozu.<\/p>\n","protected":false},"excerpt":{"rendered":"Cybetruck\u016f se m\u011bly po silnic\u00edch proh\u00e1n\u011bt statis\u00edce, ne-li miliony. V USA ale kumulativn\u00ed prodeje horko t\u011b\u017eko p\u0159ekonaly 60&hellip;\n","protected":false},"author":2,"featured_media":165835,"comment_status":"","ping_status":"","sticky":false,"template":"","format":"standard","meta":{"footnotes":"","_share_on_mastodon":"0"},"categories":[13],"tags":[1902,74,73,78,75,77,76],"class_list":["post-165834","post","type-post","status-publish","format-standard","has-post-thumbnail","category-veda-a-technika","tag-novinka","tag-science","tag-science-technology","tag-technika","tag-technology","tag-veda","tag-veda-a-technika"],"share_on_mastodon":{"url":"https:\/\/pubeurope.com\/@cz\/117025131999086666","error":""},"_links":{"self":[{"href":"https:\/\/www.europesays.com\/cz\/wp-json\/wp\/v2\/posts\/165834","targetHints":{"allow":["GET"]}}],"collection":[{"href":"https:\/\/www.europesays.com\/cz\/wp-json\/wp\/v2\/posts"}],"about":[{"href":"https:\/\/www.europesays.com\/cz\/wp-json\/wp\/v2\/types\/post"}],"author":[{"embeddable":true,"href":"https:\/\/www.europesays.com\/cz\/wp-json\/wp\/v2\/users\/2"}],"replies":[{"embeddable":true,"href":"https:\/\/www.europesays.com\/cz\/wp-json\/wp\/v2\/comments?post=165834"}],"version-history":[{"count":0,"href":"https:\/\/www.europesays.com\/cz\/wp-json\/wp\/v2\/posts\/165834\/revisions"}],"wp:featuredmedia":[{"embeddable":true,"href":"https:\/\/www.europesays.com\/cz\/wp-json\/wp\/v2\/media\/165835"}],"wp:attachment":[{"href":"https:\/\/www.europesays.com\/cz\/wp-json\/wp\/v2\/media?parent=165834"}],"wp:term":[{"taxonomy":"category","embeddable":true,"href":"https:\/\/www.europesays.com\/cz\/wp-json\/wp\/v2\/categories?post=165834"},{"taxonomy":"post_tag","embeddable":true,"href":"https:\/\/www.europesays.com\/cz\/wp-json\/wp\/v2\/tags?post=165834"}],"curies":[{"name":"wp","href":"https:\/\/api.w.org\/{rel}","templated":true}]}}