{"id":166030,"date":"2026-08-02T13:26:13","date_gmt":"2026-08-02T13:26:13","guid":{"rendered":"https:\/\/www.europesays.com\/cz\/166030\/"},"modified":"2026-08-02T13:26:13","modified_gmt":"2026-08-02T13:26:13","slug":"ve-francii-hori-sklad-s-nebezpecnymi-chemikaliemi","status":"publish","type":"post","link":"https:\/\/www.europesays.com\/cz\/166030\/","title":{"rendered":"Ve Francii ho\u0159\u00ed sklad s\u00a0nebezpe\u010dn\u00fdmi chemik\u00e1liemi"},"content":{"rendered":"<p class=\"c_bB\">Sklad spad\u00e1 pod sm\u011brnici nazvanou Seveso o\u00a0nakl\u00e1d\u00e1n\u00ed s\u00a0nebezpe\u010dn\u00fdmi l\u00e1tkami, kter\u00e1 vznikla v\u00a0reakci na \u00fanik vysoce toxick\u00e9ho dioxinu v\u00a0italsk\u00e9m m\u011bst\u011b Seveso v\u00a0roce 1976.<\/p>\n<p class=\"c_bB\">\u201eZ preventivn\u00edch d\u016fvod\u016f \u017e\u00e1d\u00e1me obyvatele obc\u00ed Gandrange, Amn\u00e9ville, Vitry-sur-Orne, Clouange a\u00a0Rombas, aby a\u017e do odvol\u00e1n\u00ed z\u016fstali ve sv\u00fdch domovech,\u201c uvedla prefektura. <\/p>\n<p class=\"c_bB\">Po\u017e\u00e1r postihl sklad o\u00a0rozloze 500\u00a0metr\u016f \u010dtvere\u010dn\u00edch v\u00a0are\u00e1lu spole\u010dnosti Safe (SUEZ Alternative Fuels &amp; Energies) v\u00a0pr\u016fmyslov\u00e9 z\u00f3n\u011b Gandrange. Zm\u00edn\u011bn\u00e1 firma se zab\u00fdv\u00e1 energetick\u00fdm vyu\u017e\u00edv\u00e1n\u00edm odpad\u016f, v\u00fdrobou bioplynu a\u00a0dekarbonizac\u00ed pr\u016fmyslu.<\/p>\n<p class=\"c_bB\">\u201eBezpe\u010dnostn\u00ed a\u00a0z\u00e1chrann\u00e9 slo\u017eky jsou na m\u00edst\u011b v\u00a0pln\u00e9 pohotovosti. Z\u00e1chrann\u00e9 operace st\u00e1le prob\u00edhaj\u00ed,\u201c dodala podle <a data-dot=\"atm-link\" target=\"_blank\" rel=\"noopener nofollow\" href=\"https:\/\/www.lefigaro.fr\/societes\/moselle-30-000-habitants-appeles-a-se-confiner-apres-l-incendie-d-un-entrepot-20260802\" class=\"c_N\">Le Figaro<\/a> prefektura.<\/p>\n<p>Ned\u00fdchateln\u00fd vzduch<\/p>\n<p class=\"c_bB\">\u201eZ\u016fsta\u0148te doma, zav\u0159ete v\u0161echny dve\u0159e a\u00a0okna. Vyhn\u011bte se v\u0161em zbyte\u010dn\u00fdm v\u00fdlet\u016fm a\u00a0cestov\u00e1n\u00ed. Za \u017e\u00e1dn\u00fdch okolnost\u00ed se nep\u0159ibli\u017eujte k\u00a0po\u017e\u00e1rn\u00ed z\u00f3n\u011b,\u201c zjednodu\u0161il v\u00fdzvu prefektury <a data-dot=\"atm-link\" target=\"_blank\" rel=\"noopener nofollow\" href=\"https:\/\/www.facebook.com\/people\/Quentin-Bigot\/100004534366343\/#\" class=\"c_N\">na sv\u00e9m Facebooku <\/a>starosta Gandrange Quentin Bigot.<\/p>\n<p class=\"c_bB\">V posti\u017een\u00e9 oblasti se od ned\u011bln\u00edho odpoledne \u0161\u00ed\u0159\u00ed \u010dern\u00fd d\u00fdm. \u201eVzduch je prost\u011b ned\u00fdchateln\u00fd,\u201c \u0159ekl jeden z\u00a0obyvatel Amn\u00e9ville.<\/p>\n<p class=\"c_bB\">V m\u00edst\u011b katastrofy je nasazeno 130\u00a0hasi\u010d\u016f se 75\u00a0vozidly a\u00a0specializovan\u00e9 protichemick\u00e9 jednotky. Prefektura Moselle obyvatel\u016fm posti\u017een\u00e9 obce sl\u00edbila, \u017ee \u201ebude komunikovat, jakmile budou k\u00a0dispozici dal\u0161\u00ed informace\u201c.<\/p>\n<p><a data-dot=\"atm-link\" target=\"_self\" href=\"https:\/\/www.novinky.cz\/clanek\/zahranicni-hasici-dostali-pod-kontrolu-pozar-ve-francouzskem-gironde-40590814\" class=\"c_N\" rel=\"nofollow noopener\"><img fetchpriority=\"high\" height=\"2304\" width=\"4096\" src=\"https:\/\/www.europesays.com\/cz\/wp-content\/uploads\/2026\/08\/1785677173_563_436d.jpeg\" loading=\"eager\" decoding=\"sync\" class=\"c_t c_r\"\/><\/a><\/p>\n","protected":false},"excerpt":{"rendered":"Sklad spad\u00e1 pod sm\u011brnici nazvanou Seveso o\u00a0nakl\u00e1d\u00e1n\u00ed s\u00a0nebezpe\u010dn\u00fdmi l\u00e1tkami, kter\u00e1 vznikla v\u00a0reakci na \u00fanik vysoce toxick\u00e9ho dioxinu v\u00a0italsk\u00e9m&hellip;\n","protected":false},"author":2,"featured_media":166031,"comment_status":"","ping_status":"","sticky":false,"template":"","format":"standard","meta":{"footnotes":"","_share_on_mastodon":"0"},"categories":[10],"tags":[6191,378,17,21,16,735,20980,18,19,22,20],"class_list":["post-166030","post","type-post","status-publish","format-standard","has-post-thumbnail","category-zpravy","tag-chemikalie","tag-francie","tag-headlines","tag-hlavni-udalosti","tag-news","tag-pozar","tag-sklady","tag-top-news","tag-top-stories","tag-udalosti-dne","tag-zpravy"],"share_on_mastodon":{"url":"https:\/\/pubeurope.com\/@cz\/117026146826672156","error":""},"_links":{"self":[{"href":"https:\/\/www.europesays.com\/cz\/wp-json\/wp\/v2\/posts\/166030","targetHints":{"allow":["GET"]}}],"collection":[{"href":"https:\/\/www.europesays.com\/cz\/wp-json\/wp\/v2\/posts"}],"about":[{"href":"https:\/\/www.europesays.com\/cz\/wp-json\/wp\/v2\/types\/post"}],"author":[{"embeddable":true,"href":"https:\/\/www.europesays.com\/cz\/wp-json\/wp\/v2\/users\/2"}],"replies":[{"embeddable":true,"href":"https:\/\/www.europesays.com\/cz\/wp-json\/wp\/v2\/comments?post=166030"}],"version-history":[{"count":0,"href":"https:\/\/www.europesays.com\/cz\/wp-json\/wp\/v2\/posts\/166030\/revisions"}],"wp:featuredmedia":[{"embeddable":true,"href":"https:\/\/www.europesays.com\/cz\/wp-json\/wp\/v2\/media\/166031"}],"wp:attachment":[{"href":"https:\/\/www.europesays.com\/cz\/wp-json\/wp\/v2\/media?parent=166030"}],"wp:term":[{"taxonomy":"category","embeddable":true,"href":"https:\/\/www.europesays.com\/cz\/wp-json\/wp\/v2\/categories?post=166030"},{"taxonomy":"post_tag","embeddable":true,"href":"https:\/\/www.europesays.com\/cz\/wp-json\/wp\/v2\/tags?post=166030"}],"curies":[{"name":"wp","href":"https:\/\/api.w.org\/{rel}","templated":true}]}}