{"id":166878,"date":"2026-08-03T11:13:38","date_gmt":"2026-08-03T11:13:38","guid":{"rendered":"https:\/\/www.europesays.com\/cz\/166878\/"},"modified":"2026-08-03T11:13:38","modified_gmt":"2026-08-03T11:13:38","slug":"prvni-slova-irglove-po-smrti-hansarda-%e2%80%a056","status":"publish","type":"post","link":"https:\/\/www.europesays.com\/cz\/166878\/","title":{"rendered":"Prvn\u00ed slova Irglov\u00e9 po smrti Hansarda (\u202056)"},"content":{"rendered":"<p>Nyn\u00ed i ona vyj\u00e1d\u0159ila up\u0159\u00edmnou soustrast jeho rodin\u011b&#8230; Tvo\u0159ili spolu, milovali se a dokonce si za svoji baladu Falling Slowly vyslou\u017eili filmov\u00e9ho Oscara. Jejich l\u00e1ska trvala pouh\u00e9 t\u0159i roky, ale spole\u010dn\u00e1 tvorba p\u0159etrv\u00e1vala. Glen pro Mark\u00e9tu nikdy nep\u0159estal b\u00fdt v\u00fdznamnou sou\u010d\u00e1st\u00ed jej\u00edho \u017eivota. \u201eN\u00e1\u0161 vztah byl logick\u00fdm vy\u00fast\u011bn\u00edm na\u0161\u00ed spolupr\u00e1ce. Jeden k druh\u00e9mu jsme p\u0159ilnuli,\u201c komentoval v roce 2009 jejich rozchod <a class=\"celebrity celebwiki\" href=\"https:\/\/celebwiki.blesk.cz\/osobnost\/1636\/glen-hansard\/\" target=\"_blank\" rel=\"nofollow noopener\">Hansard<\/a>, jeho\u017e smrt <a class=\"celebrity celebwiki\" href=\"https:\/\/celebwiki.blesk.cz\/osobnost\/1635\/marketa-irglova\/\" target=\"_blank\" rel=\"nofollow noopener\">Irglovou<\/a> zdrtila.<\/p>\n<p style=\"text-align: center;\">Posledn\u00ed koncert Glena Hansarda (\u202056)<\/p>\n<p>\u201eMoje nejhlub\u0161\u00ed soustrast Glenov\u011b rodin\u011b, jeho bratr\u016fm a jeho kr\u00e1sn\u00e9 \u017een\u011b a synovi, jste v m\u00fdch my\u0161lenk\u00e1ch a modlitb\u00e1ch. Je mi moc l\u00edto va\u0161\u00ed tragick\u00e9 ztr\u00e1ty, m\u00e9 srdce je s v\u00e1mi. K\u00e9\u017e v\u00e1s jeho l\u00e1ska v\u017edy obklopuje, jeho duch v\u00e1s vede a chr\u00e1n\u00ed a k\u00e9\u017e jeho sv\u011btlo sv\u00edt\u00ed po v\u0161echny va\u0161e dny,\u201c uvedla hudebnice na soci\u00e1ln\u00edch s\u00edt\u00edch a p\u0159idala i n\u011bkolik ver\u0161\u016f z Bible.<\/p>\n<p style=\"text-align: center;\">Zem\u0159el Glen Hansard (\u202056)<\/p>\n<p>    <a href=\"https:\/\/www.ahaonline.cz\/clanek\/zhave-drby\/236248\/utajena-stranka-zesnuleho-hansarda-vytouzeneho-syna-se-dockal-az-po-50.html\" rel=\"nofollow noopener\" target=\"_blank\"><\/p>\n<p>        <img decoding=\"async\" src=\"https:\/\/www.europesays.com\/cz\/wp-content\/uploads\/2026\/08\/9925577.jpg\" alt=\"Utajen\u00e1 str\u00e1nka zesnul\u00e9ho Hansarda: Vytou\u017een\u00e9ho syna se do\u010dkal a\u017e po 50\" title=\"Utajen\u00e1 str\u00e1nka zesnul\u00e9ho Hansarda: Vytou\u017een\u00e9ho syna se do\u010dkal a\u017e po 50\" height=\"140\" width=\"220\" class=\"lazyload \" loading=\"lazy\" \/><\/p>\n<p>    <\/a><\/p>\n","protected":false},"excerpt":{"rendered":"Nyn\u00ed i ona vyj\u00e1d\u0159ila up\u0159\u00edmnou soustrast jeho rodin\u011b&#8230; Tvo\u0159ili spolu, milovali se a dokonce si za svoji baladu&hellip;\n","protected":false},"author":2,"featured_media":166879,"comment_status":"","ping_status":"","sticky":false,"template":"","format":"standard","meta":{"footnotes":"","_share_on_mastodon":"0"},"categories":[14],"tags":[79,34568,10928,2698,651,81,80,163],"class_list":["post-166878","post","type-post","status-publish","format-standard","has-post-thumbnail","category-zabava","tag-entertainment","tag-glen-hansard","tag-marketa-irglova","tag-reakce","tag-rodina","tag-umrti","tag-zabava","tag-zhave-drby"],"share_on_mastodon":{"url":"https:\/\/pubeurope.com\/@cz\/117031285955965216","error":""},"_links":{"self":[{"href":"https:\/\/www.europesays.com\/cz\/wp-json\/wp\/v2\/posts\/166878","targetHints":{"allow":["GET"]}}],"collection":[{"href":"https:\/\/www.europesays.com\/cz\/wp-json\/wp\/v2\/posts"}],"about":[{"href":"https:\/\/www.europesays.com\/cz\/wp-json\/wp\/v2\/types\/post"}],"author":[{"embeddable":true,"href":"https:\/\/www.europesays.com\/cz\/wp-json\/wp\/v2\/users\/2"}],"replies":[{"embeddable":true,"href":"https:\/\/www.europesays.com\/cz\/wp-json\/wp\/v2\/comments?post=166878"}],"version-history":[{"count":0,"href":"https:\/\/www.europesays.com\/cz\/wp-json\/wp\/v2\/posts\/166878\/revisions"}],"wp:featuredmedia":[{"embeddable":true,"href":"https:\/\/www.europesays.com\/cz\/wp-json\/wp\/v2\/media\/166879"}],"wp:attachment":[{"href":"https:\/\/www.europesays.com\/cz\/wp-json\/wp\/v2\/media?parent=166878"}],"wp:term":[{"taxonomy":"category","embeddable":true,"href":"https:\/\/www.europesays.com\/cz\/wp-json\/wp\/v2\/categories?post=166878"},{"taxonomy":"post_tag","embeddable":true,"href":"https:\/\/www.europesays.com\/cz\/wp-json\/wp\/v2\/tags?post=166878"}],"curies":[{"name":"wp","href":"https:\/\/api.w.org\/{rel}","templated":true}]}}