{"id":166924,"date":"2026-08-03T11:47:14","date_gmt":"2026-08-03T11:47:14","guid":{"rendered":"https:\/\/www.europesays.com\/cz\/166924\/"},"modified":"2026-08-03T11:47:14","modified_gmt":"2026-08-03T11:47:14","slug":"valka-prahy-6-se-stredocechy-graduje-jednosmerku-resi-magistrat-i-kraj-ropid-pripravil-zalozni-reseni","status":"publish","type":"post","link":"https:\/\/www.europesays.com\/cz\/166924\/","title":{"rendered":"V\u00e1lka Prahy 6 se St\u0159edo\u010dechy graduje. Jednosm\u011brku \u0159e\u0161\u00ed magistr\u00e1t i kraj, Ropid p\u0159ipravil z\u00e1lo\u017en\u00ed \u0159e\u0161en\u00ed"},"content":{"rendered":"<p>\u010c\u00e1ste\u010dn\u00e9 zjednosm\u011brn\u011bn\u00ed ulice Na Krutci ve \u0161pi\u010dk\u00e1ch pracovn\u00edch dn\u00ed za\u010dal \u0159e\u0161it pra\u017esk\u00fd magistr\u00e1t, st\u0159edo\u010desk\u00fd krajsk\u00fd \u00fa\u0159ad i organiz\u00e1tor dopravy Ropid. Jednostrann\u00fd krok Prahy 6, kter\u00fd zamezil obj\u00ed\u017ed\u011bn\u00ed kolon na \u010dasto ucpan\u00e9 Horom\u011b\u0159ick\u00e9, vyvolal velk\u00fd odpor sousedn\u00edch obc\u00ed a m\u011bstsk\u00fdch \u010d\u00e1st\u00ed. Zkomplikoval toti\u017e doj\u00ed\u017ed\u011bn\u00ed do Prahy \u0159ad\u011b St\u0159edo\u010dech\u016f, podle odp\u016frc\u016f pak tak\u00e9 vede k dal\u0161\u00edmu zpo\u017e\u010fov\u00e1n\u00ed p\u0159\u00edm\u011bstsk\u00fdch autobusov\u00fdch linek region\u00e1ln\u00ed dopravy.<\/p>\n<p>Inici\u00e1to\u0159i \u010dasov\u011b omezen\u00e9ho zjednosm\u011brn\u011bn\u00ed naopak kvituj\u00ed zklidn\u011bn\u00ed dopravy na Veleslav\u00edn\u011b a ve Vokovic\u00edch. Proti opat\u0159en\u00ed i na jeho podporu vznikly petice.<\/p>\n<p><a href=\"https:\/\/zdopravy.cz\/dalsi-sikana-stredocechu-miricich-do-prahy-jednosmerka-na-oblibene-zkratce-nastvala-dojizdejici-288789\/\" rel=\"nofollow noopener\" target=\"_blank\">Dal\u0161\u00ed \u201e\u0161ikana\u201c St\u0159edo\u010dech\u016f m\u00ed\u0159\u00edc\u00edch do Prahy. Jednosm\u011brka na obl\u00edben\u00e9 zkratce na\u0161tvala doj\u00ed\u017ed\u011bj\u00edc\u00ed<\/a><\/p>\n<p>Starostov\u00e9 Horom\u011b\u0159ic, Nebu\u0161ic a P\u0159edn\u00ed Kopaniny si kv\u016fli podle nich neprojednan\u00e9mu opat\u0159en\u00ed Prahy 6 byli st\u011b\u017eovat u n\u00e1m\u011bstka prim\u00e1tora pro dopravu Jarom\u00edra Ber\u00e1nka.<\/p>\n<p>\u201eP\u0159\u00edtomn\u00ed se shodli, \u017ee jednostrann\u00fd postup Prahy 6 nen\u00ed spr\u00e1vn\u00fd a m\u016f\u017ee v\u00fdrazn\u011b zhor\u0161it dostupnost Prahy nejen pro obyvatele okoln\u00edch obc\u00ed, ale tak\u00e9 pro samotn\u00e9 Pra\u017eany,\u201c uvedli starostov\u00e9.<\/p>\n<p>N\u00e1m\u011bstek Ber\u00e1nek pro Zdopravy.cz dodal, \u017ee ve sporu nechce b\u00fdt rozhod\u010d\u00edm. \u201eCh\u00e1pu ob\u011b strany, ale pokud m\u011bli starostov\u00e9 s Prahou 6 dohodu ohledn\u011b pose\u010dk\u00e1n\u00ed do buspruhu, p\u0159ijde mi to neseri\u00f3zn\u00ed. Pro m\u011b je absolutn\u00ed prioritou hladk\u00fd pr\u016fjezd MHD,\u201c uvedl Ber\u00e1nek.<\/p>\n<p><a href=\"https:\/\/zdopravy.cz\/dulezity-prijezd-do-prahy-se-uzavre-az-na-dva-roky-resi-se-dve-varianty-vystavby-buspruhu-279272\/\" rel=\"nofollow noopener\" target=\"_blank\">Pr\u00e1v\u011b p\u0159ipravovan\u00fd buspruh<\/a>, kter\u00fd Horom\u011b\u0159ickou roz\u0161\u00ed\u0159\u00ed, by m\u011bl situaci vy\u0159e\u0161it. Jeho realizace se v\u0161ak posunula a\u017e do roku 2028. Aktu\u00e1ln\u011b se podle TSK i Ber\u00e1nka \u0159e\u0161\u00ed etapizace stavby.<\/p>\n<p><a href=\"https:\/\/zdopravy.cz\/dulezity-prijezd-do-prahy-se-uzavre-az-na-dva-roky-resi-se-dve-varianty-vystavby-buspruhu-279272\/\" rel=\"nofollow noopener\" target=\"_blank\">D\u016fle\u017eit\u00fd p\u0159\u00edjezd do Prahy se uzav\u0159e a\u017e na dva roky. \u0158e\u0161\u00ed se dv\u011b varianty v\u00fdstavby buspruhu<\/a><\/p>\n<p>St\u0159edo\u010desk\u00fd kraj z podn\u011btu starost\u016f u\u017e zaslal na magistr\u00e1t podn\u011bt k zah\u00e1jen\u00ed p\u0159ezkumn\u00e9ho \u0159\u00edzen\u00ed. \u201eKraj i dot\u010den\u00e9 obce se budou br\u00e1nit tak\u00e9 soudn\u00ed cestou. Na\u0161\u00edm jednozna\u010dn\u00fdm c\u00edlem je dos\u00e1hnout zm\u011bny je\u0161t\u011b p\u0159ed za\u010d\u00e1tkem \u0161koln\u00edho roku a zabr\u00e1nit dopravn\u00edmu kolapsu na p\u0159\u00edjezdu do Prahy,\u201c uvedli v prohl\u00e1\u0161en\u00ed starostov\u00e9.<\/p>\n<p>\u201eDrsn\u00e1 varianta\u201c<\/p>\n<p>Na jedn\u00e1n\u00ed s n\u00e1m\u011bstkem Ber\u00e1nkem byli i z\u00e1stupci Ropidu, kte\u0159\u00ed p\u0159ipravili do\u010dasn\u00e9 opat\u0159en\u00ed, jak zkr\u00e1tit \u010dek\u00e1n\u00ed autobus\u016f v kolon\u00e1ch. Vyu\u017e\u00edv\u00e1 n\u011bkolik nov\u00fdch sv\u011bteln\u00fdch signalizac\u00ed a prom\u011bnliv\u00e9 z\u00e1kazov\u00e9 zna\u010dky, po\u010d\u00edt\u00e1 tak\u00e9 s \u010d\u00e1ste\u010dnou \u00fapravou tras autobus\u016f.<\/p>\n<p>Z\u00e1rove\u0148 Ropid p\u0159edstavil \u201edrsnou variantu\u201c pro p\u0159\u00edpad, \u017ee se opat\u0159en\u00ed Prahy 6 nepoda\u0159\u00ed zru\u0161it. Z\u00e1lo\u017en\u00ed \u0159e\u0161en\u00ed by spo\u010d\u00edvalo v nutnosti odd\u011blit od sebe na vjezdu do Prahy koridory pro hromadnou a ostatn\u00ed dopravu.<\/p>\n<p>\u201eStarostov\u00e9 v\u0161ak tento koncept \u0159e\u0161en\u00ed odm\u00edtli a jako svou prioritu nad\u00e1le pova\u017euj\u00ed snahy o zru\u0161en\u00ed opat\u0159en\u00ed v ulici Na Krutci. Proto jin\u00e1 opat\u0159en\u00ed nejsou nyn\u00ed d\u00e1le rozpracov\u00e1v\u00e1na a z\u016fstala na \u00farovni diskuse,\u201c popsal pro Zdopravy.cz mluv\u010d\u00ed organiz\u00e1tora dopravy Filip Dr\u00e1pal.<\/p>\n<p>Dle starost\u016f by bylo odd\u011blen\u00ed technicky velmi slo\u017eit\u00e9 a bez vyhodnocen\u00ed jeho \u00fa\u010dinnosti a dal\u0161\u00edch p\u0159\u00edprav nen\u00ed v kr\u00e1tkodob\u00e9m horizontu realizovateln\u00e9. \u201eMohlo by toti\u017e zp\u016fsobit stejn\u00e9 zmatky jako nekoordinovan\u00fd postup Prahy 6,\u201c uvedli starostov\u00e9 v tiskov\u00e9m prohl\u00e1\u0161en\u00ed.<\/p>\n<p>                                                        Tagy<\/p>\n<p>                                                                                                                                                                                                                            <a href=\"https:\/\/zdopravy.cz\/tag\/horomerice\/\" type=\"button\" class=\"btn btn-secondary mb-1 btn-sm\" rel=\"nofollow noopener\" target=\"_blank\"><br \/>\n                                                                Horom\u011b\u0159ice                                                            <\/a><br \/>\n                                                                                                                                                                                                                                <a href=\"https:\/\/zdopravy.cz\/tag\/jaromir-beranek\/\" type=\"button\" class=\"btn btn-secondary mb-1 btn-sm\" rel=\"nofollow noopener\" target=\"_blank\"><br \/>\n                                                                Jarom\u00edr Ber\u00e1nek                                                            <\/a><br \/>\n                                                                                                                                                                                                                                <a href=\"https:\/\/zdopravy.cz\/tag\/praha-6\/\" type=\"button\" class=\"btn btn-secondary mb-1 btn-sm\" rel=\"nofollow noopener\" target=\"_blank\"><br \/>\n                                                                Praha 6                                                            <\/a><br \/>\n                                                                                                                                                                                                                                <a href=\"https:\/\/zdopravy.cz\/tag\/ropid\/\" type=\"button\" class=\"btn btn-secondary mb-1 btn-sm\" rel=\"nofollow noopener\" target=\"_blank\"><br \/>\n                                                                ropid                                                            <\/a><br \/>\n                                                                                                                                                                                                                                                                                                                                            <a href=\"https:\/\/zdopravy.cz\/tag\/stredocesky-kraj\/\" type=\"button\" class=\"btn btn-secondary mb-1 btn-sm\" rel=\"nofollow noopener\" target=\"_blank\"><br \/>\n                                                                St\u0159edo\u010desk\u00fd kraj                                                            <\/a><\/p>\n<p>                                                <a href=\"https:\/\/zdopravy.cz\/valka-prahy-6-se-stredocechy-graduje-jednosmerku-resi-magistrat-i-kraj-ropid-pripravil-zalozni-reseni-291203\/?comments=1#comments\" class=\"ml-3 text-body mb-3 mt-4 d-inline-block\" rel=\"nofollow noopener\" target=\"_blank\"><\/p>\n<p>                                                    \u017d\u00e1dn\u00e9 koment\u00e1\u0159e                                                <\/a><\/p>\n","protected":false},"excerpt":{"rendered":"\u010c\u00e1ste\u010dn\u00e9 zjednosm\u011brn\u011bn\u00ed ulice Na Krutci ve \u0161pi\u010dk\u00e1ch pracovn\u00edch dn\u00ed za\u010dal \u0159e\u0161it pra\u017esk\u00fd magistr\u00e1t, st\u0159edo\u010desk\u00fd krajsk\u00fd \u00fa\u0159ad i organiz\u00e1tor&hellip;\n","protected":false},"author":2,"featured_media":166925,"comment_status":"","ping_status":"","sticky":false,"template":"","format":"standard","meta":{"footnotes":"","_share_on_mastodon":"0"},"categories":[30],"tags":[20991,3732,98,99,1017,1392,119,538],"class_list":["post-166924","post","type-post","status-publish","format-standard","has-post-thumbnail","category-praha","tag-horomerice","tag-jaromir-beranek","tag-prague","tag-praha","tag-praha-6","tag-ropid","tag-seznam","tag-stredocesky-kraj"],"share_on_mastodon":{"url":"https:\/\/pubeurope.com\/@cz\/117031419561075469","error":""},"_links":{"self":[{"href":"https:\/\/www.europesays.com\/cz\/wp-json\/wp\/v2\/posts\/166924","targetHints":{"allow":["GET"]}}],"collection":[{"href":"https:\/\/www.europesays.com\/cz\/wp-json\/wp\/v2\/posts"}],"about":[{"href":"https:\/\/www.europesays.com\/cz\/wp-json\/wp\/v2\/types\/post"}],"author":[{"embeddable":true,"href":"https:\/\/www.europesays.com\/cz\/wp-json\/wp\/v2\/users\/2"}],"replies":[{"embeddable":true,"href":"https:\/\/www.europesays.com\/cz\/wp-json\/wp\/v2\/comments?post=166924"}],"version-history":[{"count":0,"href":"https:\/\/www.europesays.com\/cz\/wp-json\/wp\/v2\/posts\/166924\/revisions"}],"wp:featuredmedia":[{"embeddable":true,"href":"https:\/\/www.europesays.com\/cz\/wp-json\/wp\/v2\/media\/166925"}],"wp:attachment":[{"href":"https:\/\/www.europesays.com\/cz\/wp-json\/wp\/v2\/media?parent=166924"}],"wp:term":[{"taxonomy":"category","embeddable":true,"href":"https:\/\/www.europesays.com\/cz\/wp-json\/wp\/v2\/categories?post=166924"},{"taxonomy":"post_tag","embeddable":true,"href":"https:\/\/www.europesays.com\/cz\/wp-json\/wp\/v2\/tags?post=166924"}],"curies":[{"name":"wp","href":"https:\/\/api.w.org\/{rel}","templated":true}]}}