{"id":167382,"date":"2026-08-03T18:09:13","date_gmt":"2026-08-03T18:09:13","guid":{"rendered":"https:\/\/www.europesays.com\/cz\/167382\/"},"modified":"2026-08-03T18:09:13","modified_gmt":"2026-08-03T18:09:13","slug":"do-senatu-bude-kandidovat-byvaly-sef-socdem-michal-smarda","status":"publish","type":"post","link":"https:\/\/www.europesays.com\/cz\/167382\/","title":{"rendered":"Do Sen\u00e1tu bude kandidovat b\u00fdval\u00fd \u0161\u00e9f SOCDEM Michal \u0160marda"},"content":{"rendered":"<p class=\"c_bB\">\u201eV \u00fater\u00fd pod\u00e1m kandidaturu do Sen\u00e1tu,\u201c potvrdil v\u00a0pond\u011bl\u00ed Novink\u00e1m Michal \u0160marda. Ten je po odchodu ze SOCDEM nestran\u00edk, na radnici vede uskupen\u00ed Lep\u0161\u00ed Nov\u00e9 M\u011bsto. O\u00a0\u010d\u00ed podporu se bude ve volb\u00e1ch op\u00edrat, chce ozn\u00e1mit a\u017e v\u00a0\u00fater\u00fd.<\/p>\n<p class=\"c_bB\">Vl\u00e1dn\u00ed hnut\u00ed ANO sv\u00e9ho kandid\u00e1ta z\u0159ejm\u011b nepostav\u00ed, pokud nechyst\u00e1 p\u0159ekvapen\u00ed na posledn\u00ed chv\u00edli. Ze stran sou\u010dasn\u00e9 vl\u00e1dn\u00ed koalice nominovalo SPD sv\u00e9ho poslance a\u00a0vyso\u010dinsk\u00e9ho p\u0159edsedu hnut\u00ed Radka Kotena.<\/p>\n<p class=\"c_bB\">Mezi prvn\u00edmi ozn\u00e1mil kandidaturu u\u017e v\u00a0p\u016flce dubna l\u00e9ka\u0159 Radek \u010cern\u00fd. Do voleb jde jako kandid\u00e1t navr\u017een\u00fd ODS, ale vyjednal si podporu Pir\u00e1t\u016f a\u00a0Starost\u016f pro ob\u010dany. V\u00a0prvn\u00edm kole se tak utkaj\u00ed dva kandid\u00e1ti b\u00fdval\u00e9 vl\u00e1dn\u00ed koalice Spolu, proto\u017ee mand\u00e1t bude obhajovat lidovec Josef Klement. P\u0159edseda sen\u00e1torsk\u00e9ho klubu bude spol\u00e9hat i\u00a0na podporu hnut\u00ed STAN, kter\u00e9 u\u017e d\u0159\u00edve potvrdilo, \u017ee vlastn\u00edho kandid\u00e1ta stav\u011bt nebude.<\/p>\n<p class=\"c_bB\">Dosud podal p\u0159ihl\u00e1\u0161ku tak\u00e9 informatik z\u00a0Brna David Moos, kter\u00fd vystupuje jako nez\u00e1visl\u00fd kandid\u00e1t.<\/p>\n<p class=\"c_bB\">Term\u00edn pro pod\u00e1n\u00ed p\u0159ihl\u00e1\u0161ek vypr\u0161\u00ed 4.\u00a0srpna odpoledne. Prvn\u00ed kolo sen\u00e1tn\u00edch voleb se uskute\u010dn\u00ed spole\u010dn\u011b s\u00a0komun\u00e1ln\u00edmi volbami 9.\u00a0a\u00a010.\u00a0\u0159\u00edjna.<\/p>\n<p><a data-dot=\"atm-link\" target=\"_self\" href=\"https:\/\/www.novinky.cz\/clanek\/domaci-motoriste-vzdali-boj-o-senat-40590356\" class=\"c_N\" rel=\"nofollow noopener\"><img fetchpriority=\"high\" height=\"2217\" width=\"3942\" src=\"https:\/\/www.europesays.com\/cz\/wp-content\/uploads\/2026\/08\/1785780553_401_e02e.jpeg\" loading=\"eager\" decoding=\"sync\" class=\"c_t c_r\"\/><\/a><\/p>\n","protected":false},"excerpt":{"rendered":"\u201eV \u00fater\u00fd pod\u00e1m kandidaturu do Sen\u00e1tu,\u201c potvrdil v\u00a0pond\u011bl\u00ed Novink\u00e1m Michal \u0160marda. Ten je po odchodu ze SOCDEM nestran\u00edk,&hellip;\n","protected":false},"author":2,"featured_media":167383,"comment_status":"","ping_status":"","sticky":false,"template":"","format":"standard","meta":{"footnotes":"","_share_on_mastodon":"0"},"categories":[10],"tags":[17,21,15112,16,8444,20994,13088,11397,18,19,22,2526,20],"class_list":["post-167382","post","type-post","status-publish","format-standard","has-post-thumbnail","category-zpravy","tag-headlines","tag-hlavni-udalosti","tag-michal-smarda","tag-news","tag-nove-mesto-na-morave","tag-radek-koten","tag-senatni-volby","tag-socialni-demokracie-socdem","tag-top-news","tag-top-stories","tag-udalosti-dne","tag-zdarsko","tag-zpravy"],"share_on_mastodon":{"url":"https:\/\/pubeurope.com\/@cz\/117032921860180047","error":""},"_links":{"self":[{"href":"https:\/\/www.europesays.com\/cz\/wp-json\/wp\/v2\/posts\/167382","targetHints":{"allow":["GET"]}}],"collection":[{"href":"https:\/\/www.europesays.com\/cz\/wp-json\/wp\/v2\/posts"}],"about":[{"href":"https:\/\/www.europesays.com\/cz\/wp-json\/wp\/v2\/types\/post"}],"author":[{"embeddable":true,"href":"https:\/\/www.europesays.com\/cz\/wp-json\/wp\/v2\/users\/2"}],"replies":[{"embeddable":true,"href":"https:\/\/www.europesays.com\/cz\/wp-json\/wp\/v2\/comments?post=167382"}],"version-history":[{"count":0,"href":"https:\/\/www.europesays.com\/cz\/wp-json\/wp\/v2\/posts\/167382\/revisions"}],"wp:featuredmedia":[{"embeddable":true,"href":"https:\/\/www.europesays.com\/cz\/wp-json\/wp\/v2\/media\/167383"}],"wp:attachment":[{"href":"https:\/\/www.europesays.com\/cz\/wp-json\/wp\/v2\/media?parent=167382"}],"wp:term":[{"taxonomy":"category","embeddable":true,"href":"https:\/\/www.europesays.com\/cz\/wp-json\/wp\/v2\/categories?post=167382"},{"taxonomy":"post_tag","embeddable":true,"href":"https:\/\/www.europesays.com\/cz\/wp-json\/wp\/v2\/tags?post=167382"}],"curies":[{"name":"wp","href":"https:\/\/api.w.org\/{rel}","templated":true}]}}