{"id":167809,"date":"2026-08-04T07:16:12","date_gmt":"2026-08-04T07:16:12","guid":{"rendered":"https:\/\/www.europesays.com\/cz\/167809\/"},"modified":"2026-08-04T07:16:12","modified_gmt":"2026-08-04T07:16:12","slug":"praha-6-vyznacila-cyklostezku-podel-svatovitske-mezi-dejvicemi-a-prasnym-mostem","status":"publish","type":"post","link":"https:\/\/www.europesays.com\/cz\/167809\/","title":{"rendered":"Praha 6 vyzna\u010dila cyklostezku pod\u00e9l Svatov\u00edtsk\u00e9 mezi Dejvicemi a Pra\u0161n\u00fdm mostem"},"content":{"rendered":"<p>        Praha 6 vyzna\u010dila cyklostezku pod\u00e9l Svatov\u00edtsk\u00e9 mezi Dejvicemi a Pra\u0161n\u00fdm mostem &#8211; M\u011bstem na kole<\/p>\n<p>&#13;<\/p>\n<p>&#13;<\/p>\n<p>&#13;<\/p>\n<p>&#13;<\/p>\n<p>&#13;<\/p>\n<p>                        <a href=\"https:\/\/mestemnakole.cz\" class=\"site_title\" rel=\"nofollow noopener\" target=\"_blank\"><br \/>\n                            <img decoding=\"async\" src=\"https:\/\/mestemnakole.cz\/app\/themes\/ggl\/img\/mestemnakole_logo.svg\" alt=\"M\u011bstem na kole\"\/><br \/>\n                        <\/a><\/p>\n<p>\t\t\t<img decoding=\"async\" src=\"https:\/\/www.europesays.com\/cz\/wp-content\/uploads\/2026\/08\/MNK_V_Navratil_C9_stezka_Svatovitska_chodnik_P6_2026_-1536x1152-c-default.jpeg\" alt=\"\" title=\"\"\/><\/p>\n<p>Praha 6 legalizovala p\u0159ibli\u017en\u011b 250 metr\u016f j\u00edzdy na kole po \u0161irok\u00e9m chodn\u00edku na v\u00fdchodn\u00ed stran\u011b Svatov\u00edtsk\u00e9 ulice mezi ulicemi Milady Hor\u00e1kov\u00e9 a Wuchterlova. Opat\u0159en\u00ed navazuje na <a href=\"https:\/\/mestemnakole.cz\/2025\/09\/praha-6-legalizuje-klidnou-propojku-z-orechovky-do-letenskych-sadu\/\" rel=\"nofollow noopener\" target=\"_blank\">d\u0159\u00edv\u011bj\u0161\u00ed \u00fapravu<\/a> u Pra\u0161n\u00e9ho mostu a zlep\u0161uje pr\u016fjezd d\u00e1l sm\u011brem ke Kula\u0165\u00e1ku.<\/p>\n<p>Podle radn\u00edho pro dopravu Prahy 6 Ond\u0159eje Mat\u011bje Hroube\u0161e (ODS) se poda\u0159ilo zlep\u0161it podm\u00ednky pro cyklisty bez jak\u00e9hokoliv omezen\u00ed automobilov\u00e9 dopravy.<\/p>\n<p>\t\t\t\t\tLep\u0161\u00ed spojen\u00ed od Strahova i B\u0159evnova<\/p>\n<p>Nov\u011b legalizovan\u00fd \u00fasek vede po \u0161irok\u00e9m chodn\u00edku s povrchem z drobn\u00e9 kamenn\u00e9 mozaiky pod\u00e9l frekventovan\u00e9 Svatov\u00edtsk\u00e9 ulice. Chodn\u00edk nen\u00ed v\u00fdrazn\u011b vyu\u017e\u00edv\u00e1n p\u011b\u0161\u00edmi, a proto zde m\u011bstsk\u00e1 \u010d\u00e1st p\u0159istoupila k legalizaci spole\u010dn\u00e9ho provozu chodc\u016f a cyklist\u016f. Opat\u0159en\u00ed usnadn\u00ed p\u0159\u00edjezd ke Kula\u0165\u00e1ku zejm\u00e9na lidem p\u0159ij\u00ed\u017ed\u011bj\u00edc\u00edm ze St\u0159e\u0161ovic, B\u0159evnova nebo Strahova.<\/p>\n<p>\t\t\t\t\tNavazuje na podchody u Pra\u0161n\u00e9ho mostu<\/p>\n<p>Nov\u00e9 \u0159e\u0161en\u00ed navazuje na <a href=\"https:\/\/mestemnakole.cz\/2025\/09\/praha-6-legalizuje-klidnou-propojku-z-orechovky-do-letenskych-sadu\/\" rel=\"nofollow noopener\" target=\"_blank\">p\u0159edchoz\u00ed \u00fapravy<\/a> u Pra\u0161n\u00e9ho mostu, kde Praha 6 loni v z\u00e1\u0159\u00ed legalizovala j\u00edzdu na kole v podjezdu. D\u00edky ob\u011bma opat\u0159en\u00edm je nyn\u00ed pr\u016fjezd touto \u010d\u00e1st\u00ed Dejvic plynulej\u0161\u00ed a cyklist\u00e9 se mohou bezpe\u010dn\u011bji dostat p\u0159es slo\u017eitou k\u0159i\u017eovatku i d\u00e1le sm\u011brem do centra Dejvic \u2013 a to bez kontaktu s automobilovou dopravou.<\/p>\n<p>Podobnou \u00fapravu ned\u00e1vno Praha 6 <a href=\"https:\/\/mestemnakole.cz\/2025\/10\/praha-6-vyznacila-novou-stezku-pro-pesi-a-cyklisty-v-solinove-ulici\/\" rel=\"nofollow noopener\" target=\"_blank\">provedla<\/a> tak\u00e9 v \u0160ol\u00ednov\u011b ulici v dejvick\u00e9m kampusu, kde stezka na chodn\u00edku supluje cykloobousm\u011brku.<\/p>\n<p>\t\t\t\t\t\t\t\t\t\t\t\t\t\t\t\t\t\t\t\t\t\t\t\t\t\t\t\t\t<a href=\"https:\/\/mestemnakole.cz\/app\/uploads\/2026\/07\/MNK_V_Navratil_C9_stezka_Svatovitska_chodnik_P6_2026_2-1300x0-c-default.jpeg\" title=\"Zdroj: V. Navr\u00e1til\" alt=\"Zdroj: V. Navr\u00e1til\" rel=\"nofollow noopener\" target=\"_blank\"><br \/>\n\t\t\t\t\t\t\t\t\t<img decoding=\"async\" src=\"https:\/\/www.europesays.com\/cz\/wp-content\/uploads\/2026\/08\/MNK_V_Navratil_C9_stezka_Svatovitska_chodnik_P6_2026_2-200x150-c-default.jpeg\" alt=\"Zdroj: V. Navr\u00e1til\" title=\"Zdroj: V. Navr\u00e1til\"\/><br \/>\n\t\t\t\t\t\t\t\t<\/a><\/p>\n<p>\t\t\t\t\t\t\t\t\t\t\t\t\t\t\t\t\t\t\t\t\t\t\t\t\t\t\t\t\t<a href=\"https:\/\/mestemnakole.cz\/app\/uploads\/2026\/07\/MNK_V_Navratil_C9_stezka_Svatovitska_chodnik_P6_2026__-1300x0-c-default.png\" title=\"Zdroj: V. Navr\u00e1til\" alt=\"Zdroj: V. Navr\u00e1til\" rel=\"nofollow noopener\" target=\"_blank\"><br \/>\n\t\t\t\t\t\t\t\t\t<img decoding=\"async\" src=\"https:\/\/www.europesays.com\/cz\/wp-content\/uploads\/2026\/08\/MNK_V_Navratil_C9_stezka_Svatovitska_chodnik_P6_2026__-200x150-c-default.png\" alt=\"Zdroj: V. Navr\u00e1til\" title=\"Zdroj: V. Navr\u00e1til\"\/><br \/>\n\t\t\t\t\t\t\t\t<\/a><\/p>\n<p>\t\t\t\t\t\t\t<a href=\"https:\/\/mestemnakole.cz\/author\/martin-snobr\" rel=\"nofollow noopener\" target=\"_blank\"><br \/>\n\t\t\t\t\t\t\t\tMartin \u0160nobr<br \/>\n\t\t\t\t\t\t\t<\/a><\/p>\n<p>\n\t\t\t\t\t\t\t\t\tArchitekt a urbanista se z\u00e1jmem o udr\u017eitelnou dopravu a zlep\u0161ov\u00e1n\u00ed m\u00edst kolem sebe. Po Praze nej\u010dast\u011bji jezd\u00ed na vlastn\u00edm nebo sd\u00edlen\u00e9m kole, ob\u010das kombinuje s MHD i autem. \u010clen redakce od roku 2018, od roku 2025 \u0161\u00e9fredaktor.\n\t\t\t\t\t\t\t\t<\/p>\n<p>L\u00edbil se V\u00e1m \u010dl\u00e1nek? Chcete v \u010cesku lep\u0161\u00ed podm\u00ednky pro cyklodopravu? <br \/>Podpo\u0159te n\u00e1s, sta\u010d\u00ed i 100 korun. \ud83d\udc99\ud83d\udeb2 <\/p>\n<p>\n\t\t\t\t\t\t\t\tVyberte pros\u00edm \u010d\u00e1stku, pot\u00e9 budete p\u0159esmerov\u00e1ni na <a href=\"https:\/\/www.darujme.cz\/\" target=\"_blank\" rel=\"nofollow noopener\"><br \/>\n\t\t\t\t\t\t\t\t\tdarujme.cz<br \/>\n\t\t\t\t\t\t\t\t<\/a>\n\t\t\t\t\t\t\t<\/p>\n<p>&#13;<\/p>\n<p>&#13;<\/p>\n<p>\t\t&#13;<br \/>\n\t\t&#13;<\/p>\n<p>Magaz\u00edn M\u011bstem na kole respektuje soukrom\u00ed sv\u00fdch \u010dten\u00e1\u0159\u016f v co nejvy\u0161\u0161\u00ed mo\u017en\u00e9 m\u00ed\u0159e. Pou\u017e\u00edv\u00e1n\u00edm t\u00e9to str\u00e1nky souhlas\u00edte s podm\u00ednkami ochrany osobn\u00edch \u00fadaj\u016f. Na str\u00e1nce pou\u017e\u00edv\u00e1me su\u0161enky, kter\u00e9 n\u00e1m pom\u00e1haj\u00ed z\u00edsk\u00e1vat z\u00e1kladn\u00ed data o pou\u017e\u00edv\u00e1n\u00ed str\u00e1nky a zaji\u0161\u0165uj\u00ed lep\u0161\u00ed u\u017eivatelskou zku\u0161enost s na\u0161\u00ed str\u00e1nkou. Na kole snadno vyhl\u00e1dne, chci v\u0161echny su\u0161enky!Ne, jen ty nejnutn\u011bj\u0161\u00ed.Z\u00e1sady ochrany osobn\u00edch \u00fadaj\u016f<\/p>\n<p>\t\t&#13;<\/p>\n","protected":false},"excerpt":{"rendered":"Praha 6 vyzna\u010dila cyklostezku pod\u00e9l Svatov\u00edtsk\u00e9 mezi Dejvicemi a Pra\u0161n\u00fdm mostem &#8211; M\u011bstem na kole &#13; &#13; &#13;&hellip;\n","protected":false},"author":2,"featured_media":167810,"comment_status":"","ping_status":"","sticky":false,"template":"","format":"standard","meta":{"footnotes":"","_share_on_mastodon":"0"},"categories":[30],"tags":[12948,15995,173,98,99,1017,9328],"class_list":["post-167809","post","type-post","status-publish","format-standard","has-post-thumbnail","category-praha","tag-cyklostezka","tag-legalizace","tag-ods","tag-prague","tag-praha","tag-praha-6","tag-prazske-realizace"],"share_on_mastodon":{"url":"https:\/\/pubeurope.com\/@cz\/117036016480560489","error":""},"_links":{"self":[{"href":"https:\/\/www.europesays.com\/cz\/wp-json\/wp\/v2\/posts\/167809","targetHints":{"allow":["GET"]}}],"collection":[{"href":"https:\/\/www.europesays.com\/cz\/wp-json\/wp\/v2\/posts"}],"about":[{"href":"https:\/\/www.europesays.com\/cz\/wp-json\/wp\/v2\/types\/post"}],"author":[{"embeddable":true,"href":"https:\/\/www.europesays.com\/cz\/wp-json\/wp\/v2\/users\/2"}],"replies":[{"embeddable":true,"href":"https:\/\/www.europesays.com\/cz\/wp-json\/wp\/v2\/comments?post=167809"}],"version-history":[{"count":0,"href":"https:\/\/www.europesays.com\/cz\/wp-json\/wp\/v2\/posts\/167809\/revisions"}],"wp:featuredmedia":[{"embeddable":true,"href":"https:\/\/www.europesays.com\/cz\/wp-json\/wp\/v2\/media\/167810"}],"wp:attachment":[{"href":"https:\/\/www.europesays.com\/cz\/wp-json\/wp\/v2\/media?parent=167809"}],"wp:term":[{"taxonomy":"category","embeddable":true,"href":"https:\/\/www.europesays.com\/cz\/wp-json\/wp\/v2\/categories?post=167809"},{"taxonomy":"post_tag","embeddable":true,"href":"https:\/\/www.europesays.com\/cz\/wp-json\/wp\/v2\/tags?post=167809"}],"curies":[{"name":"wp","href":"https:\/\/api.w.org\/{rel}","templated":true}]}}