{"id":168450,"date":"2026-08-04T16:53:24","date_gmt":"2026-08-04T16:53:24","guid":{"rendered":"https:\/\/www.europesays.com\/cz\/168450\/"},"modified":"2026-08-04T16:53:24","modified_gmt":"2026-08-04T16:53:24","slug":"miliardar-tomas-nemec-kupuje-vyrobce-bezek-madshus","status":"publish","type":"post","link":"https:\/\/www.europesays.com\/cz\/168450\/","title":{"rendered":"Miliard\u00e1\u0159 Tom\u00e1\u0161 N\u011bmec kupuje v\u00fdrobce b\u011b\u017eek Madshus"},"content":{"rendered":"<p class=\"articleDetail_perex\">Tradi\u010dn\u00ed norsk\u00e1 zna\u010dka Madshus p\u0159ech\u00e1z\u00ed do \u010desk\u00fdch rukou. Nov\u00fdm vlastn\u00edkem se stane ConsilTech miliard\u00e1\u0159e Tom\u00e1\u0161e N\u011bmce, kter\u00fd u\u017e vlastn\u00ed v\u00fdrobce ly\u017e\u00ed K\u00e4stle. Hodnotu obchodu firmy nezve\u0159ejnily.<\/p>\n<p>\u010cesk\u00e1 pr\u016fmyslov\u00e1 skupina ConsilTech miliard\u00e1\u0159e Tom\u00e1\u0161e N\u011bmce kupuje norsk\u00e9ho v\u00fdrobce b\u011b\u017eek Madshus. Zna\u010dka s t\u00e9m\u011b\u0159 120letou histori\u00ed se tak za\u0159ad\u00ed po bok ly\u017e\u00ed K\u00e4stle. \u010c\u00e1st produkce Madshus, kter\u00e1 d\u0159\u00edve prob\u00edhala v \u010c\u00edn\u011b, se u\u017e p\u0159esunula do z\u00e1vodu v Nov\u00e9m M\u011bst\u011b na Morav\u011b.<\/p>\n<p>ConsilTech se dohodl na p\u0159evzet\u00ed tradi\u010dn\u00edho norsk\u00e9ho v\u00fdrobce b\u011b\u017eeck\u00fdch ly\u017e\u00ed Madshus od spole\u010dnosti Elevate Outdoor Collective. Hodnotu transakce firmy nezve\u0159ejnily, jej\u00ed dokon\u010den\u00ed o\u010dek\u00e1vaj\u00ed b\u011bhem n\u011bkolika p\u0159\u00ed\u0161t\u00edch t\u00fddn\u016f.<\/p>\n<p>Nov\u00fdm gener\u00e1ln\u00edm \u0159editelem a spolumajitelem Madshus se stane Torstein Myklebostad, kter\u00fd posledn\u00edch deset let vedl norsk\u00e9ho v\u00fdrobce ly\u017ea\u0159sk\u00fdch v\u00e1z\u00e1n\u00ed Rottefella. P\u0159i akvizici spojil s\u00edly pr\u00e1v\u011b s ConsilTechem.<\/p>\n<p>\t\t<img decoding=\"async\" src=\"https:\/\/www.europesays.com\/cz\/wp-content\/uploads\/2026\/08\/profimedia-0668695311.jpg\" alt=\"Spolumajitel Sparty a lond\u00fdnsk\u00e9ho West Hamu United, miliard\u00e1\u0159 Daniel K\u0159et\u00ednsk\u00fd.\" class=\"article_image\" width=\"320\" height=\"225\" loading=\"lazy\"\/><\/p>\n<p>\t\tWest Ham sestoupil, spolumajitel obvin\u011bn. \u010cesk\u00fd miliard\u00e1\u0159 se p\u0159esto stane nejv\u011bt\u0161\u00edm akcion\u00e1\u0159em klubu<br \/>\n\t\t<a href=\"https:\/\/www.newstream.cz\/rubrika\/zpravy-z-firem\" class=\"article_category\" rel=\"nofollow noopener\" target=\"_blank\">Zpr\u00e1vy z firem<\/a><\/p>\n<p class=\"article_desc\">Po t\u00fddnech zva\u017eov\u00e1n\u00ed je jasno. P\u0159esto\u017ee lond\u00fdnsk\u00fd fotbalov\u00fd klub West Ham United letos sestoupil z Premier League a dosavadn\u00ed nejv\u011bt\u0161\u00ed akcion\u00e1\u0159 klubu David Sullivan \u010del\u00ed obvin\u011bn\u00edm ze zn\u00e1siln\u011bn\u00ed, miliard\u00e1\u0159 Daniel K\u0159et\u00ednsk\u00fd dot\u00e1hl jedn\u00e1n\u00ed o v\u00fdrazn\u00e9m nav\u00fd\u0161en\u00ed sv\u00e9ho pod\u00edlu v kdysi slavn\u00e9m anglick\u00e9m t\u00fdmu. <\/p>\n<p class=\"article_author\">duk<\/p>\n<p>\t<a href=\"https:\/\/www.newstream.cz\/zpravy-z-firem\/west-ham-letos-sestoupil-nevadi-cesky-miliardar-se-presto-stane-nejvetsim-akcionarem-klubu\" class=\"article_coverLink\" rel=\"nofollow noopener\" target=\"_blank\">P\u0159e\u010d\u00edst \u010dl\u00e1nek<\/a><\/p>\n<p>Zna\u010dka z roku 1906 z\u00edsk\u00e1 \u010desk\u00e9ho majitele<\/p>\n<p>Madshus vznikl v roce 1906 a pat\u0159\u00ed mezi nejstar\u0161\u00ed a nejzn\u00e1m\u011bj\u0161\u00ed zna\u010dky b\u011b\u017eeck\u00e9ho ly\u017eov\u00e1n\u00ed. Podle Myklebostada z\u00edsk\u00e1v\u00e1 vlastn\u00edka, kter\u00fd rozum\u00ed nejen ly\u017eov\u00e1n\u00ed, ale tak\u00e9 samotn\u00e9 v\u00fdrob\u011b.<\/p>\n<p>\u201eMadshus je jednou z nejrespektovan\u011bj\u0161\u00edch zna\u010dek v b\u011b\u017eeck\u00e9m ly\u017eov\u00e1n\u00ed. Na\u0161\u00edm c\u00edlem je zajistit jej\u00ed dal\u0161\u00ed \u00fasp\u011bch,\u201c uvedl budouc\u00ed \u0161\u00e9f spole\u010dnosti. Nov\u00ed vlastn\u00edci cht\u011bj\u00ed podle n\u011bj udr\u017eet Madshus mezi preferovan\u00fdmi zna\u010dkami profesion\u00e1ln\u00edch, rekrea\u010dn\u00edch i d\u00e1lkov\u00fdch b\u011b\u017eka\u0159\u016f.<\/p>\n<p>Dosavadn\u00ed vlastn\u00edk pova\u017euje ConsilTech za p\u0159irozen\u00e9ho partnera pro dal\u0161\u00ed rozvoj zna\u010dky. Podle \u0161\u00e9fky Elevate Outdoor Collective Josee Larocqueov\u00e9 z\u00edsk\u00e1v\u00e1 Madshus z\u00e1zem\u00ed firmy, kter\u00e1 dob\u0159e zn\u00e1 ly\u017ea\u0159sk\u00fd byznys i samotnou v\u00fdrobu.<\/p>\n<p>\u201eMadshus z\u00edsk\u00e1v\u00e1 vlastn\u00edka, jeho\u017e ko\u0159eny jsou v ly\u017eov\u00e1n\u00ed a v\u00fdrob\u011b ly\u017e\u00ed, a l\u00eddra s hlubok\u00fdmi zku\u0161enostmi a skute\u010dnou v\u00e1\u0161n\u00ed pro tento sport,\u201c uvedla.<\/p>\n<p>\t\t<img decoding=\"async\" src=\"https:\/\/www.europesays.com\/cz\/wp-content\/uploads\/2026\/08\/profimedia-0651608387.jpg\" alt=\"Radim Jan\u010dura: K polsk\u00e9mu Baltu jezdit nebudeme, nem\u00e1 to budoucnost\" class=\"article_image\" width=\"320\" height=\"225\" loading=\"lazy\"\/><\/p>\n<p>\t\tRadim Jan\u010dura: K polsk\u00e9mu Baltu jezdit nebudeme, nem\u00e1 to budoucnost<br \/>\n\t\t<a href=\"https:\/\/www.newstream.cz\/rubrika\/leaders\" class=\"article_category\" rel=\"nofollow noopener\" target=\"_blank\">Leaders<\/a><\/p>\n<p class=\"article_desc\">Luxusn\u00ed \u017elut\u00e9 autobusy Radima Jan\u010dury letos poprv\u00e9 vyrazily do dev\u00edti destinac\u00ed v Chorvatsku. Split, Trogir nebo Primo\u0161ten. P\u0159i pohledu na rezerva\u010dn\u00ed syst\u00e9m firmy RegioJet je z\u0159ejm\u00e9, \u017ee autobusy jsou vesm\u011bs vyprodan\u00e9. Za \u0161estn\u00e1ct hodin ne na seda\u010dk\u00e1ch, ale v k\u0159eslech, s vodou a k\u00e1vou zdarma. D\u0159\u00edv vypravoval Jan\u010dura do Chorvatska vlaky. Ale p\u0159i\u0161ly v\u00fdluky na \u017eeleznici. \u201eKv\u016fli v\u00fdluk\u00e1m jsme museli jezdit hrozn\u011b dlouhou trasu. P\u0159estalo se to vypl\u00e1cet, zru\u0161ili jsme to. Autobusy fungovaly v\u017edycky,\u201c \u0159\u00edk\u00e1 Jan\u010dura.<\/p>\n<p class=\"article_author\">Dalibor Mart\u00ednek<\/p>\n<p>\t<a href=\"https:\/\/www.newstream.cz\/leaders\/radim-jancura-k-polskemu-baltu-jezdit-nebudeme-nema-to-budoucnost\" class=\"article_coverLink\" rel=\"nofollow noopener\" target=\"_blank\">P\u0159e\u010d\u00edst \u010dl\u00e1nek<\/a><\/p>\n<p>\u010c\u00e1st v\u00fdroby z \u010c\u00edny u\u017e zam\u00ed\u0159ila na Vyso\u010dinu<\/p>\n<p>ConsilTech u\u017e m\u00e1 s o\u017eivov\u00e1n\u00edm tradi\u010dn\u00edch ly\u017ea\u0159sk\u00fdch zna\u010dek zku\u0161enosti. Skupina v minulosti p\u0159evzala probl\u00e9mov\u00fd K\u00e4stle, p\u0159estav\u011bla jeho produktov\u00e9 portfolio a vybudovala profesion\u00e1ln\u00ed z\u00e1vodn\u00ed t\u00fdm s n\u011bkolika p\u0159edn\u00edmi sportovci.<\/p>\n<p>Pr\u00e1v\u011b tov\u00e1rna K\u00e4stle v Nov\u00e9m M\u011bst\u011b na Morav\u011b m\u00e1 hr\u00e1t roli tak\u00e9 v dal\u0161\u00edm rozvoji Madshus. \u010c\u00e1st v\u00fdroby b\u011b\u017eek, kter\u00e1 byla d\u0159\u00edve um\u00edst\u011bna v \u010c\u00edn\u011b, se u\u017e do \u010desk\u00e9ho z\u00e1vodu p\u0159esunula.<\/p>\n<p>Madshus kr\u00e1tce p\u0159ed za\u010d\u00e1tkem l\u00e9ta obnovil v\u00fdrobu ve sv\u00e9m norsk\u00e9m z\u00e1vod\u011b v Biri, kter\u00fd byl n\u011bkolik m\u011bs\u00edc\u016f do\u010dasn\u011b odstaven. Nyn\u00ed tam vznikaj\u00ed ly\u017ee objednan\u00e9 z\u00e1kazn\u00edky pro nadch\u00e1zej\u00edc\u00ed zimn\u00ed sezonu.<\/p>\n<p>Trh s b\u011b\u017ekami se po covidu propadl na polovinu<\/p>\n<p>Nov\u00fd vlastn\u00edk p\u0159eb\u00edr\u00e1 Madshus v dob\u011b, kdy se odv\u011btv\u00ed pot\u00fdk\u00e1 se slabou popt\u00e1vkou. Podle Myklebostada je sou\u010dasn\u00fd trh s b\u011b\u017eeck\u00fdmi ly\u017eemi zhruba polovi\u010dn\u00ed oproti situaci p\u0159ed n\u011bkolika lety.<\/p>\n<p>\t\t<img decoding=\"async\" src=\"https:\/\/www.europesays.com\/cz\/wp-content\/uploads\/2026\/08\/profimedia-1116062980.jpg\" alt=\"\" class=\"article_image\" width=\"320\" height=\"225\" loading=\"lazy\"\/><\/p>\n<p>\t\tLuk\u00e1\u0161 Kovanda: \u010cesk\u00e9 fin\u00e1le Wimbledonu uk\u00e1zalo, kde se v tenise opravdu to\u010d\u00ed pen\u00edze<br \/>\n\t\t<a href=\"https:\/\/www.newstream.cz\/rubrika\/nazory\" class=\"article_category\" rel=\"nofollow noopener\" target=\"_blank\">N\u00e1zory<\/a><\/p>\n<p class=\"article_desc\">Wimbledon uk\u00e1zal s\u00edlu \u010desk\u00e9ho tenisu i tvrdou logiku glob\u00e1ln\u00edho sportu. Linda Noskov\u00e1 a Karol\u00edna Muchov\u00e1 si za \u010desk\u00e9 fin\u00e1le ve Wimbledonu rozd\u011blily zhruba 153,5 milionu korun. To je t\u00e9m\u011b\u0159 tolik, kolik letos \u010dinila st\u00e1tn\u00ed dotace pro \u010cesk\u00fd tenisov\u00fd svaz. Nejde o p\u0159\u00edmo srovnateln\u00e9 pen\u00edze, kontrast ale dob\u0159e ukazuje ekonomiku sportovn\u00edch superhv\u011bzd, kdy na \u00fapln\u00e9m vrcholu se koncentruje obrovsk\u00e1 pozornost, presti\u017e i pen\u00edze. <\/p>\n<p class=\"article_author\">Luk\u00e1\u0161 Kovanda<\/p>\n<p>\t<a href=\"https:\/\/www.newstream.cz\/nazory\/lukas-kovanda-ceske-finale-wimbledonu-ukazalo-kde-se-v-tenisu-opravdu-toci-penize\" class=\"article_coverLink\" rel=\"nofollow noopener\" target=\"_blank\">P\u0159e\u010d\u00edst \u010dl\u00e1nek<\/a><\/p>\n<p>\u201eTrh s b\u011b\u017eeck\u00fdmi ly\u017eemi byl v letech po covidu velmi n\u00e1ro\u010dn\u00fd a slab\u00e9 v\u00fdsledky zas\u00e1hly cel\u00e9 odv\u011btv\u00ed. Madshus nen\u00ed v\u00fdjimkou,\u201c uvedl.<\/p>\n<p>Firma se proto bude muset zam\u011b\u0159it na zv\u00fd\u0161en\u00ed konkurenceschopnosti a p\u0159izp\u016fsoben\u00ed men\u0161\u00edmu trhu. Z\u00e1jem o b\u011b\u017eeck\u00e9 ly\u017eov\u00e1n\u00ed ale podle nov\u00e9ho \u0161\u00e9fa nezmizel. Dokl\u00e1d\u00e1 to nap\u0159\u00edklad rostouc\u00ed po\u010det \u00fa\u010dastn\u00edk\u016f d\u00e1lkov\u00fdch z\u00e1vod\u016f Birkebeinerrennet v Norsku nebo Vasaloppet ve \u0160v\u00e9dsku.<\/p>\n<p>Dosavadn\u00ed \u0161\u00e9f Madshus Fredrik Kjellberg se po dokon\u010den\u00ed transakce p\u0159esune na pozici marketingov\u00e9ho \u0159editele spole\u010dnosti Elevate Outdoor Collective.<\/p>\n<p>\t\t<img decoding=\"async\" src=\"https:\/\/www.europesays.com\/cz\/wp-content\/uploads\/2026\/08\/4lschu3lprofimedia-0678974431.jpg\" alt=\"ilustra\u010dn\u00ed foto\" class=\"article_image\" width=\"320\" height=\"225\" loading=\"lazy\"\/><\/p>\n<p>\t\tBiohacking: Kortizol se d\u00e1 srazit i bez dopl\u0148k\u016f. Rozhoduje sv\u011btlo r\u00e1no, dech a to, \u010d\u00edm netr\u00e1v\u00edte ve\u010der<br \/>\n\t\t<a href=\"https:\/\/www.newstream.cz\/rubrika\/enjoy\" class=\"article_category\" rel=\"nofollow noopener\" target=\"_blank\">Enjoy<\/a><\/p>\n<p class=\"article_desc\">Kortizol se b\u011b\u017en\u011b spojuje jen se stresem. Spou\u0161t\u011b\u010d\u016f je ale mnohem v\u00edc a v\u011bt\u0161inu z nich by za stres nikdo neozna\u010dil \u2014 hluk v otev\u0159en\u00e9 kancel\u00e1\u0159i, vynechan\u00e9 j\u00eddlo, ve\u010dern\u00ed scrollov\u00e1n\u00ed nebo p\u0159\u00edli\u0161 tvrd\u00fd tr\u00e9nink. P\u0159\u00edznaky p\u0159itom vypadaj\u00ed v\u0161edn\u011b: \u00fanava odpoledne, chut\u011b na sladk\u00e9 a neschopnost usnout.<\/p>\n<p class=\"article_author\">Al\u017eb\u011bta Shejbalov\u00e1<\/p>\n<p>\t<a href=\"https:\/\/www.newstream.cz\/enjoy\/biohacking-kortizol-se-da-srazit-i-bez-doplnku-rozhoduje-svetlo-rano-dech-a-to-cim-netravite-vecer\" class=\"article_coverLink\" rel=\"nofollow noopener\" target=\"_blank\">P\u0159e\u010d\u00edst \u010dl\u00e1nek<\/a><\/p>\n<p>\t\t<img decoding=\"async\" src=\"https:\/\/www.europesays.com\/cz\/wp-content\/uploads\/2026\/08\/Snimek-obrazovky-2026-07-31-163145.jpg\" alt=\"Nev\u011bra zanech\u00e1 stopy na sebev\u011bdom\u00ed partnera, varuje l\u00e9ka\u0159ka Laura Jan\u00e1\u010dkov\u00e1\" class=\"article_image\" width=\"320\" height=\"225\" loading=\"lazy\"\/><\/p>\n<p>video<\/p>\n<p>\t\tNev\u011bra zanech\u00e1 stopy na sebev\u011bdom\u00ed partnera, varuje l\u00e9ka\u0159ka Laura Jan\u00e1\u010dkov\u00e1<br \/>\n\t\t<a href=\"https:\/\/www.newstream.cz\/rubrika\/newstream-tv\" class=\"article_category\" rel=\"nofollow noopener\" target=\"_blank\">Newstream TV<\/a><\/p>\n<p class=\"article_desc\">T\u0159icet procent vztah\u016f se potk\u00e1v\u00e1 s nev\u011brou. Ta m\u00e1 u obou pohlav\u00ed jinou dynamiku. Zat\u00edmco mu\u017ei evolu\u010dn\u011b tou\u017e\u00ed po v\u011bt\u0161\u00ed variabilit\u011b a jsou schopni odosobn\u011bn\u00e9ho sexu, \u017eeny vyhled\u00e1vaj\u00ed sp\u00ed\u0161e bl\u00edzkost a l\u00e1sku, \u0159\u00edk\u00e1 sexuolo\u017eka Laura Jan\u00e1\u010dkov\u00e1 v podcastu K\u00f3d: Longevity. <\/p>\n<p class=\"article_author\">nst<\/p>\n<p>\t<a href=\"https:\/\/www.newstream.cz\/newstream-tv\/nevera-zanecha-stopy-na-sebevedomi-partnera-varuje-lekarka-laura-janackova\" class=\"article_coverLink\" rel=\"nofollow noopener\" target=\"_blank\">P\u0159e\u010d\u00edst \u010dl\u00e1nek<\/a><\/p>\n<p>                        VY\u0160EL LETN\u00cd NEWSTREAM CLUB\u00a0<\/p>\n<p>S\u00e1zky na r\u016fst \u010ceska se vypl\u00e1cej\u00ed. Potvrzuj\u00ed to lid\u00e9 r\u016fzn\u00fdch obor\u016f a z\u00e1jm\u016f, s nimi\u017e se m\u016f\u017eete potkat p\u0159i \u010dten\u00ed aktu\u00e1ln\u00edho vyd\u00e1n\u00ed magaz\u00ednu Newstream CLUB. \u010cesko m\u00e1 toti\u017e ob\u0159\u00ed potenci\u00e1l, kter\u00fd se da\u0159\u00ed \u010d\u00edm d\u00e1l v\u00edce vyu\u017e\u00edvat. Plat\u00ed to pro investory, glob\u00e1ln\u00ed i lok\u00e1ln\u00ed firmy, ale tak\u00e9 pro tuzemsk\u00fd realitn\u00ed trh. Jak se na vln\u011b z\u00e1jmu sv\u00e9zt, porad\u00ed letn\u00ed vyd\u00e1n\u00ed magaz\u00ednu.<\/p>\n<p>Na ob\u00e1lce magaz\u00ednu jsou sourozenci se Sara a Teo Sandevovi, kte\u0159\u00ed pat\u0159\u00ed ke generaci, kter\u00e1 u\u017e nemus\u00ed volit mezi p\u016fvodem a zem\u00ed, kde vyrostla. Ona jde hereckou cestou, on spojuje fotbal, studium a rodinn\u00fd byznys. Oba ale dob\u0159e v\u011bd\u00ed, \u017ee jejich nejv\u011bt\u0161\u00ed v\u00fdhodou je pr\u00e1v\u011b mix \u010desk\u00e9ho z\u00e1zem\u00ed a balk\u00e1nsk\u00fdch ko\u0159en\u016f.<\/p>\n<p>Aktu\u00e1ln\u00ed vyd\u00e1n\u00ed se v\u011bnuje pr\u00e1v\u011b s\u00e1zk\u00e1m na \u010cesko z\u00a0mnoha pohled\u016f: z\u00a0pohledu investor\u016f drobn\u00fdch i institucion\u00e1ln\u00edch, ale i z\u00a0pohledu lid\u00ed, kte\u0159\u00ed se sna\u017e\u00ed zemi posunout d\u00e1l. K\u00a0nim pat\u0159\u00ed nap\u0159\u00edklad Petr Dvo\u0159\u00e1k, kter\u00fd sh\u00e1n\u00ed soukrom\u00e9 prost\u0159edky na spolufinancov\u00e1n\u00ed stavby nov\u00e9 pra\u017esk\u00e9 filharmonie, nebo investor Marek Dospiva.<\/p>\n<p>\u010cesko se tak\u00e9 st\u00e1v\u00e1 \u010d\u00edm d\u00e1l v\u011bt\u0161\u00edm l\u00e1kadlem pro zahrani\u010dn\u00ed firmy, kter\u00e9 zde maj\u00ed v\u00fdvojov\u00e1 centra. D\u016fvod\u016f je cel\u00e1 \u0159ada, ale kl\u00ed\u010dov\u00e9 jsou pro glob\u00e1ln\u00ed firmy t\u0159i v\u011bci: vhodn\u00e1 geografick\u00e1 poloha, bezpe\u010dnost, a hlavn\u011b siln\u00e9 technick\u00e9 z\u00e1zem\u00ed, d\u00edky kter\u00e9mu tu mohou pracovat na nejpokro\u010dilej\u0161\u00edch inovac\u00edch.<\/p>\n<p>To potvrzuje nap\u0159\u00edklad \u0161\u00e9f glob\u00e1ln\u00ed technologick\u00e9 spole\u010dnosti Everpure Charlie Giancarlo, kter\u00fd p\u016fsobil v\u00a0nejv\u011bt\u0161\u00edch firm\u00e1ch sv\u011bta, st\u00e1l u zrodu internetu a nyn\u00ed se v\u011bnuje datov\u00fdm \u00falo\u017ei\u0161t\u00edm. Rozhovor s n\u00edm tak\u00e9 p\u0159in\u00e1\u0161\u00ed letn\u00ed vyd\u00e1n\u00ed magaz\u00ednu Newstream CLUB.\u00a0<\/p>\n<p>A rostouc\u00ed z\u00e1jem nadn\u00e1rodn\u00edch firem o mo\u017enost p\u016fsobit v\u00a0\u010cesku potvrzuje tak\u00e9 Toma\u0301s\u030c Partsch z\u00a0CTP, kter\u00fd vysv\u011btluje, jak se z\u00a0Brna st\u00e1v\u00e1 evropsk\u00e9 Silicon Valley.<\/p>\n<p>Dvan\u00e1ct\u00e9 vyd\u00e1n\u00ed \u010dtvrtletn\u00edku Newstream CLUB je v prodeji, distribuci zaji\u0161\u0165uje Send. Digit\u00e1ln\u00ed verzi magaz\u00ednu lze zakoupit p\u0159\u00edmo na newstream.cz.<\/p>\n","protected":false},"excerpt":{"rendered":"Tradi\u010dn\u00ed norsk\u00e1 zna\u010dka Madshus p\u0159ech\u00e1z\u00ed do \u010desk\u00fdch rukou. Nov\u00fdm vlastn\u00edkem se stane ConsilTech miliard\u00e1\u0159e Tom\u00e1\u0161e N\u011bmce, kter\u00fd u\u017e&hellip;\n","protected":false},"author":2,"featured_media":168451,"comment_status":"","ping_status":"","sticky":false,"template":"","format":"standard","meta":{"footnotes":"","_share_on_mastodon":"0"},"categories":[10],"tags":[41470,41469,17,21,7202,16,94,16483,18,19,22,20],"class_list":["post-168450","post","type-post","status-publish","format-standard","has-post-thumbnail","category-zpravy","tag-bezecke-lyzovani","tag-fuze-a-akvizice","tag-headlines","tag-hlavni-udalosti","tag-miliardari","tag-news","tag-sport","tag-tomas-nemec","tag-top-news","tag-top-stories","tag-udalosti-dne","tag-zpravy"],"share_on_mastodon":{"url":"https:\/\/pubeurope.com\/@cz\/117038285506113573","error":""},"_links":{"self":[{"href":"https:\/\/www.europesays.com\/cz\/wp-json\/wp\/v2\/posts\/168450","targetHints":{"allow":["GET"]}}],"collection":[{"href":"https:\/\/www.europesays.com\/cz\/wp-json\/wp\/v2\/posts"}],"about":[{"href":"https:\/\/www.europesays.com\/cz\/wp-json\/wp\/v2\/types\/post"}],"author":[{"embeddable":true,"href":"https:\/\/www.europesays.com\/cz\/wp-json\/wp\/v2\/users\/2"}],"replies":[{"embeddable":true,"href":"https:\/\/www.europesays.com\/cz\/wp-json\/wp\/v2\/comments?post=168450"}],"version-history":[{"count":0,"href":"https:\/\/www.europesays.com\/cz\/wp-json\/wp\/v2\/posts\/168450\/revisions"}],"wp:featuredmedia":[{"embeddable":true,"href":"https:\/\/www.europesays.com\/cz\/wp-json\/wp\/v2\/media\/168451"}],"wp:attachment":[{"href":"https:\/\/www.europesays.com\/cz\/wp-json\/wp\/v2\/media?parent=168450"}],"wp:term":[{"taxonomy":"category","embeddable":true,"href":"https:\/\/www.europesays.com\/cz\/wp-json\/wp\/v2\/categories?post=168450"},{"taxonomy":"post_tag","embeddable":true,"href":"https:\/\/www.europesays.com\/cz\/wp-json\/wp\/v2\/tags?post=168450"}],"curies":[{"name":"wp","href":"https:\/\/api.w.org\/{rel}","templated":true}]}}