{"id":168906,"date":"2026-08-05T05:38:13","date_gmt":"2026-08-05T05:38:13","guid":{"rendered":"https:\/\/www.europesays.com\/cz\/168906\/"},"modified":"2026-08-05T05:38:13","modified_gmt":"2026-08-05T05:38:13","slug":"jsme-odkazani-na-pocasi-vyprahla-susice-poprve-bere-pitnou-vodu-z-otavy","status":"publish","type":"post","link":"https:\/\/www.europesays.com\/cz\/168906\/","title":{"rendered":"\u201eJsme odk\u00e1z\u00e1ni na po\u010das\u00ed.\u201c Vyprahl\u00e1 Su\u0161ice poprv\u00e9 bere pitnou vodu z\u00a0Otavy"},"content":{"rendered":"<p class=\"e_bX\">P\u011btina b\u011b\u017en\u00e9ho pr\u016ftoku, rekordn\u00ed sucho i\u00a0nedostatek vody pro obyvatele. M\u011bsto Su\u0161ice na jihu \u010cech se pot\u00fdk\u00e1 s\u00a0hydrologick\u00fdm suchem, kter\u00e9 v\u00a0oblasti nem\u00e1 obdoby.<\/p>\n<p class=\"e_bX\">Leto\u0161n\u00ed sucho je ve m\u011bst\u011b i\u00a0na \u0159ece Otav\u011b, kter\u00e1 j\u00edm prot\u00e9k\u00e1, extr\u00e9mn\u011b v\u00fdrazn\u00e9, pr\u016ftok na \u0159ece ani zdaleka nedosahuje pr\u016fm\u011brn\u00fdch hodnot. \u201eHranice hydrologick\u00e9ho sucha, takzvan\u00e1 \u010d\u00e1ra sucha, zde odpov\u00edd\u00e1 p\u0159ibli\u017en\u011b v\u00fd\u0161ce hladiny 25\u00a0centimetr\u016f. Bohu\u017eel se po v\u011bt\u0161inu l\u00e9ta pohybujeme kolem t\u00e9to hodnoty, nebo sp\u00ed\u0161e pod n\u00ed. Zaznamenali jsme i\u00a0hladinu pouh\u00fdch 18\u00a0centimetr\u016f,\u201c \u0159ekla vedouc\u00ed komunikace m\u011bsta Martina \u0160patn\u00e1.<\/p>\n<p class=\"e_bX\">Pr\u016fm\u011brn\u011b \u0159ekou prote\u010de deset tis\u00edc litr\u016f vody ka\u017edou vte\u0159inu, v\u00a0leto\u0161n\u00edm l\u00e9t\u011b se tato hodnota pohybuje jen t\u011bsn\u011b nad dv\u011bma tis\u00edci\u00a0litr\u016f. P\u0159\u00edmo z\u00a0\u0159eky p\u0159itom m\u011bsto na z\u00e1klad\u011b mimo\u0159\u00e1dn\u00e9ho povolen\u00ed, o\u00a0kter\u00e9 muselo po\u017e\u00e1dat letos v\u016fbec poprv\u00e9, \u010derp\u00e1 pitnou vodu pro obyvatele, kter\u00e9 by byl jinak nedostatek. <\/p>\n<p><img fetchpriority=\"high\" height=\"3024\"   width=\"4032\" src=\"https:\/\/www.europesays.com\/cz\/wp-content\/uploads\/2026\/08\/sucho-susice.jpeg\" loading=\"eager\" decoding=\"sync\" class=\"e_aa e_Z\"\/>Foto: Pavel \u0160vec, Seznam Zpr\u00e1vy<\/p>\n<p class=\"e_bX\">Povolen\u00ed \u010derpat vodu z\u00a0\u0159eky dostalo m\u011bsto i\u00a0navzdory jej\u00edmu extr\u00e9mn\u011b n\u00edzk\u00e9mu stavu.<\/p>\n<p class=\"e_bX\">\u201eZ\u00e1sobov\u00e1n\u00ed Su\u0161ice pitnou vodou je prim\u00e1rn\u011b zaji\u0161\u0165ov\u00e1no z\u00a0vodn\u00edch zdroj\u016f v\u00a0oblasti Luhu, kter\u00e9 jsou \u010d\u00e1ste\u010dn\u011b nap\u00e1jeny tak\u00e9 vodou z\u00a0Otavy. O\u00a0v\u00fdjimku bylo nutn\u00e9 po\u017e\u00e1dat v\u00a0d\u016fsledku dlouhodob\u00e9ho sucha a\u00a0poklesu vydatnosti t\u011bchto zdroj\u016f, a\u00a0to i\u00a0p\u0159i sou\u010dasn\u00e9m n\u00edzk\u00e9m stavu \u0159eky,\u201c \u0159ekla \u0160patn\u00e1.<\/p>\n<p class=\"e_bX\">D\u00edky \u0159ece se tak podle \u0160patn\u00e9 zat\u00edm da\u0159\u00ed zvl\u00e1dat bez omezen\u00ed dod\u00e1vek pitn\u00e9 vody pro obyvatele. \u201eDokud bude mo\u017en\u00e9 odeb\u00edrat vodu z\u00a0\u0159eky Otavy, tak zdroje pitn\u00e9 vody v\u00a0Su\u0161ici ohro\u017eeny nebudou,\u201c potvrdila i\u00a0mluv\u010d\u00ed vodovodn\u00ed spole\u010dnosti \u010cEVAK Lenka Zimmelov\u00e1.<\/p>\n<p class=\"e_bX\">I p\u0159esto ale nedostatek vody lid\u00e9 vn\u00edmaj\u00ed u\u017e jen p\u0159i pohledu na \u0159eku. \u201eN\u00edzk\u00fd pr\u016ftok je na \u0159ad\u011b m\u00edst ve m\u011bst\u011b dob\u0159e patrn\u00fd. Citeln\u00fd je tak\u00e9 pro ty, kte\u0159\u00ed byli zvykl\u00ed Otavu v\u00a0l\u00e9t\u011b sj\u00ed\u017ed\u011bt,\u201c poznamenala \u0160patn\u00e1. <\/p>\n<p class=\"e_bX\">Kv\u016fli ni\u017e\u0161\u00edmu pr\u016ftoku se tak\u00e9 voda v\u00fdrazn\u011b otepluje, jej\u00ed teplota se nyn\u00ed bl\u00ed\u017e\u00ed k\u00a022\u00a0\u00b0C. \u201eTo p\u0159edstavuje z\u00e1t\u011b\u017e zejm\u00e9na pro n\u011bkter\u00e9 druhy ryb a\u00a0dal\u0161\u00ed vodn\u00ed \u017eivo\u010dichy. Obyvatel\u00e9 si v\u00a0posledn\u00ed dob\u011b tak\u00e9 \u010dast\u011bji v\u0161\u00edmaj\u00ed uhynul\u00fdch ryb v\u00a0\u0159ece,\u201c doplnila \u0160patn\u00e1.<\/p>\n<p>Z\u0159ejm\u011b padnou rekordy<\/p>\n<p class=\"e_bX\">Kv\u016fli nedostatku vody v\u00a0oblasti musela zasednout Komise pro\u00a0zvl\u00e1d\u00e1n\u00ed sucha a\u00a0stavu nedostatku vody Plze\u0148sk\u00e9ho kraje u\u017e na konci \u010dervna, tehdy komise rozhodla o\u00a0sn\u00ed\u017een\u00ed minim\u00e1ln\u00edho z\u016fstatkov\u00e9ho pr\u016ftoku \u0159eky zhruba o\u00a0\u010dtvrtinu. V\u00edce vody se tak mohlo zpracovat v\u00a0infiltra\u010dn\u00edch vodn\u00edch n\u00e1dr\u017e\u00edch, ani to ale na zaji\u0161t\u011bn\u00ed pitn\u00e9 vody pro obyvatele nesta\u010dilo.<\/p>\n<p class=\"e_bX\">V cel\u00e9m Plze\u0148sk\u00e9m kraji tak\u00e9 od konce \u010dervence plat\u00ed obdob\u00ed nep\u0159\u00edzniv\u00fdch klimatick\u00fdch podm\u00ednek na z\u00e1klad\u011b \u017e\u00e1dosti hasi\u010d\u016f, a\u00a0to kv\u016fli dlouhodob\u00e9mu nedostatku sr\u00e1\u017eek a\u00a0vysok\u00fdm teplot\u00e1m hroz\u00ed vy\u0161\u0161\u00ed riziko vzniku po\u017e\u00e1r\u016f.<\/p>\n<p><img height=\"3024\"   width=\"4032\" src=\"https:\/\/www.europesays.com\/cz\/wp-content\/uploads\/2026\/08\/1785908293_875_sucho-susice.jpeg\" loading=\"eager\" decoding=\"sync\" class=\"e_aa e_Z\"\/>Foto: Pavel \u0160vec, Seznam Zpr\u00e1vy<\/p>\n<p class=\"e_bX\">V oblasti hasi\u010di varuj\u00ed i\u00a0p\u0159ed vy\u0161\u0161\u00edm rizikem po\u017e\u00e1r\u016f.<\/p>\n<p class=\"e_bX\">Celkov\u011b se pr\u016ftoky v\u00a0povod\u00ed Otavy podle informa\u010dn\u00ed zpr\u00e1vy Povod\u00ed Vltavy z\u00a0konce \u010dervence pohybuj\u00ed v\u00a0rozmez\u00ed 12\u00a0a\u017e 18\u00a0procent pr\u016fm\u011brn\u00e9ho m\u011bs\u00ed\u010dn\u00edho pr\u016ftoku. Minim\u00e1ln\u00ed pr\u016ftoky\u00a0maj\u00ed p\u0159itom toky v\u00a0povod\u00ed Otavy u\u017e t\u00fddny. \u201eHydrologick\u00e9 sucho je v\u00a0sou\u010dasnosti velmi v\u00fdrazn\u00e9 a\u00a0pr\u016ftoky jsou v\u00a0cel\u00e9 \u0159ad\u011b profil\u016f na \u00farovni historick\u00fdch minim pro toto obdob\u00ed,\u201c uvedla mluv\u010d\u00ed Povod\u00ed Vltavy Pavl\u00edna Mertl.<\/p>\n<p><a data-dot=\"mol-article-card-media\" aria-hidden=\"true\" tabindex=\"-1\" href=\"https:\/\/www.seznamzpravy.cz\/clanek\/domaci-zivot-v-cesku-ziji-na-pekle-a-vedro-dobre-znaji-dnes-uz-ale-zmenu-citi-vsichni-312124\" class=\"e_r f_l5\" rel=\"nofollow noopener\" target=\"_blank\"><img height=\"2304\"   width=\"4096\" src=\"https:\/\/www.europesays.com\/cz\/wp-content\/uploads\/2026\/08\/009f.jpeg\" loading=\"eager\" decoding=\"sync\" class=\"e_aa e_Z\"\/><\/a><\/p>\n<p class=\"e_bX\">Na n\u011bkter\u00fdch m\u011b\u0159ic\u00edch stanic\u00edch budou podle Mertl z\u0159ejm\u011b leto\u0161n\u00ed dosa\u017een\u00e9 hodnoty t\u011bmi nejni\u017e\u0161\u00edmi za celou dobu pozorov\u00e1n\u00ed. \u201eHydrologick\u00e1 situace je letos obdobn\u011b nep\u0159\u00edzniv\u00e1 jako v\u00a0roce 2025, ale letos je je\u0161t\u011b o\u00a0m\u011bs\u00edc d\u0159\u00edve. Dokud bude trvat takto tepl\u00e9 obdob\u00ed bez de\u0161\u0165ov\u00fdch sr\u00e1\u017eek, nelze o\u010dek\u00e1vat zm\u011bnu vodnosti tok\u016f,\u201c doplnila.<\/p>\n<p class=\"e_bX\">Podobn\u011b situaci okomentovala i\u00a0mluv\u010d\u00ed m\u011bsta \u0160patn\u00e1. \u201eVzhledem k\u00a0tomu, \u017ee na \u0159ece Otav\u011b nad m\u011bstem Su\u0161ice nen\u00ed \u017e\u00e1dn\u00e1 vodn\u00ed n\u00e1dr\u017e, kter\u00e1 by dok\u00e1zala dod\u00e1vat\u00a0vodu i\u00a0p\u0159es st\u00e1vaj\u00edc\u00ed sucho, tak \u0159e\u0161en\u00ed v\u00a0sou\u010dasn\u00e9 dob\u011b nen\u00ed. Jsme odk\u00e1z\u00e1ni na po\u010das\u00ed,\u201c p\u0159iznala.<\/p>\n<p class=\"e_bX\">Otava v\u00a0Bohda\u0161ic\u00edch a\u00a0Su\u0161ici.Video: Seznam Zpr\u00e1vy<\/p>\n<p>M\u00edsty i\u00a0nulov\u00e9 pr\u016ftoky<\/p>\n<p class=\"e_bX\">Oblast kolem Otavy p\u0159itom nen\u00ed zdaleka jedin\u00e1, kter\u00e1 se s\u00a0extr\u00e9mn\u00edm suchem pot\u00fdk\u00e1. Podle informa\u010dn\u00ed zpr\u00e1vy Povod\u00ed Vltavy se na v\u011bt\u0161in\u011b \u00fazem\u00ed povod\u00ed stavy vodn\u00edch tok\u016f i\u00a0pr\u016ftoky pohybuj\u00ed v\u00fdznamn\u011b pod dlouhodob\u00fdmi m\u011bs\u00ed\u010dn\u00edmi pr\u016fm\u011bry. Nap\u0159\u00edklad v\u00a0povod\u00ed Lu\u017enice se pr\u016ftoky pohybuj\u00ed v\u00a0rozmez\u00ed p\u011bti\u00a0a\u017e 13\u00a0procent pr\u016fm\u011brn\u00e9ho m\u011bs\u00ed\u010dn\u00edho pr\u016ftoku, v\u00a0povod\u00ed Mal\u0161e\u00a0dokonce v\u00a0rozmez\u00ed \u010dty\u0159\u00a0a\u017e 12\u00a0procent.<\/p>\n<p class=\"e_bX\">Extr\u00e9mn\u011b n\u00edzk\u00e9 pr\u016ftoky pak povod\u00ed pozoruje nap\u0159\u00edklad v\u00a0povod\u00ed Radbuzy, M\u017ee, \u00daslavy, Rakovnick\u00e9ho potoka, ale i\u00a0na dal\u0161\u00edch m\u00edstech.\u00a0Na Radbuze povod\u00ed zaznamenalo nejni\u017e\u0161\u00ed pr\u016ftoky za celou dobu pozorov\u00e1n\u00ed, na \u0159ad\u011b jin\u00fdch m\u00edst se pr\u016ftoky historick\u00fdm minim\u016fm bl\u00ed\u017e\u00ed.<\/p>\n<p class=\"e_bX\">\u201eVelmi n\u00edzk\u00e9 pr\u016ftoky se vyskytuj\u00ed i\u00a0na nepozorovan\u00fdch drobn\u00fdch vodn\u00edch toc\u00edch, nejsou v\u00fdjime\u010dn\u00e9 p\u0159\u00edpady i\u00a0zcela vyschl\u00fdch koryt drobn\u00fdch vodn\u00edch tok\u016f nebo jejich d\u00edl\u010d\u00edch \u00fasek\u016f. Z\u00a0v\u00fdznamn\u00fdch vodn\u00edch tok\u016f aktu\u00e1ln\u011b evidujeme t\u00e9m\u011b\u0159 nulov\u00e9 pr\u016ftoky nebo ji\u017e lok\u00e1ln\u011b \u010di zcela vyschl\u00e1 koryta nap\u0159\u00edklad na \u00datersk\u00e9m potoce, \u00dahlavce, T\u0159emo\u0161n\u00e9, St\u0159ele nad vodn\u00ed n\u00e1dr\u017e\u00ed\u00a0\u017dlutice, Rakovnick\u00e9m potoce,\u201c stoj\u00ed v\u00a0informa\u010dn\u00ed zpr\u00e1v\u011b.<\/p>\n<p class=\"e_bX\">\u201eP\u0159\u00e1li bychom si nyn\u00ed setrval\u00fd, vydatn\u011bj\u0161\u00ed d\u00e9\u0161\u0165, aby se voda stihla zas\u00e1knout do krajiny a\u00a0vodn\u00ed toky a\u00a0n\u00e1dr\u017ee se op\u011bt naplnily. V\u00a0posledn\u00edch letech \u010del\u00edme velk\u00e9mu nedostatku atmosf\u00e9rick\u00fdch sr\u00e1\u017eek,\u201c uzav\u0159ela mluv\u010d\u00ed povod\u00ed Mertl.<\/p>\n","protected":false},"excerpt":{"rendered":"P\u011btina b\u011b\u017en\u00e9ho pr\u016ftoku, rekordn\u00ed sucho i\u00a0nedostatek vody pro obyvatele. M\u011bsto Su\u0161ice na jihu \u010cech se pot\u00fdk\u00e1 s\u00a0hydrologick\u00fdm suchem,&hellip;\n","protected":false},"author":2,"featured_media":168907,"comment_status":"","ping_status":"","sticky":false,"template":"","format":"standard","meta":{"footnotes":"","_share_on_mastodon":"0"},"categories":[7],"tags":[43,42,41,40,7031,41539],"class_list":["post-168906","post","type-post","status-publish","format-standard","has-post-thumbnail","category-cesko","tag-ceska-republika","tag-cesko","tag-czech-republic","tag-czechia","tag-sucho","tag-susice"],"share_on_mastodon":{"url":"https:\/\/pubeurope.com\/@cz\/117041293492636991","error":""},"_links":{"self":[{"href":"https:\/\/www.europesays.com\/cz\/wp-json\/wp\/v2\/posts\/168906","targetHints":{"allow":["GET"]}}],"collection":[{"href":"https:\/\/www.europesays.com\/cz\/wp-json\/wp\/v2\/posts"}],"about":[{"href":"https:\/\/www.europesays.com\/cz\/wp-json\/wp\/v2\/types\/post"}],"author":[{"embeddable":true,"href":"https:\/\/www.europesays.com\/cz\/wp-json\/wp\/v2\/users\/2"}],"replies":[{"embeddable":true,"href":"https:\/\/www.europesays.com\/cz\/wp-json\/wp\/v2\/comments?post=168906"}],"version-history":[{"count":0,"href":"https:\/\/www.europesays.com\/cz\/wp-json\/wp\/v2\/posts\/168906\/revisions"}],"wp:featuredmedia":[{"embeddable":true,"href":"https:\/\/www.europesays.com\/cz\/wp-json\/wp\/v2\/media\/168907"}],"wp:attachment":[{"href":"https:\/\/www.europesays.com\/cz\/wp-json\/wp\/v2\/media?parent=168906"}],"wp:term":[{"taxonomy":"category","embeddable":true,"href":"https:\/\/www.europesays.com\/cz\/wp-json\/wp\/v2\/categories?post=168906"},{"taxonomy":"post_tag","embeddable":true,"href":"https:\/\/www.europesays.com\/cz\/wp-json\/wp\/v2\/tags?post=168906"}],"curies":[{"name":"wp","href":"https:\/\/api.w.org\/{rel}","templated":true}]}}