{"id":169006,"date":"2026-08-05T07:52:06","date_gmt":"2026-08-05T07:52:06","guid":{"rendered":"https:\/\/www.europesays.com\/cz\/169006\/"},"modified":"2026-08-05T07:52:06","modified_gmt":"2026-08-05T07:52:06","slug":"predstavitel-ptacka-z-kcd2-v-cesku-buduje-stredovekou-hospodu","status":"publish","type":"post","link":"https:\/\/www.europesays.com\/cz\/169006\/","title":{"rendered":"P\u0159edstavitel Pt\u00e1\u010dka z KCD2 v \u010cesku buduje st\u0159edov\u011bkou hospodu"},"content":{"rendered":"<p>P\u0159edstavitel Jana Pt\u00e1\u010dka z Kingdom Come: Deliverance si v centru Prahy koupil starou hospodu. Luke Dale ho chce prom\u011bnit ve vlastn\u00ed st\u0159edov\u011bk\u00fd podnik.<\/p>\n<p>\t\t\t\t\t\t\tLuke Dale v Praze buduje vlastn\u00ed st\u0159edov\u011bce lad\u011bnou hospoduPodnik ponese n\u00e1zev Nobleman a vznik\u00e1 ve star\u00fdch sklepn\u00edch prostor\u00e1chDatum otev\u0159en\u00ed ani p\u0159esn\u00e1 adresa zat\u00edm nebyly ozn\u00e1meny<\/p>\n<p>Luke Dale, kter\u00e9ho budete zn\u00e1t p\u0159edev\u0161\u00edm jako p\u0159edstavitele Jana Pt\u00e1\u010dka z <a target=\"_blank\" rel=\"noopener noreferrer sponsored nofollow\" href=\"https:\/\/www.smarty.cz\/kingdom-come-deliverance-2-4c11031\">Kingdom Come: Deliverance <\/a>2, se rozhodl z\u016fstat st\u0159edov\u011bku nabl\u00edzku i mimo hry. V centru Prahy si po\u0159\u00eddil podnik, ze kter\u00e9ho chce postupn\u011b vytvo\u0159it vlastn\u00ed st\u0159edov\u011bkou hospodu.<\/p>\n<p>Podnik m\u00e1 n\u00e9st n\u00e1zev Nobleman a podle dosavadn\u00edch pl\u00e1n\u016f nep\u016fjde jen o oby\u010dejn\u00fd bar s n\u011bkolika historick\u00fdmi dekoracemi. Dale chce vybudovat m\u00edsto, kter\u00e9 bude p\u016fsobit jako skute\u010dn\u00e1 star\u00e1 kr\u010dma. Interi\u00e9r m\u00e1 b\u00fdt osv\u011btlen\u00fd sv\u00ed\u010dkami a n\u00e1v\u0161t\u011bvn\u00edci by se v n\u011bm m\u011bli alespo\u0148 na chv\u00edli odpoutat od modern\u00edho sv\u011bta. K otev\u0159en\u00ed m\u00e1 ale hospoda je\u0161t\u011b pom\u011brn\u011b daleko. Ve zve\u0159ejn\u011bn\u00e9m videu herec uk\u00e1zal sou\u010dasn\u00fd stav prostor, kter\u00e9 \u010dek\u00e1 rozs\u00e1hl\u00e1 rekonstrukce. Pot\u0159eba bude nov\u00e1 podlaha, osv\u011btlen\u00ed, vybaven\u00ed i celkov\u00e1 \u00faprava interi\u00e9ru. Prom\u011bnu podniku chce Dale postupn\u011b dokumentovat.<\/p>\n<p>Spojen\u00ed s Kingdom Come se samoz\u0159ejm\u011b nab\u00edz\u00ed. Luke Dale prop\u016fj\u010dil Janu Pt\u00e1\u010dkovi hlas, podobu i pohyby a pr\u00e1v\u011b d\u00edky \u010desk\u00e9 historick\u00e9 s\u00e9rii si z\u00edskal velk\u00e9 mno\u017estv\u00ed fanou\u0161k\u016f. P\u0159esnou adresu ani datum otev\u0159en\u00ed zat\u00edm neprozradil. Jist\u00e9 je pouze to, \u017ee Nobleman vznik\u00e1 v centru Prahy a pr\u00e1ce na jeho prom\u011bn\u011b u\u017e za\u010daly.<\/p>\n<p>Pravideln\u00fd p\u0159ehled novinek<\/p>\n<p>\n\t\tV\u011bd\u011bl(a) jsi, \u017ee pravideln\u011b odes\u00edl\u00e1me p\u0159ehled novinek? P\u0159ihlas se k odb\u011bru mailov\u00e9ho newsletteru ve sv\u00e9m profilu.<br \/>\n\t\tV\u00edce informac\u00ed najde\u0161<br \/>\n\t\t<a href=\"https:\/\/hrej.cz\/t\/newsletter\" rel=\"nofollow noopener\" target=\"_blank\">zde<\/a>.<\/p>\n<p>\t\tPod\u00edvej se na<br \/>\n\t\t<a href=\"https:\/\/hrej.cz\/preview-mail\/mail\/lvvbzg0bnxoxfktklrz6ln2k5wf8mclp9xhx2esfvweeg12bt86m5cvvyni24h6k\" target=\"_blank\" rel=\"nofollow noopener\">uk\u00e1zku<\/a>.\n\t<\/p>\n","protected":false},"excerpt":{"rendered":"P\u0159edstavitel Jana Pt\u00e1\u010dka z Kingdom Come: Deliverance si v centru Prahy koupil starou hospodu. Luke Dale ho chce&hellip;\n","protected":false},"author":2,"featured_media":169007,"comment_status":"","ping_status":"","sticky":false,"template":"","format":"standard","meta":{"footnotes":"","_share_on_mastodon":"0"},"categories":[13],"tags":[42,1866,41568,1902,99,74,73,78,75,77,76],"class_list":["post-169006","post","type-post","status-publish","format-standard","has-post-thumbnail","category-veda-a-technika","tag-cesko","tag-kingdom-come-deliverance","tag-luke-dale","tag-novinka","tag-praha","tag-science","tag-science-technology","tag-technika","tag-technology","tag-veda","tag-veda-a-technika"],"share_on_mastodon":{"url":"https:\/\/pubeurope.com\/@cz\/117041820161462257","error":""},"_links":{"self":[{"href":"https:\/\/www.europesays.com\/cz\/wp-json\/wp\/v2\/posts\/169006","targetHints":{"allow":["GET"]}}],"collection":[{"href":"https:\/\/www.europesays.com\/cz\/wp-json\/wp\/v2\/posts"}],"about":[{"href":"https:\/\/www.europesays.com\/cz\/wp-json\/wp\/v2\/types\/post"}],"author":[{"embeddable":true,"href":"https:\/\/www.europesays.com\/cz\/wp-json\/wp\/v2\/users\/2"}],"replies":[{"embeddable":true,"href":"https:\/\/www.europesays.com\/cz\/wp-json\/wp\/v2\/comments?post=169006"}],"version-history":[{"count":0,"href":"https:\/\/www.europesays.com\/cz\/wp-json\/wp\/v2\/posts\/169006\/revisions"}],"wp:featuredmedia":[{"embeddable":true,"href":"https:\/\/www.europesays.com\/cz\/wp-json\/wp\/v2\/media\/169007"}],"wp:attachment":[{"href":"https:\/\/www.europesays.com\/cz\/wp-json\/wp\/v2\/media?parent=169006"}],"wp:term":[{"taxonomy":"category","embeddable":true,"href":"https:\/\/www.europesays.com\/cz\/wp-json\/wp\/v2\/categories?post=169006"},{"taxonomy":"post_tag","embeddable":true,"href":"https:\/\/www.europesays.com\/cz\/wp-json\/wp\/v2\/tags?post=169006"}],"curies":[{"name":"wp","href":"https:\/\/api.w.org\/{rel}","templated":true}]}}